{"id":62944,"date":"2018-04-20T10:47:38","date_gmt":"2018-04-20T06:47:38","guid":{"rendered":""},"modified":"-0001-11-30T00:00:00","modified_gmt":"-0001-11-29T20:00:00","slug":"","status":"publish","type":"post","link":"https:\/\/ucnoqta.az\/?p=62944","title":{"rendered":"Xalq artisti qalmaqall\u0131 fotosundan dan\u0131\u015fd\u0131"},"content":{"rendered":"<p><strong>\u200b&ldquo;Onlar \u015f\u0259klimi &ccedil;\u0259km\u0259k ist\u0259y\u0259nd\u0259 t\u0259hrif\u0259 yol veribl\u0259r&quot;<\/strong><\/p>\n<p>Xalq artisti, Bak\u0131 B\u0259l\u0259diyy\u0259 Teatr\u0131n\u0131n direktoru Amaliya P\u0259nahova m&uuml;zakir\u0259l\u0259r\u0259 s\u0259b\u0259b olan fotosundan dan\u0131\u015f\u0131b.&nbsp; Ucnoqta.az &ldquo;Qafqazinfo&rdquo;ya istinad\u0259n x\u0259b\u0259r verir ki, m\u0259\u015fhur aktrisa ATV kanal\u0131nda yay\u0131mlanan &ldquo;Biziml\u0259s\u0259n&rdquo; proqram\u0131na telefonla ba\u011flanaraq a&ccedil;\u0131qlama verib:<\/p>\n<p>&ldquo;Onlar \u015f\u0259klimi &ccedil;\u0259km\u0259k ist\u0259y\u0259nd\u0259 t\u0259hrif\u0259 yol veribl\u0259r. D&uuml;n\u0259n ba\u015fqa foto da &ccedil;\u0259kilmi\u015fdir. \u0130ndi m\u0259nim telefonumdad\u0131r. O fotonu g&ouml;nd\u0259r\u0259 bil\u0259r\u0259m. Sad\u0259c\u0259 olaraq bu ed\u0259nl\u0259r m\u0259xsusi olaraq i\u015f\u0131\u011f\u0131 d&uuml;z tutmurlar, t\u0259sad&uuml;f\u0259n &ccedil;\u0259kirl\u0259r.&nbsp; Biri \u0259lini k&uuml;r\u0259yin\u0259 qoyub \u015f\u0259kil &ccedil;\u0259kdi. El\u0259 foto nec\u0259 al\u0131nmal\u0131d\u0131r? M\u0259n d\u0259 camaat\u0131n aras\u0131nda skandal etm\u0259k ist\u0259mir\u0259m. Onlara n\u0259 dem\u0259liy\u0259m? Bu, birinci h\u0259r\u0259k\u0259t deyil. M\u0259ni t\u0259kl\u0259yibl\u0259r. G&ouml;r&uuml;n&uuml;r ki, aidiyyat\u0131 orqanlara m&uuml;raci\u0259t etm\u0259liy\u0259m&rdquo;.&nbsp;<\/p>\n","protected":false},"excerpt":{"rendered":"<p>\u200b&ldquo;Onlar \u015f\u0259klimi &ccedil;\u0259km\u0259k ist\u0259y\u0259nd\u0259 t\u0259hrif\u0259 yol veribl\u0259r&quot; Xalq artisti, Bak\u0131 B\u0259l\u0259diyy\u0259 Teatr\u0131n\u0131n direktoru Amaliya P\u0259nahova m&uuml;zakir\u0259l\u0259r\u0259 s\u0259b\u0259b olan fotosundan dan\u0131\u015f\u0131b.&nbsp; Ucnoqta.az &ldquo;Qafqazinfo&rdquo;ya istinad\u0259n x\u0259b\u0259r verir ki, m\u0259\u015fhur aktrisa ATV kanal\u0131nda&hellip;<\/p>\n","protected":false},"author":1,"featured_media":251278,"comment_status":"open","ping_status":"open","sticky":false,"template":"","format":"standard","meta":{"_lmt_disableupdate":"","_lmt_disable":"","footnotes":""},"categories":[92],"tags":[],"class_list":["post-62944","post","type-post","status-publish","format-standard","has-post-thumbnail","hentry","category-maqazin"],"_links":{"self":[{"href":"https:\/\/ucnoqta.az\/index.php?rest_route=\/wp\/v2\/posts\/62944","targetHints":{"allow":["GET"]}}],"collection":[{"href":"https:\/\/ucnoqta.az\/index.php?rest_route=\/wp\/v2\/posts"}],"about":[{"href":"https:\/\/ucnoqta.az\/index.php?rest_route=\/wp\/v2\/types\/post"}],"author":[{"embeddable":true,"href":"https:\/\/ucnoqta.az\/index.php?rest_route=\/wp\/v2\/users\/1"}],"replies":[{"embeddable":true,"href":"https:\/\/ucnoqta.az\/index.php?rest_route=%2Fwp%2Fv2%2Fcomments&post=62944"}],"version-history":[{"count":0,"href":"https:\/\/ucnoqta.az\/index.php?rest_route=\/wp\/v2\/posts\/62944\/revisions"}],"wp:featuredmedia":[{"embeddable":true,"href":"https:\/\/ucnoqta.az\/index.php?rest_route=\/wp\/v2\/media\/251278"}],"wp:attachment":[{"href":"https:\/\/ucnoqta.az\/index.php?rest_route=%2Fwp%2Fv2%2Fmedia&parent=62944"}],"wp:term":[{"taxonomy":"category","embeddable":true,"href":"https:\/\/ucnoqta.az\/index.php?rest_route=%2Fwp%2Fv2%2Fcategories&post=62944"},{"taxonomy":"post_tag","embeddable":true,"href":"https:\/\/ucnoqta.az\/index.php?rest_route=%2Fwp%2Fv2%2Ftags&post=62944"}],"curies":[{"name":"wp","href":"https:\/\/api.w.org\/{rel}","templated":true}]}}