{"id":62934,"date":"2018-04-20T00:28:48","date_gmt":"2018-04-19T20:28:48","guid":{"rendered":""},"modified":"-0001-11-30T00:00:00","modified_gmt":"-0001-11-29T20:00:00","slug":"","status":"publish","type":"post","link":"https:\/\/ucnoqta.az\/?p=62934","title":{"rendered":"\u0130raq\u0131n H\u0259rbi Hava Q\u00fcvv\u0259l\u0259ri Suriyan\u0131 bombalay\u0131b"},"content":{"rendered":"<p>\u0130raq\u0131n H\u0259rbi Hava Q\u00fcvv\u0259l\u0259ri \u0130\u015e\u0130D-in Suriyadak\u0131 m\u00f6vqel\u0259rin\u0259 z\u0259rb\u0259l\u0259r endirib.<\/p>\n<p>&#8220;Report&#8221; &#8220;Anadolu&#8221; agentliyin\u0259 istinad\u0259n x\u0259b\u0259r verir ki, bu bar\u0259d\u0259 \u0130raq\u0131n ba\u015f nazirinin administrasiyas\u0131 bildirib.<\/p>\n<p>M\u0259lumatda qeyd edilir ki, hava z\u0259rb\u0259l\u0259ri \u0130\u015e\u0130D-in \u0130raq \u00fc\u00e7\u00fcn t\u0259hl\u00fck\u0259 t\u00f6r\u0259tdiyi \u00fc\u00e7\u00fcn endirilib. &#8220;Bundan \u0259lav\u0259, z\u0259rb\u0259l\u0259r regionda terror\u00e7ulu\u011fa qar\u015f\u0131 m\u00fcbariz\u0259y\u0259 t\u00f6hf\u0259 ver\u0259c\u0259k&#8221;, &#8211; dey\u0259 m\u0259lumatda qeyd edilir.<\/p>\n<p>Qeyd ed\u0259k ki, \u0130raq\u0131n ba\u015f naziri Heyd\u0259r \u0259l-Abadi bir m\u00fcdd\u0259t \u0259vv\u0259l\u00a0\u00f6lk\u0259sind\u0259 \u0130\u015e\u0130D \u00fcz\u0259rind\u0259 tam q\u0259l\u0259b\u0259 qazan\u0131ld\u0131\u011f\u0131n\u0131 b\u0259yan edib. Ba\u015f nazirin s\u00f6zl\u0259rin\u0259 g\u00f6r\u0259, buna baxmayaraq \u0130raq \u0130\u015e\u0130D terror\u00e7ular\u0131na qar\u015f\u0131 m\u00fcbariz\u0259ni davam etdir\u0259c\u0259k.\u00a0<\/p>\n","protected":false},"excerpt":{"rendered":"<p>\u0130raq\u0131n H\u0259rbi Hava Q\u00fcvv\u0259l\u0259ri \u0130\u015e\u0130D-in Suriyadak\u0131 m\u00f6vqel\u0259rin\u0259 z\u0259rb\u0259l\u0259r endirib. &#8220;Report&#8221; &#8220;Anadolu&#8221; agentliyin\u0259 istinad\u0259n x\u0259b\u0259r verir ki, bu bar\u0259d\u0259 \u0130raq\u0131n ba\u015f nazirinin administrasiyas\u0131 bildirib. M\u0259lumatda qeyd edilir ki, hava z\u0259rb\u0259l\u0259ri \u0130\u015e\u0130D-in&hellip;<\/p>\n","protected":false},"author":1,"featured_media":251278,"comment_status":"open","ping_status":"open","sticky":false,"template":"","format":"standard","meta":{"_lmt_disableupdate":"","_lmt_disable":"","footnotes":""},"categories":[89],"tags":[],"class_list":["post-62934","post","type-post","status-publish","format-standard","has-post-thumbnail","hentry","category-dunya-butun-xeberler"],"_links":{"self":[{"href":"https:\/\/ucnoqta.az\/index.php?rest_route=\/wp\/v2\/posts\/62934","targetHints":{"allow":["GET"]}}],"collection":[{"href":"https:\/\/ucnoqta.az\/index.php?rest_route=\/wp\/v2\/posts"}],"about":[{"href":"https:\/\/ucnoqta.az\/index.php?rest_route=\/wp\/v2\/types\/post"}],"author":[{"embeddable":true,"href":"https:\/\/ucnoqta.az\/index.php?rest_route=\/wp\/v2\/users\/1"}],"replies":[{"embeddable":true,"href":"https:\/\/ucnoqta.az\/index.php?rest_route=%2Fwp%2Fv2%2Fcomments&post=62934"}],"version-history":[{"count":0,"href":"https:\/\/ucnoqta.az\/index.php?rest_route=\/wp\/v2\/posts\/62934\/revisions"}],"wp:featuredmedia":[{"embeddable":true,"href":"https:\/\/ucnoqta.az\/index.php?rest_route=\/wp\/v2\/media\/251278"}],"wp:attachment":[{"href":"https:\/\/ucnoqta.az\/index.php?rest_route=%2Fwp%2Fv2%2Fmedia&parent=62934"}],"wp:term":[{"taxonomy":"category","embeddable":true,"href":"https:\/\/ucnoqta.az\/index.php?rest_route=%2Fwp%2Fv2%2Fcategories&post=62934"},{"taxonomy":"post_tag","embeddable":true,"href":"https:\/\/ucnoqta.az\/index.php?rest_route=%2Fwp%2Fv2%2Ftags&post=62934"}],"curies":[{"name":"wp","href":"https:\/\/api.w.org\/{rel}","templated":true}]}}