{"id":62932,"date":"2018-04-19T21:00:18","date_gmt":"2018-04-19T17:00:18","guid":{"rendered":""},"modified":"-0001-11-30T00:00:00","modified_gmt":"-0001-11-29T20:00:00","slug":"","status":"publish","type":"post","link":"https:\/\/ucnoqta.az\/?p=62932","title":{"rendered":"Avropa Komissiyas\u0131n\u0131n prezidenti \u0130lham \u018fliyevi t\u0259brik edib"},"content":{"rendered":"<p>Avropa Komissiyas\u0131n\u0131n prezidenti Jan-Klod Yunker Az\u0259rbaycan Respublikas\u0131n\u0131n Prezidenti\u00a0\u0130lham \u018fliyev\u0259 t\u0259brik m\u0259ktubu \u00fcnvanlay\u0131b.\u00a0<\/p>\n<p>T\u0259brikd\u0259 deyilir:\u00a0<\/p>\n<p>&#8220;C\u0259nab Prezident.<\/p>\n<p>\u0130caz\u0259 verin, yenid\u0259n Az\u0259rbaycan Respublikas\u0131n\u0131n Prezidenti se\u00e7ilm\u0259yiniz m\u00fcnasib\u0259til\u0259 Sizi t\u0259brik edim.<\/p>\n<p>\u00dcmidvaram ki, yeni mandat\u0131n\u0131z Az\u0259rbaycan il\u0259 Avropa \u0130ttifaq\u0131 aras\u0131nda m\u00fcnasib\u0259tl\u0259rin d\u0259rinl\u0259\u015fdirilm\u0259si, x\u00fcsus\u0259n d\u0259 fundamental d\u0259y\u0259rl\u0259r\u0259 v\u0259 prinsipl\u0259r\u0259, o c\u00fcml\u0259d\u0259n siyasi v\u0259 iqtisadi maraqlar\u0131m\u0131za s\u00f6yk\u0259n\u0259n daha \u0259hat\u0259li yeni ikit\u0259r\u0259fli sazi\u015f \u00fczr\u0259 apar\u0131lan dan\u0131\u015f\u0131qlar\u0131n yekunla\u015fd\u0131r\u0131lmas\u0131 \u00fc\u00e7\u00fcn z\u0259min yaradacaq. Bizim vacib hesab etdiyimiz m\u0259s\u0259l\u0259l\u0259rin m\u0259rk\u0259zind\u0259 fundamental h\u00fcquqlara v\u0259 demokratik prinsipl\u0259r\u0259 h\u00f6rm\u0259t hissi dayan\u0131r v\u0259 m\u0259n Sizin h\u0259min m\u00fch\u00fcm d\u0259y\u0259rl\u0259r istiqam\u0259tind\u0259 q\u0259tiyy\u0259tli f\u0259aliyy\u0259t g\u00f6st\u0259r\u0259c\u0259yiniz\u0259 \u0259min\u0259m.<\/p>\n<p>C\u0259nab Prezident, \u0259n xo\u015f arzular\u0131m\u0131 q\u0259bul etm\u0259yinizi xahi\u015f edir\u0259m&#8221;.<\/p>\n","protected":false},"excerpt":{"rendered":"<p>Avropa Komissiyas\u0131n\u0131n prezidenti Jan-Klod Yunker Az\u0259rbaycan Respublikas\u0131n\u0131n Prezidenti\u00a0\u0130lham \u018fliyev\u0259 t\u0259brik m\u0259ktubu \u00fcnvanlay\u0131b.\u00a0 T\u0259brikd\u0259 deyilir:\u00a0 &#8220;C\u0259nab Prezident. \u0130caz\u0259 verin, yenid\u0259n Az\u0259rbaycan Respublikas\u0131n\u0131n Prezidenti se\u00e7ilm\u0259yiniz m\u00fcnasib\u0259til\u0259 Sizi t\u0259brik edim. \u00dcmidvaram ki, yeni&hellip;<\/p>\n","protected":false},"author":1,"featured_media":251278,"comment_status":"open","ping_status":"open","sticky":false,"template":"","format":"standard","meta":{"_lmt_disableupdate":"","_lmt_disable":"","footnotes":""},"categories":[],"tags":[],"class_list":["post-62932","post","type-post","status-publish","format-standard","has-post-thumbnail","hentry"],"_links":{"self":[{"href":"https:\/\/ucnoqta.az\/index.php?rest_route=\/wp\/v2\/posts\/62932","targetHints":{"allow":["GET"]}}],"collection":[{"href":"https:\/\/ucnoqta.az\/index.php?rest_route=\/wp\/v2\/posts"}],"about":[{"href":"https:\/\/ucnoqta.az\/index.php?rest_route=\/wp\/v2\/types\/post"}],"author":[{"embeddable":true,"href":"https:\/\/ucnoqta.az\/index.php?rest_route=\/wp\/v2\/users\/1"}],"replies":[{"embeddable":true,"href":"https:\/\/ucnoqta.az\/index.php?rest_route=%2Fwp%2Fv2%2Fcomments&post=62932"}],"version-history":[{"count":0,"href":"https:\/\/ucnoqta.az\/index.php?rest_route=\/wp\/v2\/posts\/62932\/revisions"}],"wp:featuredmedia":[{"embeddable":true,"href":"https:\/\/ucnoqta.az\/index.php?rest_route=\/wp\/v2\/media\/251278"}],"wp:attachment":[{"href":"https:\/\/ucnoqta.az\/index.php?rest_route=%2Fwp%2Fv2%2Fmedia&parent=62932"}],"wp:term":[{"taxonomy":"category","embeddable":true,"href":"https:\/\/ucnoqta.az\/index.php?rest_route=%2Fwp%2Fv2%2Fcategories&post=62932"},{"taxonomy":"post_tag","embeddable":true,"href":"https:\/\/ucnoqta.az\/index.php?rest_route=%2Fwp%2Fv2%2Ftags&post=62932"}],"curies":[{"name":"wp","href":"https:\/\/api.w.org\/{rel}","templated":true}]}}