{"id":62931,"date":"2018-04-19T20:54:14","date_gmt":"2018-04-19T16:54:14","guid":{"rendered":""},"modified":"-0001-11-30T00:00:00","modified_gmt":"-0001-11-29T20:00:00","slug":"","status":"publish","type":"post","link":"https:\/\/ucnoqta.az\/?p=62931","title":{"rendered":"<font color=red><b>Almaniya Prezidenti\u00a0\u0130lham \u018fliyev\u0259 t\u0259brik m\u0259ktubu \u00fcnvanlay\u0131b<\/b><\/font>"},"content":{"rendered":"<p>Almaniya Federativ Respublikas\u0131n\u0131n Prezidenti Frank-Valter \u015etaynmayer Az\u0259rbaycan Respublikas\u0131n\u0131n Prezidenti\u00a0\u0130lham \u018fliyev\u0259 t\u0259brik m\u0259ktubu \u00fcnvanlay\u0131b.\u00a0<\/p>\n<p>T\u0259brik m\u0259tnind\u0259 deyilir:\u00a0<\/p>\n<p>&#8220;H\u00f6rm\u0259tli c\u0259nab Prezident.<\/p>\n<p>Prezidentliyinizin yeni d\u00f6n\u0259mind\u0259 Siz\u0259 s\u0259mimi q\u0259lbd\u0259n ali d\u00f6vl\u0259ti v\u0259zif\u0259nizin icras\u0131nda b\u00f6y\u00fck q\u00fcvv\u0259t, u\u011furlar v\u0259 m\u00fcv\u0259ff\u0259qiyy\u0259tl\u0259r arzu edir\u0259m.<\/p>\n<p>Almaniya g\u0259l\u0259c\u0259kd\u0259 d\u0259 Az\u0259rbaycan\u0131n etibarl\u0131 t\u0259r\u0259fda\u015f\u0131 olaraq qalacaqd\u0131r. Biz birlikd\u0259 ikit\u0259r\u0259fli m\u00fcnasib\u0259tl\u0259rimizi geni\u015fl\u0259ndirm\u0259k ist\u0259yirik. Az\u0259rbaycan g\u0259l\u0259c\u0259kd\u0259 d\u0259 h\u0259yata ke\u00e7irilm\u0259si n\u0259z\u0259rd\u0259 tutulan islahatlar prosesind\u0259 daim Almaniyan\u0131n d\u0259st\u0259yin\u0259 g\u00fcv\u0259n\u0259 bil\u0259r.<\/p>\n<p>Biz Sizin \u00f6lk\u0259nizl\u0259 \u0259m\u0259kda\u015fl\u0131\u011f\u0131m\u0131z\u0131 AT\u018fT v\u0259\u00a0Avropa \u015euras\u0131\u00a0kimi qurumlar\u0131n t\u0259rkibind\u0259 davam etdirm\u0259y\u0259 \u00fcmid edirik v\u0259 m\u0259mnuniyy\u0259tl\u0259 Az\u0259rbaycan il\u0259 Avropa \u0130ttifaq\u0131 aras\u0131nda \u0259laq\u0259l\u0259rin daha da g\u00fccl\u0259nm\u0259sin\u0259 s\u0259y g\u00f6st\u0259rm\u0259y\u0259 haz\u0131r\u0131q&#8221;.<\/p>\n","protected":false},"excerpt":{"rendered":"<p>Almaniya Federativ Respublikas\u0131n\u0131n Prezidenti Frank-Valter \u015etaynmayer Az\u0259rbaycan Respublikas\u0131n\u0131n Prezidenti\u00a0\u0130lham \u018fliyev\u0259 t\u0259brik m\u0259ktubu \u00fcnvanlay\u0131b.\u00a0 T\u0259brik m\u0259tnind\u0259 deyilir:\u00a0 &#8220;H\u00f6rm\u0259tli c\u0259nab Prezident. Prezidentliyinizin yeni d\u00f6n\u0259mind\u0259 Siz\u0259 s\u0259mimi q\u0259lbd\u0259n ali d\u00f6vl\u0259ti v\u0259zif\u0259nizin icras\u0131nda b\u00f6y\u00fck&hellip;<\/p>\n","protected":false},"author":1,"featured_media":251278,"comment_status":"open","ping_status":"open","sticky":false,"template":"","format":"standard","meta":{"_lmt_disableupdate":"","_lmt_disable":"","footnotes":""},"categories":[],"tags":[],"class_list":["post-62931","post","type-post","status-publish","format-standard","has-post-thumbnail","hentry"],"_links":{"self":[{"href":"https:\/\/ucnoqta.az\/index.php?rest_route=\/wp\/v2\/posts\/62931","targetHints":{"allow":["GET"]}}],"collection":[{"href":"https:\/\/ucnoqta.az\/index.php?rest_route=\/wp\/v2\/posts"}],"about":[{"href":"https:\/\/ucnoqta.az\/index.php?rest_route=\/wp\/v2\/types\/post"}],"author":[{"embeddable":true,"href":"https:\/\/ucnoqta.az\/index.php?rest_route=\/wp\/v2\/users\/1"}],"replies":[{"embeddable":true,"href":"https:\/\/ucnoqta.az\/index.php?rest_route=%2Fwp%2Fv2%2Fcomments&post=62931"}],"version-history":[{"count":0,"href":"https:\/\/ucnoqta.az\/index.php?rest_route=\/wp\/v2\/posts\/62931\/revisions"}],"wp:featuredmedia":[{"embeddable":true,"href":"https:\/\/ucnoqta.az\/index.php?rest_route=\/wp\/v2\/media\/251278"}],"wp:attachment":[{"href":"https:\/\/ucnoqta.az\/index.php?rest_route=%2Fwp%2Fv2%2Fmedia&parent=62931"}],"wp:term":[{"taxonomy":"category","embeddable":true,"href":"https:\/\/ucnoqta.az\/index.php?rest_route=%2Fwp%2Fv2%2Fcategories&post=62931"},{"taxonomy":"post_tag","embeddable":true,"href":"https:\/\/ucnoqta.az\/index.php?rest_route=%2Fwp%2Fv2%2Ftags&post=62931"}],"curies":[{"name":"wp","href":"https:\/\/api.w.org\/{rel}","templated":true}]}}