{"id":62930,"date":"2018-04-19T17:51:22","date_gmt":"2018-04-19T13:51:22","guid":{"rendered":""},"modified":"-0001-11-30T00:00:00","modified_gmt":"-0001-11-29T20:00:00","slug":"","status":"publish","type":"post","link":"https:\/\/ucnoqta.az\/?p=62930","title":{"rendered":"General Novruz\u0259li Orucovun o\u011flunun m\u0259hk\u0259m\u0259sind\u0259 \u015fahid c\u0259rim\u0259l\u0259nib"},"content":{"rendered":"<p><strong>Bu g&uuml;n Bak\u0131 Apellyasiya M\u0259hk\u0259m\u0259sind\u0259 xuliqanl\u0131q h\u0259r\u0259k\u0259ti etm\u0259kd\u0259 t\u0259qsirl\u0259ndiril\u0259n R&uuml;st\u0259m Orucov, P\u0259rviz Abbasov v\u0259 K\u0259nan V\u0259liyevin bar\u0259l\u0259rind\u0259 olan h&ouml;kmd\u0259n veril\u0259n apellyasiya \u015fikay\u0259ti &uuml;zr\u0259 m\u0259hk\u0259m\u0259 iclas\u0131 davam etdirilib.<\/strong><\/p>\n<p>Hakim Sahibxan Mirz\u0259yevin s\u0259drliyi il\u0259 ke&ccedil;iril\u0259n prosesd\u0259 \u015fahid qismind\u0259 Elxan X\u0259lilov ifad\u0259 verib.<\/p>\n<p>O, z\u0259r\u0259r&ccedil;\u0259kmi\u015f S\u0259nan S\u0259m\u0259dovla eyni yerd\u0259 s&uuml;r&uuml;c&uuml; v\u0259zif\u0259sind\u0259 &ccedil;al\u0131\u015fd\u0131\u011f\u0131n\u0131 bildirib: &quot;M\u0259n hadis\u0259 yerind\u0259 olmam\u0131\u015fam. Ora g\u0259l\u0259nd\u0259 bir ne&ccedil;\u0259 adam var idi. Dedil\u0259r ki, S\u0259nan\u0131 d&ouml;y&uuml;bl\u0259r. T\u0259qsirl\u0259ndiril\u0259n \u015f\u0259xsl\u0259rd\u0259n he&ccedil; kimi hadis\u0259 yerind\u0259 g&ouml;rm\u0259mi\u015f\u0259m. H\u0259tta S\u0259nan\u0131 da oradan aparm\u0131\u015fd\u0131lar&quot;.<\/p>\n<p>Hakim \u015fahid\u0259 ifad\u0259si il\u0259 ba\u011fl\u0131 sual ver\u0259n zaman R.Orucovun v\u0259kili Kamandar N\u0259sibov ona etiraz edib.<\/p>\n<p>M\u0259hk\u0259m\u0259 v\u0259kilin etiraz\u0131n\u0131 q\u0259bul etm\u0259yib v\u0259 s&ouml;yl\u0259yib ki, hakimin sual\u0131na d&uuml;z\u0259li\u015f etm\u0259k laz\u0131m deyil.<\/p>\n<p>Daha sonra m\u0259hk\u0259m\u0259d\u0259 \u015fahidin ilkin ifad\u0259si elan olunub. Qeyd edib ki, sonuncu dayanaca\u011fa g\u0259l\u0259n zaman S\u0259nan S\u0259m\u0259dov da ora g\u0259lib: &quot;H\u0259min vaxt avtomobild\u0259n 3 n\u0259f\u0259r d&uuml;\u015f&uuml;b, S\u0259nana yax\u0131nla\u015f\u0131b. Sonra onlardan biri S\u0259nan\u0131 yumruqla vurub&quot;.<\/p>\n<p>\u015eahid E.X\u0259lilov bu bar\u0259d\u0259 ifad\u0259 verm\u0259diyini, m&uuml;\u0259yy\u0259n fikirl\u0259rin onun olmad\u0131\u011f\u0131n\u0131 s&ouml;yl\u0259yib.<\/p>\n<p>Hakim \u015fahid\u0259 deyib ki, buna g&ouml;r\u0259 i\u015fi aparan m&uuml;st\u0259ntiq m\u0259hk\u0259m\u0259y\u0259 &ccedil;a\u011f\u0131r\u0131lacaq v\u0259 onunla &uuml;zl\u0259\u015fm\u0259 apar\u0131lacaq.<\/p>\n<p>Daha sonra dig\u0259r \u015fahid El&ccedil;in A\u011fayev dindirilib. O, ifad\u0259 ver\u0259n zaman hadis\u0259 yerin\u0259 \u0259vv\u0259l S\u0259nan S\u0259m\u0259dovun g\u0259ldiyini, daha sonra R.Orucovun g\u0259ldiyini bildirib: &quot;R&uuml;st\u0259m onu vurdu, amma dig\u0259r iki n\u0259f\u0259r is\u0259 S\u0259nana su verib&quot;.<\/p>\n<p>H\u0259min \u015fahidin d\u0259 istintaqa verdiyi ifad\u0259si elan olunub. Onun ifad\u0259si elan olunan zaman \u015fahid buna k\u0259skin etiraz edib v\u0259 yaz\u0131lanlar\u0131n ona aid olmad\u0131\u011f\u0131n\u0131 vur\u011fulay\u0131b.<\/p>\n<p>Hakim \u015fahid E.A\u011fayevin 200 manat m\u0259bl\u0259\u011find\u0259 c\u0259rim\u0259l\u0259yib v\u0259 bunun protokola qeyd edil\u0259c\u0259yini deyib.<\/p>\n<p>\u015eahid m\u0259hk\u0259m\u0259d\u0259 verdiyi ifad\u0259sini t\u0259sdiq etdiyini s&ouml;yl\u0259yib.<\/p>\n<p>M\u0259hk\u0259m\u0259nin n&ouml;vb\u0259ti iclas\u0131 aprelin 24-n\u0259 t\u0259yin edilib.<\/p>\n<p>Qeyd ed\u0259k ki, Ba\u015f Prokurorlu\u011fun yayd\u0131\u011f\u0131 r\u0259smi m\u0259lumata \u0259sas\u0259n, &ouml;t\u0259n il iyulun 3-d\u0259 Bak\u0131 \u015f\u0259h\u0259r sakini R.Orucov s&uuml;r&uuml;c&uuml;l&uuml;k h&uuml;ququndan m\u0259hrum olunmas\u0131na baxmayaraq, idar\u0259 etdiyi BMW markal\u0131 10-OG-300 d&ouml;vl\u0259t n&ouml;mr\u0259 ni\u015fanl\u0131 avtomobill\u0259 yol h\u0259r\u0259k\u0259ti qaydalar\u0131n\u0131 pozdu\u011funa g&ouml;r\u0259, ona \u0259sasl\u0131 irad bildirmi\u015f s&uuml;r&uuml;c&uuml; S\u0259nan S\u0259m\u0259dovun idar\u0259 etdiyi mar\u015frut avtobusunu 8 dayanacaq t\u0259qib ed\u0259r\u0259k s\u0259rni\u015finl\u0259rin narahatl\u0131\u011f\u0131na v\u0259 insanlarda vahim\u0259y\u0259 s\u0259b\u0259b olub, v\u0259t\u0259nda\u015flar\u0131n g&ouml;z&uuml; qar\u015f\u0131s\u0131nda bir qrup \u015f\u0259xsl\u0259 h\u0259min s&uuml;r&uuml;c&uuml;y\u0259 x\u0259sar\u0259tl\u0259r yetir\u0259r\u0259k xuliqanl\u0131q edib. R.Orucov piyadan\u0131n &ouml;l&uuml;m&uuml;n\u0259 s\u0259b\u0259b olan yol-n\u0259qliyyat hadis\u0259si t&ouml;r\u0259dib hadis\u0259 yerind\u0259n qa&ccedil;d\u0131\u011f\u0131na g&ouml;r\u0259, h\u0259l\u0259 2014-c&uuml; ild\u0259 4 il m&uuml;dd\u0259tin\u0259 azadl\u0131qdan m\u0259hrum olub, 2016-c\u0131 ild\u0259 is\u0259 \u015f\u0259rti olaraq vaxt\u0131ndan \u0259vv\u0259l azad edilib. Yuxar\u0131da qeyd olunmu\u015f xuliqanl\u0131q hadis\u0259si d\u0259 m\u0259hz onun \u015f\u0259rti azadl\u0131qda oldu\u011fu d&ouml;vrd\u0259 ba\u015f verib.<\/p>\n<p>Faktla ba\u011fl\u0131 2017-ci il 4 iyul tarixind\u0259 Bin\u0259q\u0259di Rayon Polis \u0130dar\u0259sinin \u0130stintaq \u015f&ouml;b\u0259sind\u0259 Cinay\u0259t M\u0259c\u0259ll\u0259sinin 221.2.1-ci (bir qrup \u015f\u0259xs t\u0259r\u0259find\u0259n xuliqanl\u0131q) madd\u0259si il\u0259 cinay\u0259t i\u015fi ba\u015flan\u0131b.<\/p>\n<p>R.Orucov h\u0259min madd\u0259 il\u0259 ittiham olunaraq bar\u0259sind\u0259 m\u0259hk\u0259m\u0259nin q\u0259rar\u0131 il\u0259 h\u0259bs q\u0259timkan t\u0259dbiri se&ccedil;ilib.<\/p>\n<p>K.V\u0259liyev v\u0259 P.Abbasovun bar\u0259sind\u0259 is\u0259 polis n\u0259zar\u0259ti q\u0259timkan t\u0259dbiri se&ccedil;ilmi\u015fdi.<\/p>\n<p>Bu il yanvar\u0131n 17-d\u0259 Bin\u0259q\u0259di Rayon M\u0259hk\u0259m\u0259sinin h&ouml;km&uuml; il\u0259 R.Orucov 4 il 6 ay, P.Abbasovla K.V\u0259liyevin h\u0259r biri 1 il 6 ay m&uuml;dd\u0259tin\u0259 azadl\u0131qdan m\u0259hrum edilib. P.Abbasov v\u0259 K.V\u0259liyev m\u0259hk\u0259m\u0259 zal\u0131nda h\u0259bs olunub. H&ouml;kmd\u0259n naraz\u0131 qalan \u015f\u0259xsl\u0259r apellyasiya \u015fikay\u0259ti il\u0259 Bak\u0131 Apellyasiya M\u0259hk\u0259m\u0259sin\u0259 m&uuml;raci\u0259t edibl\u0259r.<\/p>\n<p>Xat\u0131rladaq ki, R.Orucov Novruz\u0259li Orucovun o\u011fludur. General-mayor Novruz\u0259li Orucov Prezident \u0130lham \u018fliyevin s\u0259r\u0259ncam\u0131 il\u0259 Az\u0259rbaycan Respublikas\u0131n\u0131n S\u0259f\u0259rb\u0259rlik v\u0259 H\u0259rbi Xidm\u0259t\u0259 &Ccedil;a\u011f\u0131r\u0131\u015f &uuml;zr\u0259 D&ouml;vl\u0259t Xidm\u0259ti r\u0259isinin h\u0259qiqi h\u0259rbi xidm\u0259t\u0259 &ccedil;a\u011f\u0131r\u0131\u015f &uuml;zr\u0259 m&uuml;avini v\u0259zif\u0259sind\u0259n azad edilib.report<\/p>\n","protected":false},"excerpt":{"rendered":"<p>Bu g&uuml;n Bak\u0131 Apellyasiya M\u0259hk\u0259m\u0259sind\u0259 xuliqanl\u0131q h\u0259r\u0259k\u0259ti etm\u0259kd\u0259 t\u0259qsirl\u0259ndiril\u0259n R&uuml;st\u0259m Orucov, P\u0259rviz Abbasov v\u0259 K\u0259nan V\u0259liyevin bar\u0259l\u0259rind\u0259 olan h&ouml;kmd\u0259n veril\u0259n apellyasiya \u015fikay\u0259ti &uuml;zr\u0259 m\u0259hk\u0259m\u0259 iclas\u0131 davam etdirilib. Hakim Sahibxan Mirz\u0259yevin&hellip;<\/p>\n","protected":false},"author":1,"featured_media":251278,"comment_status":"open","ping_status":"open","sticky":false,"template":"","format":"standard","meta":{"_lmt_disableupdate":"","_lmt_disable":"","footnotes":""},"categories":[],"tags":[],"class_list":["post-62930","post","type-post","status-publish","format-standard","has-post-thumbnail","hentry"],"_links":{"self":[{"href":"https:\/\/ucnoqta.az\/index.php?rest_route=\/wp\/v2\/posts\/62930","targetHints":{"allow":["GET"]}}],"collection":[{"href":"https:\/\/ucnoqta.az\/index.php?rest_route=\/wp\/v2\/posts"}],"about":[{"href":"https:\/\/ucnoqta.az\/index.php?rest_route=\/wp\/v2\/types\/post"}],"author":[{"embeddable":true,"href":"https:\/\/ucnoqta.az\/index.php?rest_route=\/wp\/v2\/users\/1"}],"replies":[{"embeddable":true,"href":"https:\/\/ucnoqta.az\/index.php?rest_route=%2Fwp%2Fv2%2Fcomments&post=62930"}],"version-history":[{"count":0,"href":"https:\/\/ucnoqta.az\/index.php?rest_route=\/wp\/v2\/posts\/62930\/revisions"}],"wp:featuredmedia":[{"embeddable":true,"href":"https:\/\/ucnoqta.az\/index.php?rest_route=\/wp\/v2\/media\/251278"}],"wp:attachment":[{"href":"https:\/\/ucnoqta.az\/index.php?rest_route=%2Fwp%2Fv2%2Fmedia&parent=62930"}],"wp:term":[{"taxonomy":"category","embeddable":true,"href":"https:\/\/ucnoqta.az\/index.php?rest_route=%2Fwp%2Fv2%2Fcategories&post=62930"},{"taxonomy":"post_tag","embeddable":true,"href":"https:\/\/ucnoqta.az\/index.php?rest_route=%2Fwp%2Fv2%2Ftags&post=62930"}],"curies":[{"name":"wp","href":"https:\/\/api.w.org\/{rel}","templated":true}]}}