{"id":62920,"date":"2018-04-19T17:04:28","date_gmt":"2018-04-19T13:04:28","guid":{"rendered":""},"modified":"-0001-11-30T00:00:00","modified_gmt":"-0001-11-29T20:00:00","slug":"","status":"publish","type":"post","link":"https:\/\/ucnoqta.az\/?p=62920","title":{"rendered":"G\u00fcrc\u00fcstan prezidenti Giorgi Marqvela\u015fvili \u0130lham \u018fliyevi t\u0259brik edib"},"content":{"rendered":"<p><strong>G&uuml;rc&uuml;stan Prezidenti Giorgi Marqvela\u015fvili Az\u0259rbaycan Respublikas\u0131n\u0131n Prezidenti \u0130lham \u018fliyev\u0259 t\u0259brik m\u0259ktubu &uuml;nvanlay\u0131b.<\/strong><\/p>\n<p>T\u0259brik m\u0259tnind\u0259 deyilir:<\/p>\n<p>&ldquo;Zati-alil\u0259ri.<\/p>\n<p>Yenid\u0259n Az\u0259rbaycan Respublikas\u0131n\u0131n Prezidenti se&ccedil;ilm\u0259yiniz m&uuml;nasib\u0259til\u0259 Sizi s\u0259mimi q\u0259lbd\u0259n t\u0259brik edir\u0259m.<\/p>\n<p>Vur\u011fulamaq ist\u0259rdim ki, Az\u0259rbaycan xalq\u0131 &ouml;z &ouml;lk\u0259sinin inki\u015faf\u0131na, \u0259min-amanl\u0131\u011f\u0131na, t\u0259hl&uuml;k\u0259sizliyin\u0259 v\u0259 sabitliyin\u0259, rifah v\u0259 u\u011furlar\u0131n t\u0259minat\u0131na s\u0259s verdi. Ke&ccedil;\u0259n d&ouml;vr \u0259rzind\u0259 Sizin &ouml;lk\u0259nizin siyasi, iqtisadi v\u0259 m\u0259d\u0259ni sah\u0259l\u0259rd\u0259 inaml\u0131 inki\u015faf\u0131n\u0131n \u015fahidi olduq. \u018fmin\u0259m ki, Sizin r\u0259hb\u0259rliyiniz il\u0259 Az\u0259rbaycan Respublikas\u0131 daha b&ouml;y&uuml;k u\u011furlara nail olacaq.<\/p>\n<p>G&uuml;rc&uuml;stan v\u0259 Az\u0259rbaycan \u0259srl\u0259r boyu dostluq, m&ouml;hk\u0259m m\u0259d\u0259ni \u0259laq\u0259l\u0259r v\u0259 u\u011furlu \u0259m\u0259kda\u015fl\u0131q m&uuml;nasib\u0259tl\u0259rind\u0259n m\u0259mnunluq hissl\u0259ri ya\u015fam\u0131\u015flar. Xalqlar\u0131m\u0131z h\u0259r zaman &ouml;z g\u0259l\u0259c\u0259kl\u0259ri v\u0259 &ouml;lk\u0259l\u0259rinin rifah\u0131 namin\u0259 bir-birinin yan\u0131nda olublar. &Ouml;lk\u0259l\u0259rimiz &ouml;z suverenliyi v\u0259 \u0259razi b&uuml;t&ouml;vl&uuml;kl\u0259ri namin\u0259 m&uuml;bariz\u0259y\u0259 birg\u0259 qo\u015fulmu\u015f v\u0259 regionda s&uuml;lh\u0259 v\u0259 sabitliy\u0259 nail olmu\u015flar. \u0130nan\u0131ram ki, strateji t\u0259r\u0259fda\u015flar olaraq, xalqlar\u0131m\u0131z\u0131n m\u0259nafeyi namin\u0259 \u0259m\u0259kda\u015fl\u0131\u011f\u0131m\u0131z\u0131n d\u0259rinl\u0259\u015fm\u0259si v\u0259 geni\u015fl\u0259nm\u0259si u\u011furlu nailiyy\u0259tl\u0259r\u0259 g\u0259tirib &ccedil;\u0131xaracaqd\u0131r.<\/p>\n<p>C\u0259nab Prezident, bir daha Siz\u0259 &ouml;z d\u0259rin ehtiram\u0131m\u0131 ifad\u0259 edir v\u0259 dost Az\u0259rbaycan xalq\u0131n\u0131n \u0259min-amanl\u0131\u011f\u0131 v\u0259 rifah\u0131 namin\u0259 Zati-aliniz\u0259 xo\u015fb\u0259xtlik, cansa\u011fl\u0131\u011f\u0131 v\u0259 ali d&ouml;vl\u0259ti v\u0259zif\u0259nizd\u0259 u\u011furlar dil\u0259yir\u0259m&rdquo;.<\/p>\n","protected":false},"excerpt":{"rendered":"<p>G&uuml;rc&uuml;stan Prezidenti Giorgi Marqvela\u015fvili Az\u0259rbaycan Respublikas\u0131n\u0131n Prezidenti \u0130lham \u018fliyev\u0259 t\u0259brik m\u0259ktubu &uuml;nvanlay\u0131b. T\u0259brik m\u0259tnind\u0259 deyilir: &ldquo;Zati-alil\u0259ri. Yenid\u0259n Az\u0259rbaycan Respublikas\u0131n\u0131n Prezidenti se&ccedil;ilm\u0259yiniz m&uuml;nasib\u0259til\u0259 Sizi s\u0259mimi q\u0259lbd\u0259n t\u0259brik edir\u0259m. Vur\u011fulamaq ist\u0259rdim ki,&hellip;<\/p>\n","protected":false},"author":1,"featured_media":251278,"comment_status":"open","ping_status":"open","sticky":false,"template":"","format":"standard","meta":{"_lmt_disableupdate":"","_lmt_disable":"","footnotes":""},"categories":[],"tags":[],"class_list":["post-62920","post","type-post","status-publish","format-standard","has-post-thumbnail","hentry"],"_links":{"self":[{"href":"https:\/\/ucnoqta.az\/index.php?rest_route=\/wp\/v2\/posts\/62920","targetHints":{"allow":["GET"]}}],"collection":[{"href":"https:\/\/ucnoqta.az\/index.php?rest_route=\/wp\/v2\/posts"}],"about":[{"href":"https:\/\/ucnoqta.az\/index.php?rest_route=\/wp\/v2\/types\/post"}],"author":[{"embeddable":true,"href":"https:\/\/ucnoqta.az\/index.php?rest_route=\/wp\/v2\/users\/1"}],"replies":[{"embeddable":true,"href":"https:\/\/ucnoqta.az\/index.php?rest_route=%2Fwp%2Fv2%2Fcomments&post=62920"}],"version-history":[{"count":0,"href":"https:\/\/ucnoqta.az\/index.php?rest_route=\/wp\/v2\/posts\/62920\/revisions"}],"wp:featuredmedia":[{"embeddable":true,"href":"https:\/\/ucnoqta.az\/index.php?rest_route=\/wp\/v2\/media\/251278"}],"wp:attachment":[{"href":"https:\/\/ucnoqta.az\/index.php?rest_route=%2Fwp%2Fv2%2Fmedia&parent=62920"}],"wp:term":[{"taxonomy":"category","embeddable":true,"href":"https:\/\/ucnoqta.az\/index.php?rest_route=%2Fwp%2Fv2%2Fcategories&post=62920"},{"taxonomy":"post_tag","embeddable":true,"href":"https:\/\/ucnoqta.az\/index.php?rest_route=%2Fwp%2Fv2%2Ftags&post=62920"}],"curies":[{"name":"wp","href":"https:\/\/api.w.org\/{rel}","templated":true}]}}