{"id":62918,"date":"2018-04-19T16:52:22","date_gmt":"2018-04-19T12:52:22","guid":{"rendered":""},"modified":"-0001-11-30T00:00:00","modified_gmt":"-0001-11-29T20:00:00","slug":"","status":"publish","type":"post","link":"https:\/\/ucnoqta.az\/?p=62918","title":{"rendered":"Ombudsmandan: <font color=red><b>&#8220;U\u015faq ba\u011f\u00e7alar\u0131 T\u0259hsil Nazirliyin\u0259 qaytar\u0131ls\u0131n&#8221;<\/b><\/font>"},"content":{"rendered":"<p><strong>Az\u0259rbaycan\u0131n \u0130nsan H&uuml;quqlar\u0131 &uuml;zr\u0259 M&uuml;v\u0259kklili (Ombudsman) Elmira S&uuml;leymanova m\u0259kt\u0259b\u0259q\u0259d\u0259r t\u0259hsil m&uuml;\u0259ssis\u0259l\u0259rinin T\u0259hsil Nazirliyinin tabeliyin\u0259 qaytar\u0131lmas\u0131n\u0131 z\u0259ruri hesab edir.<\/strong><\/p>\n<p>&nbsp;Az\u0259rbaycan\u0131n \u0130nsan H&uuml;quqlar\u0131 &uuml;zr\u0259 M&uuml;v\u0259kkili (Ombudsman) Elmira S&uuml;leymanovan\u0131n 2017-ci il &uuml;zr\u0259 illik m\u0259ruz\u0259sind\u0259 bildirilir ki, u\u015faq ba\u011f&ccedil;alar\u0131nda m&ouml;vcud olan yerl\u0259rinin say\u0131 m&uuml;vafiq \u0259razid\u0259 ya\u015fayan m\u0259kt\u0259b\u0259q\u0259d\u0259r ya\u015fl\u0131 u\u015faqlar\u0131n say\u0131na uy\u011funla\u015fd\u0131r\u0131lmal\u0131d\u0131r.<br \/>\n\u0130llik m\u0259ruz\u0259d\u0259 o da deyilir ki, b\u0259z\u0259n yerli icra hakimiyy\u0259tl\u0259ri m&ouml;vcud durumda m\u0259kt\u0259b\u0259q\u0259d\u0259r t\u0259hsil\u0259 olan ehtiyac\u0131 d&uuml;zg&uuml;n qiym\u0259tl\u0259ndirm\u0259yib, ba\u011f&ccedil;alar\u0131 maddi &ndash; texniki avadanl\u0131q v\u0259 t\u0259dris l\u0259vazimat\u0131, ixtisasl\u0131 kadrlarla t\u0259min etm\u0259kl\u0259 m\u0259kt\u0259b\u0259q\u0259d\u0259r ya\u015fl\u0131 u\u015faqlar\u0131n c\u0259lb edilm\u0259sin\u0259 \u015f\u0259rait yaratmaq \u0259v\u0259zin\u0259, b&ouml;y&uuml;k ehtiyac duyulan bel\u0259 m&uuml;\u0259ssis\u0259l\u0259ri l\u0259\u011fv edirl\u0259r.<\/p>\n","protected":false},"excerpt":{"rendered":"<p>Az\u0259rbaycan\u0131n \u0130nsan H&uuml;quqlar\u0131 &uuml;zr\u0259 M&uuml;v\u0259kklili (Ombudsman) Elmira S&uuml;leymanova m\u0259kt\u0259b\u0259q\u0259d\u0259r t\u0259hsil m&uuml;\u0259ssis\u0259l\u0259rinin T\u0259hsil Nazirliyinin tabeliyin\u0259 qaytar\u0131lmas\u0131n\u0131 z\u0259ruri hesab edir. &nbsp;Az\u0259rbaycan\u0131n \u0130nsan H&uuml;quqlar\u0131 &uuml;zr\u0259 M&uuml;v\u0259kkili (Ombudsman) Elmira S&uuml;leymanovan\u0131n 2017-ci il &uuml;zr\u0259 illik&hellip;<\/p>\n","protected":false},"author":1,"featured_media":251278,"comment_status":"open","ping_status":"open","sticky":false,"template":"","format":"standard","meta":{"_lmt_disableupdate":"","_lmt_disable":"","footnotes":""},"categories":[],"tags":[],"class_list":["post-62918","post","type-post","status-publish","format-standard","has-post-thumbnail","hentry"],"_links":{"self":[{"href":"https:\/\/ucnoqta.az\/index.php?rest_route=\/wp\/v2\/posts\/62918","targetHints":{"allow":["GET"]}}],"collection":[{"href":"https:\/\/ucnoqta.az\/index.php?rest_route=\/wp\/v2\/posts"}],"about":[{"href":"https:\/\/ucnoqta.az\/index.php?rest_route=\/wp\/v2\/types\/post"}],"author":[{"embeddable":true,"href":"https:\/\/ucnoqta.az\/index.php?rest_route=\/wp\/v2\/users\/1"}],"replies":[{"embeddable":true,"href":"https:\/\/ucnoqta.az\/index.php?rest_route=%2Fwp%2Fv2%2Fcomments&post=62918"}],"version-history":[{"count":0,"href":"https:\/\/ucnoqta.az\/index.php?rest_route=\/wp\/v2\/posts\/62918\/revisions"}],"wp:featuredmedia":[{"embeddable":true,"href":"https:\/\/ucnoqta.az\/index.php?rest_route=\/wp\/v2\/media\/251278"}],"wp:attachment":[{"href":"https:\/\/ucnoqta.az\/index.php?rest_route=%2Fwp%2Fv2%2Fmedia&parent=62918"}],"wp:term":[{"taxonomy":"category","embeddable":true,"href":"https:\/\/ucnoqta.az\/index.php?rest_route=%2Fwp%2Fv2%2Fcategories&post=62918"},{"taxonomy":"post_tag","embeddable":true,"href":"https:\/\/ucnoqta.az\/index.php?rest_route=%2Fwp%2Fv2%2Ftags&post=62918"}],"curies":[{"name":"wp","href":"https:\/\/api.w.org\/{rel}","templated":true}]}}