{"id":62915,"date":"2018-04-19T20:58:53","date_gmt":"2018-04-19T16:58:53","guid":{"rendered":""},"modified":"-0001-11-30T00:00:00","modified_gmt":"-0001-11-29T20:00:00","slug":"","status":"publish","type":"post","link":"https:\/\/ucnoqta.az\/?p=62915","title":{"rendered":"Romada Heyd\u0259r \u018fliyev\u0259 h\u0259sr olunmu\u015f beyn\u0259lxalq konfrans\u0131n b\u00f6lm\u0259 iclas\u0131 ke\u00e7irilib"},"content":{"rendered":"<p><strong>Az\u0259rbaycan Dill\u0259r Universiteti (ADU) Yeni Az\u0259rbaycan Partiyas\u0131n\u0131n v\u0259 Bak\u0131 Beyn\u0259lxalq Multikulturalizm M\u0259rk\u0259zinin d\u0259st\u0259yi il\u0259, &Uuml;mummilli Lider Heyd\u0259r \u018fliyevin anadan olmas\u0131n\u0131n 95-ci ild&ouml;n&uuml;m&uuml;n\u0259 h\u0259sr edil\u0259n &ldquo;Heyd\u0259r \u018fliyev: multikulturalizm v\u0259 tolerantl\u0131q ideologiyas\u0131&rdquo; m&ouml;vzusunda birinci beyn\u0259lxalq elmi konfrans ke&ccedil;irir.<\/strong><\/p>\n<p>Ucnoqta.az x\u0259b\u0259r verir ki. ADU-dan Trend-\u0259 veril\u0259n m\u0259lumata g&ouml;r\u0259, konfrans\u0131n b&ouml;lm\u0259l\u0259ri Az\u0259rbaycan, T&uuml;rkiy\u0259, Almaniya, \u0130taliya, Serbiya, Rusiya, &Ccedil;in, Ukrayna, Belarus v\u0259 G&uuml;rc&uuml;stan\u0131n universitetl\u0259rind\u0259 t\u0259\u015fkil olunub.<\/p>\n<p>Konfrans\u0131n m&uuml;xt\u0259lif &ouml;lk\u0259l\u0259rd\u0259 ke&ccedil;iril\u0259n b&ouml;lm\u0259 iclaslar\u0131 &ouml;z i\u015fin\u0259 ba\u015flay\u0131b. Rusiyan\u0131n B.Yeltsin ad\u0131na Ural Federal Universitetind\u0259 &ldquo;AXC &#8211; \u015e\u0259rqd\u0259 ilk demokratik respublikad\u0131r&rdquo; m&ouml;vzusunda, Ukraynan\u0131n Kiyev Milli Linqvistik Universitetind\u0259 &ldquo;Az\u0259rbaycan-Ukrayna m&uuml;nasib\u0259tl\u0259rinin inki\u015faf\u0131nda Heyd\u0259r \u018fliyevin rolu&rdquo; m&ouml;vzusunda, T&uuml;rkiy\u0259nin Atat&uuml;rk Universitetind\u0259 &ldquo;Heyd\u0259r \u018fliyev v\u0259 t&uuml;rk d&uuml;nyas\u0131&rdquo; v\u0259 \u018frciy\u0259s Universitetind\u0259 &quot;M&uuml;asir Az\u0259rbaycan: sosial, siyasi v\u0259 iqtisadi inki\u015faf&quot; m&ouml;vzusunda, A.S.Pu\u015fkin ad\u0131na D&ouml;vl\u0259t Rus dili \u0130nstitutunda S\u0259rh\u0259dl\u0259rin f&ouml;vq&uuml;nd\u0259: Rusiya v\u0259 Az\u0259rbaycan-m\u0259d\u0259niyy\u0259tl\u0259raras\u0131 dialoq t\u0259cr&uuml;b\u0259si&quot; m&ouml;vzusunda konfrans\u0131n b&ouml;lm\u0259 iclaslar\u0131 ke&ccedil;irilib.<\/p>\n<p>Aprelin 18-d\u0259 \u0130taliyan\u0131n C\u0259nubi Latsio Universitetind\u0259 ulu &ouml;nd\u0259r Heyd\u0259r \u018fliyev\u0259 h\u0259sr olunmu\u015f beyn\u0259lxalq konfrans\u0131n &ldquo;Multikulturalizm, sosial t\u0259hl&uuml;k\u0259sizlik, immiqrasiya, azadl\u0131q&rdquo; m&ouml;vzusunda b&ouml;lm\u0259 iclas\u0131 ke&ccedil;irilib.<\/p>\n<p>T\u0259dbird\u0259 \u0130taliya, Fransa, Moldova v\u0259 Litvan\u0131n m&uuml;xt\u0259lif universitetl\u0259rinin v\u0259 elmi-akademik dair\u0259l\u0259rinin n&uuml;may\u0259nd\u0259l\u0259ri, m&uuml;\u0259llim v\u0259 t\u0259l\u0259b\u0259 hey\u0259ti i\u015ftirak edibl\u0259r.<\/p>\n<p>Az\u0259rbaycan\u0131n \u0130taliyadak\u0131 s\u0259firi M\u0259mm\u0259d \u018fhm\u0259dzad\u0259 &ccedil;\u0131x\u0131\u015f ed\u0259r\u0259k &ouml;lk\u0259mizd\u0259 tarix\u0259n formala\u015fm\u0131\u015f multikultural \u0259n\u0259n\u0259l\u0259rin v\u0259 d\u0259y\u0259rl\u0259rin, y&uuml;ks\u0259k tolerantl\u0131q m&uuml;hitinin m&ouml;vcudlu\u011fundan b\u0259hs edib. Diplomat bu \u0259n\u0259n\u0259 v\u0259 d\u0259y\u0259rl\u0259rin qorunub saxlan\u0131lmas\u0131 &uuml;&ccedil;&uuml;n h\u0259yata ke&ccedil;iril\u0259n d&ouml;vl\u0259t siyas\u0259tind\u0259n, el\u0259c\u0259 d\u0259 sivilizasiyalararas\u0131 dialoqun t\u0259\u015fviqind\u0259 &ouml;lk\u0259mizin s\u0259yl\u0259rind\u0259n v\u0259 t\u0259\u015f\u0259bb&uuml;sl\u0259rind\u0259n s&ouml;z a&ccedil;\u0131b. O, Az\u0259rbaycanda multikulturalizmin d&ouml;vl\u0259t siyas\u0259ti kimi \u0259sas\u0131n\u0131n &uuml;mummilli lider Heyd\u0259r \u018fliyev t\u0259r\u0259find\u0259n qoyuldu\u011funu v\u0259 bu siyas\u0259tin haz\u0131rda Prezident \u0130lham \u018fliyevin r\u0259hb\u0259rliyi il\u0259 u\u011furla davam etdirildiyini vur\u011fulay\u0131b.<\/p>\n<p>Az\u0259rbaycan Dill\u0259r Universitetinin prorektoru, professor \u018ffqan Abdullayev &ccedil;\u0131x\u0131\u015f\u0131nda ADU-nun rektoru akademik Kamal Abdullan\u0131n t\u0259\u015f\u0259bb&uuml;s&uuml; il\u0259 &uuml;mummilli lider Heyd\u0259r \u018fliyevin anadan olmas\u0131n\u0131n 95-ci ild&ouml;n&uuml;m&uuml;n\u0259 h\u0259sr edil\u0259n beyn\u0259lxalq elmi konfrans &ccedil;\u0259r&ccedil;iv\u0259sind\u0259 11 &ouml;lk\u0259nin 13 ali m\u0259kt\u0259bind\u0259 m&uuml;xt\u0259lif t\u0259dbirl\u0259rin t\u0259\u015fkilinin n\u0259z\u0259rd\u0259 tutuldu\u011funu v\u0259 bu t\u0259dbirin onlardan biri oldu\u011funu qeyd edib. O, t\u0259dbirl\u0259 \u0259laq\u0259dar Az\u0259rbaycan Dill\u0259r Universitetinin rektoru, AMEA-n\u0131n h\u0259qiqi &uuml;zv&uuml;, \u018fm\u0259kdar elm xadimi Kamal Abdullan\u0131n t\u0259brik v\u0259 t\u0259\u015f\u0259kk&uuml;r m\u0259ktubunu oxuyub.<\/p>\n<p>\u0130taliyan\u0131n T\u0259hl&uuml;k\u0259sizlik v\u0259 Azadl\u0131q Fondunun prezidenti Feli&ccedil;e Romano, professor Alessandro Fiqus, Kassino Universitetinin rektoru Covanni Betta, Link Kampus Universitetinin prezidenti Vin&ccedil;enzo Skotti, KORE Universitetinin prezidenti Salerno Kataldo v\u0259 Bak\u0131 Beyn\u0259lxalq Multikulturalizm M\u0259rk\u0259zinin \u0130taliya n&uuml;may\u0259nd\u0259liyinin r\u0259hb\u0259ri Sandro Teti Az\u0259rbaycanda multikulturalizm v\u0259 tolerantl\u0131\u011f\u0131n x&uuml;susiyy\u0259tl\u0259rin\u0259 dair fikirl\u0259rini ifad\u0259 edibl\u0259r.<\/p>\n<p>T\u0259dbird\u0259 Az\u0259rbaycan Dill\u0259r Universitetinin professoru Azad M\u0259mm\u0259dov &quot;Az\u0259rbaycanda multikulturalizm&quot;, professor Anar Ba\u011f\u0131rov &quot;Multikulturalizm v\u0259 din, Az\u0259rbaycan t\u0259cr&uuml;b\u0259si&quot;, Az\u0259rbaycan Respublikas\u0131n\u0131n Prezidenti yan\u0131nda Bilik Fondunun aparat r\u0259hb\u0259ri \u0130saxan V\u0259liyev &ldquo;Multikultural t\u0259hl&uuml;k\u0259sizliyin Az\u0259rbaycan modeli: dini ekstremizm\u0259 qar\u015f\u0131 m&uuml;bariz\u0259 kontekstind\u0259&rdquo;, AMEA-n\u0131n &uuml;zvl\u0259ri professor \u0130lham M\u0259mm\u0259dzad\u0259 &quot;Multikulturalizm f\u0259ls\u0259fi kontekstd\u0259&quot; v\u0259 professor Z&ouml;hr\u0259 \u018fliyeva &ldquo;Az\u0259rbaycanda tolerantl\u0131\u011f\u0131n \u0259n\u0259n\u0259l\u0259ri&rdquo; m&ouml;vzular\u0131nda, el\u0259c\u0259 d\u0259 \u0130taliyan\u0131n Genuya, Kataniya, Link Kampus, Romatre, Fransan\u0131n Nimes, Litvan\u0131n Klaypeda universitetl\u0259rinin, Moldovan\u0131n Beyn\u0259lxalq \u0130dar\u0259&ccedil;ilik \u0130nstitutunun professorlar\u0131 multikulturalizm\u0259 aid m&uuml;xt\u0259lif m&ouml;vzularda m\u0259ruz\u0259l\u0259rl\u0259 &ccedil;\u0131x\u0131\u015f edibl\u0259r. M\u0259ruz\u0259l\u0259rd\u0259 Az\u0259rbaycanda m&ouml;vcud olan y&uuml;ks\u0259k tolerantl\u0131q m&uuml;hiti, multikultural \u0259n\u0259n\u0259 v\u0259 d\u0259y\u0259rl\u0259rin qorunub saxlan\u0131lmas\u0131 t\u0259qdir edilib, &ouml;lk\u0259mizin multikulturalizm siyas\u0259tinin \u0259saslar\u0131, bu sah\u0259d\u0259 m&ouml;vcud h&uuml;quqi baza v\u0259 \u0259ld\u0259 olunmu\u015f nailiyy\u0259tl\u0259r haqq\u0131nda geni\u015f m\u0259lumat verilib. &Ccedil;\u0131x\u0131\u015flarda Az\u0259rbaycan\u0131n multikultural d\u0259y\u0259rl\u0259rinin d&uuml;nyada tan\u0131d\u0131lmas\u0131 bax\u0131m\u0131ndan bel\u0259 t\u0259dbirl\u0259rin \u0259h\u0259miyy\u0259ti vur\u011fulan\u0131b.<\/p>\n","protected":false},"excerpt":{"rendered":"<p>Az\u0259rbaycan Dill\u0259r Universiteti (ADU) Yeni Az\u0259rbaycan Partiyas\u0131n\u0131n v\u0259 Bak\u0131 Beyn\u0259lxalq Multikulturalizm M\u0259rk\u0259zinin d\u0259st\u0259yi il\u0259, &Uuml;mummilli Lider Heyd\u0259r \u018fliyevin anadan olmas\u0131n\u0131n 95-ci ild&ouml;n&uuml;m&uuml;n\u0259 h\u0259sr edil\u0259n &ldquo;Heyd\u0259r \u018fliyev: multikulturalizm v\u0259 tolerantl\u0131q ideologiyas\u0131&rdquo;&hellip;<\/p>\n","protected":false},"author":1,"featured_media":251278,"comment_status":"open","ping_status":"open","sticky":false,"template":"","format":"standard","meta":{"_lmt_disableupdate":"","_lmt_disable":"","footnotes":""},"categories":[],"tags":[],"class_list":["post-62915","post","type-post","status-publish","format-standard","has-post-thumbnail","hentry"],"_links":{"self":[{"href":"https:\/\/ucnoqta.az\/index.php?rest_route=\/wp\/v2\/posts\/62915","targetHints":{"allow":["GET"]}}],"collection":[{"href":"https:\/\/ucnoqta.az\/index.php?rest_route=\/wp\/v2\/posts"}],"about":[{"href":"https:\/\/ucnoqta.az\/index.php?rest_route=\/wp\/v2\/types\/post"}],"author":[{"embeddable":true,"href":"https:\/\/ucnoqta.az\/index.php?rest_route=\/wp\/v2\/users\/1"}],"replies":[{"embeddable":true,"href":"https:\/\/ucnoqta.az\/index.php?rest_route=%2Fwp%2Fv2%2Fcomments&post=62915"}],"version-history":[{"count":0,"href":"https:\/\/ucnoqta.az\/index.php?rest_route=\/wp\/v2\/posts\/62915\/revisions"}],"wp:featuredmedia":[{"embeddable":true,"href":"https:\/\/ucnoqta.az\/index.php?rest_route=\/wp\/v2\/media\/251278"}],"wp:attachment":[{"href":"https:\/\/ucnoqta.az\/index.php?rest_route=%2Fwp%2Fv2%2Fmedia&parent=62915"}],"wp:term":[{"taxonomy":"category","embeddable":true,"href":"https:\/\/ucnoqta.az\/index.php?rest_route=%2Fwp%2Fv2%2Fcategories&post=62915"},{"taxonomy":"post_tag","embeddable":true,"href":"https:\/\/ucnoqta.az\/index.php?rest_route=%2Fwp%2Fv2%2Ftags&post=62915"}],"curies":[{"name":"wp","href":"https:\/\/api.w.org\/{rel}","templated":true}]}}