{"id":62902,"date":"2018-04-19T19:51:58","date_gmt":"2018-04-19T15:51:58","guid":{"rendered":""},"modified":"-0001-11-30T00:00:00","modified_gmt":"-0001-11-29T20:00:00","slug":"","status":"publish","type":"post","link":"https:\/\/ucnoqta.az\/?p=62902","title":{"rendered":"Milli M\u0259clisin n\u00f6vb\u0259ti plenar iclas\u0131n\u0131n g\u00fcnd\u0259liyi m\u0259lum olub"},"content":{"rendered":"<p><strong>&nbsp;Milli M\u0259clisin aprelin 24-d\u0259 ke&ccedil;iril\u0259c\u0259k plenar iclas\u0131n\u0131n g&uuml;nd\u0259liyi m\u0259lum olub.<\/strong><\/p>\n<p>Ucnoqta.az &ldquo;Report&rdquo;a istinad\u0259n x\u0259b\u0259r verir ki, iclas\u0131n g&uuml;nd\u0259liyin\u0259 19 m\u0259s\u0259l\u0259nin m&uuml;zakir\u0259si daxil edilib. Bu s\u0131raya Az\u0259rbaycan\u0131n \u0130nsan h&uuml;quqlar\u0131 &uuml;zr\u0259 m&uuml;v\u0259kkilinin (Ombudsman) illik m\u0259ruz\u0259si v\u0259 &ldquo;Nax&ccedil;\u0131van Muxtar Respublikas\u0131n\u0131n Konstitusiyas\u0131nda d\u0259yi\u015fiklikl\u0259rin t\u0259sdiq edilm\u0259si haqq\u0131nda&rdquo; Az\u0259rbaycan Respublikas\u0131n\u0131n Konstitusiya qanunu (ikinci s\u0259sverm\u0259) daxildir.<br \/>\nBundan ba\u015fqa, &ldquo;Pe\u015f\u0259 t\u0259hsili haqq\u0131nda&rdquo; qanun layih\u0259si (&uuml;&ccedil;&uuml;nc&uuml; oxunu\u015f), &ldquo;Az\u0259rbaycan \u018fdliyy\u0259sinin 100 illiyi (1918-2018)&rdquo; Az\u0259rbaycan yubiley medal\u0131n\u0131n t\u0259sis edilm\u0259si il\u0259 \u0259laq\u0259dar &ldquo;Az\u0259rbaycan Respublikas\u0131n\u0131n orden v\u0259 medallar\u0131n\u0131n t\u0259sis edilm\u0259si haqq\u0131nda&rdquo; qanunda d\u0259yi\u015fiklik edilm\u0259si bar\u0259d\u0259 layih\u0259, \u0130nzibati X\u0259talar Cinay\u0259t v\u0259 Vergi M\u0259c\u0259ll\u0259rin\u0259 d\u0259yi\u015fiklik edilm\u0259si m\u0259s\u0259l\u0259l\u0259ri d\u0259 yer al\u0131b.<\/p>\n<p>Bundan ba\u015fqa, iclasda &ldquo;D&ouml;vl\u0259t qullu\u011fu haqq\u0131nda&rdquo;, &ldquo;\u018fm\u0259k pensiyalar\u0131&rdquo;, &ldquo;D&ouml;vl\u0259t sosial s\u0131\u011forta sistemind\u0259 f\u0259rdi u&ccedil;ot haqq\u0131nda&rdquo;, &ldquo;\u0130cra haqq\u0131nda&rdquo;, &ldquo;K&ouml;n&uuml;ll&uuml; f\u0259aliyy\u0259t haqq\u0131nda&rdquo;, &ldquo;Sosial m&uuml;avin\u0259tl\u0259r haqq\u0131nda&rdquo;, &ldquo;Sosial s\u0131\u011forta haqq\u0131nda&rdquo;, &ldquo;&Uuml;nvanl\u0131 d&ouml;vl\u0259t sosial yard\u0131m\u0131 haqq\u0131nda&rdquo;, &ldquo;valideynl\u0259rini itirmi\u015f v\u0259 valideyn himay\u0259sind\u0259n m\u0259hrum olmu\u015f u\u015faqlar\u0131n sosial m&uuml;dafi\u0259si haqq\u0131nda&rdquo;, &ldquo;Az\u0259rbaycan Respublikas\u0131nda v\u0259t\u0259nda\u015flar\u0131n pul g\u0259lirl\u0259rinin v\u0259 \u0259man\u0259tl\u0259rinin indeksl\u0259\u015fdirilm\u0259si haqq\u0131nda&rdquo; v\u0259 &ldquo;M\u0259\u015f\u011fulluq haqq\u0131nda&rdquo; qanun layih\u0259l\u0259ri m&uuml;zakir\u0259y\u0259 &ccedil;\u0131xar\u0131lacaq.&nbsp;&nbsp;<\/p>\n","protected":false},"excerpt":{"rendered":"<p>&nbsp;Milli M\u0259clisin aprelin 24-d\u0259 ke&ccedil;iril\u0259c\u0259k plenar iclas\u0131n\u0131n g&uuml;nd\u0259liyi m\u0259lum olub. Ucnoqta.az &ldquo;Report&rdquo;a istinad\u0259n x\u0259b\u0259r verir ki, iclas\u0131n g&uuml;nd\u0259liyin\u0259 19 m\u0259s\u0259l\u0259nin m&uuml;zakir\u0259si daxil edilib. Bu s\u0131raya Az\u0259rbaycan\u0131n \u0130nsan h&uuml;quqlar\u0131 &uuml;zr\u0259 m&uuml;v\u0259kkilinin&hellip;<\/p>\n","protected":false},"author":1,"featured_media":251278,"comment_status":"open","ping_status":"open","sticky":false,"template":"","format":"standard","meta":{"_lmt_disableupdate":"","_lmt_disable":"","footnotes":""},"categories":[],"tags":[],"class_list":["post-62902","post","type-post","status-publish","format-standard","has-post-thumbnail","hentry"],"_links":{"self":[{"href":"https:\/\/ucnoqta.az\/index.php?rest_route=\/wp\/v2\/posts\/62902","targetHints":{"allow":["GET"]}}],"collection":[{"href":"https:\/\/ucnoqta.az\/index.php?rest_route=\/wp\/v2\/posts"}],"about":[{"href":"https:\/\/ucnoqta.az\/index.php?rest_route=\/wp\/v2\/types\/post"}],"author":[{"embeddable":true,"href":"https:\/\/ucnoqta.az\/index.php?rest_route=\/wp\/v2\/users\/1"}],"replies":[{"embeddable":true,"href":"https:\/\/ucnoqta.az\/index.php?rest_route=%2Fwp%2Fv2%2Fcomments&post=62902"}],"version-history":[{"count":0,"href":"https:\/\/ucnoqta.az\/index.php?rest_route=\/wp\/v2\/posts\/62902\/revisions"}],"wp:featuredmedia":[{"embeddable":true,"href":"https:\/\/ucnoqta.az\/index.php?rest_route=\/wp\/v2\/media\/251278"}],"wp:attachment":[{"href":"https:\/\/ucnoqta.az\/index.php?rest_route=%2Fwp%2Fv2%2Fmedia&parent=62902"}],"wp:term":[{"taxonomy":"category","embeddable":true,"href":"https:\/\/ucnoqta.az\/index.php?rest_route=%2Fwp%2Fv2%2Fcategories&post=62902"},{"taxonomy":"post_tag","embeddable":true,"href":"https:\/\/ucnoqta.az\/index.php?rest_route=%2Fwp%2Fv2%2Ftags&post=62902"}],"curies":[{"name":"wp","href":"https:\/\/api.w.org\/{rel}","templated":true}]}}