{"id":62899,"date":"2018-04-19T19:14:04","date_gmt":"2018-04-19T15:14:04","guid":{"rendered":""},"modified":"-0001-11-30T00:00:00","modified_gmt":"-0001-11-29T20:00:00","slug":"","status":"publish","type":"post","link":"https:\/\/ucnoqta.az\/?p=62899","title":{"rendered":"V Moskva Beyn\u0259lxalq T\u0259hsil Salonu \u00e7\u0259r\u00e7iv\u0259sind\u0259 forum \u00f6z i\u015fin\u0259 ba\u015flay\u0131b"},"content":{"rendered":"<p><strong>Aprelin 18-d\u0259 Moskvada&nbsp; V&nbsp; Moskva Beyn\u0259lxalq&nbsp; T\u0259hsil&nbsp; Salonu &ccedil;\u0259r&ccedil;iv\u0259sind\u0259 forum &ouml;z i\u015fin\u0259 ba\u015flay\u0131b.&nbsp;&nbsp;<\/strong><\/p>\n<p>T\u0259hsil Nazirliyind\u0259n &ldquo;Ucnoqta.az&rdquo;a veril\u0259n m\u0259lumata g&ouml;r\u0259, Rusiya Federasiyas\u0131n\u0131n T\u0259hsil v\u0259 Elm Nazirliyi v\u0259 YUNESKO-nun T\u0259hsild\u0259 \u0130nformasiya Texnologiyalar\u0131 \u0130nstitutunun birg\u0259 t\u0259\u015fkil etdiyi &ldquo;Dayan\u0131ql\u0131 inki\u015faf m\u0259qs\u0259dl\u0259ri 4: t\u0259hsild\u0259 \u0130KT t\u0259tbiqi m\u0259s\u0259l\u0259l\u0259rin\u0259 dair qlobal dialoq&rdquo; m&ouml;vzusunda ke&ccedil;iril\u0259n nazirl\u0259rin forumunda t\u0259hsil nazirinin m&uuml;avini&nbsp; Firudin Qurbanovun r\u0259hb\u0259rliyi il\u0259&nbsp; Az\u0259rbaycan n&uuml;may\u0259nd\u0259 hey\u0259ti d\u0259 i\u015ftirak edib.<\/p>\n<p>Foruma Rusiya Federasiyas\u0131 H&ouml;kum\u0259tinin s\u0259dr m&uuml;avini&nbsp; Olqa Qolodets,&nbsp; Rusiya Fedarasiyas\u0131n\u0131n t\u0259hsil v\u0259 elm naziri Olqa Vasilyeva, t\u0259hsil v\u0259 elm nazirinin&nbsp; m&uuml;avini Pavel Zenkovi&ccedil;, YUNESKO-nun T\u0259hsil \u0130nstitutunun T\u0259hsild\u0259 \u0130KT-nin t\u0259tbiqi &uuml;zr\u0259 b&ouml;lm\u0259sinin r\u0259hb\u0259ri Fenq&ccedil;un Miao, bir s\u0131ra d&ouml;vl\u0259tl\u0259rin v\u0259 beyn\u0259lxalq t\u0259\u015fkilatlar\u0131n t\u0259hsil &uuml;zr\u0259 r\u0259hb\u0259r \u015f\u0259xsl\u0259ri,&nbsp; pedaqoqlar v\u0259 metodistl\u0259r&nbsp; qat\u0131l\u0131blar.<\/p>\n<p>Az\u0259rbaycan t\u0259hsil nazirinin m&uuml;avini Firudin Qurbanov m\u0259rasimd\u0259 &ccedil;\u0131x\u0131\u015f ed\u0259r\u0259k bildirib ki, salon &ccedil;\u0259r&ccedil;iv\u0259sind\u0259 t\u0259\u015fkil olunan forum t\u0259hsil sah\u0259sind\u0259ki son nailiyy\u0259tl\u0259rl\u0259 tan\u0131\u015f olmaq v\u0259 bu sah\u0259d\u0259 fikir m&uuml;badil\u0259si aparmaq &uuml;&ccedil;&uuml;n \u0259lveri\u015fli \u015f\u0259rait yarad\u0131r.<\/p>\n<p>Son ill\u0259r \u0259rzind\u0259 Az\u0259rbaycanda t\u0259hsil sah\u0259sind\u0259 \u0259ld\u0259 olunan u\u011furlardan dan\u0131\u015fan Firudin Qurbanov \u0130KT-nin nailiyy\u0259tl\u0259rind\u0259n geni\u015f istifad\u0259nin t\u0259hsil sah\u0259sind\u0259 d&ouml;vl\u0259t siyas\u0259tinin prioritet istiqam\u0259tl\u0259rind\u0259n biri oldu\u011funu vur\u011fulay\u0131b. Nazir m&uuml;avini bildirib ki, beyn\u0259lxalq t\u0259cr&uuml;b\u0259d\u0259n istifad\u0259 edilm\u0259kl\u0259 t\u0259dris prosesind\u0259 m&uuml;asir informasiya texnologiyalar\u0131n\u0131n s&uuml;r\u0259tl\u0259ndirilmi\u015f t\u0259tbiqi &quot;Az\u0259rbaycan Respublikas\u0131nda t\u0259hsilin inki\u015faf\u0131 &uuml;zr\u0259 D&ouml;vl\u0259t Strategiyas\u0131&rdquo;nda &ouml;z \u0259ksini&nbsp; tap\u0131b.<\/p>\n<p>Nazir m&uuml;avininin s&ouml;zl\u0259rin\u0259 g&ouml;r\u0259, strategiyan\u0131n realla\u015fd\u0131r\u0131lmas\u0131nda x&uuml;susi rol informasiya resurslar\u0131&nbsp; m\u0259rk\u0259zin\u0259 ayr\u0131l\u0131r.&nbsp; Bu m\u0259qs\u0259dl\u0259 nazirlik yan\u0131nda&nbsp; m&uuml;asir s\u0259viyy\u0259d\u0259 t\u0259chiz edilmi\u015f Data M\u0259rk\u0259z&nbsp; yarad\u0131l\u0131b.&nbsp; M\u0259rk\u0259z nazirliy\u0259 tabe olan b&uuml;t&uuml;n t\u0259hsil m&uuml;\u0259ssis\u0259l\u0259rini, t\u0259\u015fkilatlar\u0131 v\u0259 strukturlar\u0131 birl\u0259\u015fdir\u0259n Az\u0259rbaycan T\u0259hsil \u015e\u0259b\u0259k\u0259sini yaratma\u011fa, h\u0259m&ccedil;inin elektron d\u0259rslikl\u0259rin v\u0259 dig\u0259r t\u0259dris resurslar\u0131n\u0131n m\u0259rk\u0259zl\u0259\u015fdirilmi\u015f qaydada yerl\u0259\u015fdirilm\u0259sin\u0259 imkan verib. Haz\u0131rda&nbsp; b&uuml;t&uuml;n &ouml;lk\u0259 \u015fagirdl\u0259rinin t\u0259xmin\u0259n 82 faizinin t\u0259hsil ald\u0131\u011f\u0131 v\u0259 m&uuml;\u0259lliml\u0259rin 72 faizinin d\u0259rs dediyi 2500 t\u0259hsil m&uuml;\u0259ssis\u0259si bu \u015f\u0259b\u0259k\u0259y\u0259 qo\u015fulub.<\/p>\n<p>Az\u0259rbaycanda &quot;\u0130nformatika&quot; f\u0259nninin t\u0259drisin\u0259 v\u0259 bu f\u0259nn &uuml;zr\u0259 olimpiadalar\u0131n ke&ccedil;irilm\u0259sin\u0259 diqq\u0259t yetirildiyini bildir\u0259n nazir m&uuml;avini qeyd edib ki, Az\u0259rbaycan\u0131n T\u0259hsil&nbsp; Nazirliyi&nbsp; Rusiyan\u0131n \u0130T sisteml\u0259rinin istehsal&ccedil;\u0131s\u0131 v\u0259 \u015fagirdl\u0259r\u0259 proqramla\u015fd\u0131rma modulunu t\u0259dris ed\u0259n &quot;Alqoritmika&quot; t\u0259hsil \u015firk\u0259ti il\u0259 birlikd\u0259&nbsp; &nbsp;Bak\u0131n\u0131n 45 m\u0259kt\u0259bind\u0259&nbsp; &quot;R\u0259q\u0259msal&nbsp; bacar\u0131qlar&quot; pilot layih\u0259sin\u0259 ba\u015flay\u0131b. Layih\u0259y\u0259 \u0259sas\u0259n, &quot;\u0130nformatika&quot; f\u0259nninin t\u0259drisi m\u0259kt\u0259blil\u0259r\u0259 yeni texnologiyalar v\u0259 r\u0259q\u0259msal bacar\u0131qlar\u0131 t\u0259cr&uuml;b\u0259d\u0259 &ouml;yr\u0259tm\u0259y\u0259 imkan ver\u0259n&nbsp; yeni formatda apar\u0131l\u0131r.&nbsp;<\/p>\n<p>Nazir m&uuml;avini T\u0259hsil Nazirliyi t\u0259r\u0259find\u0259n elektron d\u0259rslikl\u0259r (www.e-derslik.edu.az) portal\u0131n\u0131n f\u0259aliyy\u0259tind\u0259n, distant t\u0259hsil &ccedil;\u0259r&ccedil;iv\u0259sind\u0259 g&ouml;r&uuml;lm&uuml;\u015f i\u015fl\u0259rd\u0259n dan\u0131\u015f\u0131b. Firudin Qurbanov &ccedil;\u0131x\u0131\u015f\u0131n\u0131n sonunda qeyd edib ki, Az\u0259rbaycan &ldquo;Bak\u0131 Ekspo 2025&rdquo; Beyn\u0259lxalq s\u0259rgisinin Bak\u0131da ke&ccedil;irilm\u0259si &uuml;zr\u0259 \u0259sas iddia&ccedil;\u0131lardan biridir. S\u0259rginin &uuml;&ccedil; alt m&ouml;vzular\u0131ndan biri&nbsp; &quot;G\u0259l\u0259c\u0259yin t\u0259hsili&quot;dir.<\/p>\n<p>T\u0259hsil nazirinin m&uuml;avini panel m&uuml;zakir\u0259si zaman\u0131 t\u0259dbir i\u015ftirak&ccedil;\u0131lar\u0131n\u0131n suallar\u0131n\u0131 cavabland\u0131r\u0131b.<\/p>\n<p>Sonra t\u0259dbir i\u015ftirak&ccedil;\u0131lar\u0131 salon &ccedil;\u0259r&ccedil;iv\u0259sind\u0259 s\u0259rgi il\u0259 tan\u0131\u015f olublar.<br \/>\nAprelin 18-d\u0259 Firudin Qurbanov h\u0259m&ccedil;inin Moskva \u015f\u0259h\u0259rind\u0259 t\u0259\u015fkil olunmu\u015f &ldquo;Rus inqilab\u0131 v\u0259 Az\u0259rbaycan Xalq C&uuml;mhuriyy\u0259tinin tarixi: bir \u0259srd\u0259n sonra bax\u0131\u015f&rdquo; adl\u0131 beyn\u0259lxalq xarakterli t\u0259dbird\u0259 &ccedil;\u0131x\u0131\u015f edib. Firudin Qurbanov iki &ouml;lk\u0259 aras\u0131nda t\u0259hsil sah\u0259sind\u0259 \u0259laq\u0259l\u0259rin y&uuml;ks\u0259k s\u0259viyy\u0259d\u0259 olmas\u0131n\u0131 qeyd edib, birg\u0259 h\u0259yata ke&ccedil;iril\u0259n layih\u0259l\u0259r haqq\u0131nda m\u0259lumat verib.<\/p>\n<p>M.V.Lomonosov ad\u0131na Moskva D&ouml;vl\u0259t Universitetind\u0259 ke&ccedil;irilmi\u015f t\u0259dbir\u0259 Az\u0259rbaycan\u0131n Rusiya Federasiyas\u0131ndak\u0131 f&ouml;vq\u0259lad\u0259 v\u0259 s\u0259lahiyy\u0259tli s\u0259firi Polad B&uuml;lb&uuml;lo\u011flu da qat\u0131l\u0131b.<br \/>\n&Uuml;mumilikd\u0259&nbsp; V&nbsp; Moskva&nbsp; Beyn\u0259lxalq T\u0259hsil&nbsp; Salonu &ccedil;\u0259r&ccedil;iv\u0259sind\u0259 t\u0259xmin\u0259n 1000 t\u0259dbir ke&ccedil;iril\u0259c\u0259k. Bu t\u0259dbirl\u0259rd\u0259 1000-d\u0259n &ccedil;ox ekspertin, 400 eksponentin&nbsp; v\u0259 60 mind\u0259n &ccedil;ox ziyar\u0259t&ccedil;inin i\u015ftirak\u0131 n\u0259z\u0259rd\u0259 tutulub.<\/p>\n<p>Qeyd ed\u0259k ki,&nbsp; aprelin 20-d\u0259&nbsp; salon &ccedil;\u0259r&ccedil;iv\u0259sind\u0259 son 13 il \u0259rzind\u0259 ilk d\u0259f\u0259 olaraq Qara D\u0259niz \u0130qtisadi \u018fm\u0259kda\u015fl\u0131q T\u0259\u015fkilat\u0131na &uuml;zv d&ouml;vl\u0259tl\u0259rin t\u0259hsil nazirl\u0259rinin g&ouml;r&uuml;\u015f&uuml; ke&ccedil;iril\u0259c\u0259k. G&ouml;r&uuml;\u015fd\u0259 t\u0259hsil nazirinin m&uuml;avini Firudin Qurbanovun&nbsp; &ccedil;\u0131x\u0131\u015f\u0131 g&ouml;zl\u0259nilir.<\/p>\n<p>V Moskva Beyn\u0259lxalq T\u0259hsil Salonu &ccedil;\u0259r&ccedil;iv\u0259sind\u0259 t\u0259dbirl\u0259r aprelin 21-n\u0259 q\u0259d\u0259r davam ed\u0259c\u0259k.<\/p>\n","protected":false},"excerpt":{"rendered":"<p>Aprelin 18-d\u0259 Moskvada&nbsp; V&nbsp; Moskva Beyn\u0259lxalq&nbsp; T\u0259hsil&nbsp; Salonu &ccedil;\u0259r&ccedil;iv\u0259sind\u0259 forum &ouml;z i\u015fin\u0259 ba\u015flay\u0131b.&nbsp;&nbsp; T\u0259hsil Nazirliyind\u0259n &ldquo;Ucnoqta.az&rdquo;a veril\u0259n m\u0259lumata g&ouml;r\u0259, Rusiya Federasiyas\u0131n\u0131n T\u0259hsil v\u0259 Elm Nazirliyi v\u0259 YUNESKO-nun T\u0259hsild\u0259 \u0130nformasiya Texnologiyalar\u0131&hellip;<\/p>\n","protected":false},"author":1,"featured_media":251278,"comment_status":"open","ping_status":"open","sticky":false,"template":"","format":"standard","meta":{"_lmt_disableupdate":"","_lmt_disable":"","footnotes":""},"categories":[],"tags":[],"class_list":["post-62899","post","type-post","status-publish","format-standard","has-post-thumbnail","hentry"],"_links":{"self":[{"href":"https:\/\/ucnoqta.az\/index.php?rest_route=\/wp\/v2\/posts\/62899","targetHints":{"allow":["GET"]}}],"collection":[{"href":"https:\/\/ucnoqta.az\/index.php?rest_route=\/wp\/v2\/posts"}],"about":[{"href":"https:\/\/ucnoqta.az\/index.php?rest_route=\/wp\/v2\/types\/post"}],"author":[{"embeddable":true,"href":"https:\/\/ucnoqta.az\/index.php?rest_route=\/wp\/v2\/users\/1"}],"replies":[{"embeddable":true,"href":"https:\/\/ucnoqta.az\/index.php?rest_route=%2Fwp%2Fv2%2Fcomments&post=62899"}],"version-history":[{"count":0,"href":"https:\/\/ucnoqta.az\/index.php?rest_route=\/wp\/v2\/posts\/62899\/revisions"}],"wp:featuredmedia":[{"embeddable":true,"href":"https:\/\/ucnoqta.az\/index.php?rest_route=\/wp\/v2\/media\/251278"}],"wp:attachment":[{"href":"https:\/\/ucnoqta.az\/index.php?rest_route=%2Fwp%2Fv2%2Fmedia&parent=62899"}],"wp:term":[{"taxonomy":"category","embeddable":true,"href":"https:\/\/ucnoqta.az\/index.php?rest_route=%2Fwp%2Fv2%2Fcategories&post=62899"},{"taxonomy":"post_tag","embeddable":true,"href":"https:\/\/ucnoqta.az\/index.php?rest_route=%2Fwp%2Fv2%2Ftags&post=62899"}],"curies":[{"name":"wp","href":"https:\/\/api.w.org\/{rel}","templated":true}]}}