{"id":62876,"date":"2018-04-19T18:20:17","date_gmt":"2018-04-19T14:20:17","guid":{"rendered":""},"modified":"-0001-11-30T00:00:00","modified_gmt":"-0001-11-29T20:00:00","slug":"","status":"publish","type":"post","link":"https:\/\/ucnoqta.az\/?p=62876","title":{"rendered":"\u201cAz\u0259rbaycan h\u00f6kum\u0259ti miqrantlar\u0131n h\u00fcquqlar\u0131n\u0131n qorunmas\u0131 istiqam\u0259tind\u0259 i\u015f apar\u0131r\u201d"},"content":{"rendered":"<p><strong>\u018fcn\u0259bil\u0259rin &ouml;lk\u0259y\u0259 artan mara\u011f\u0131 Az\u0259rbaycan\u0131n davaml\u0131 v\u0259 dayan\u0131ql\u0131 inki\u015faf\u0131n\u0131n m\u0259ntiqi n\u0259tic\u0259sidir<\/strong><\/p>\n<p>Daxili \u0259m\u0259k bazar\u0131n\u0131n qorunmas\u0131 kimi m&uuml;h&uuml;m missiyan\u0131 yerin\u0259 yetir\u0259n D&ouml;vl\u0259t Miqrasiya Xidm\u0259ti \u0259cn\u0259bi i\u015f&ccedil;i q&uuml;vv\u0259sind\u0259n istifad\u0259nin qanunam&uuml;vafiq olaraq t\u0259nziml\u0259nm\u0259si istiqam\u0259tind\u0259 ard\u0131c\u0131l t\u0259dbirl\u0259ri m&uuml;v\u0259ff\u0259qiyy\u0259tl\u0259 davam etdirir. Xidm\u0259t d&ouml;vl\u0259t ba\u015f&ccedil;\u0131s\u0131n\u0131n qar\u015f\u0131ya qoydu\u011fu m\u0259qs\u0259d\u0259 uy\u011fun olaraq Az\u0259rbaycan\u0131n inki\u015faf\u0131ndan ilk n&ouml;vb\u0259d\u0259 &ouml;lk\u0259 v\u0259t\u0259nda\u015flar\u0131n\u0131n b\u0259hr\u0259l\u0259nm\u0259sinin t\u0259min olunmas\u0131 &uuml;&ccedil;&uuml;n \u0259cn\u0259bil\u0259rin haqq\u0131 &ouml;d\u0259nil\u0259n \u0259m\u0259k f\u0259aliyy\u0259tin\u0259 yaln\u0131z m&uuml;\u0259yy\u0259n edilmi\u015f kvota &ccedil;\u0259r&ccedil;iv\u0259sind\u0259 c\u0259lb edilm\u0259sin\u0259 d&ouml;vl\u0259t n\u0259zar\u0259tini u\u011furla h\u0259yata ke&ccedil;irir. Bunu D&ouml;vl\u0259tt Miqrasiya Xidm\u0259tinin r\u0259isi Firudin N\u0259biyev deyib. Onun s&ouml;zl\u0259rin\u0259 g&ouml;r\u0259, D&ouml;vl\u0259t Miqrasiya Xidm\u0259ti milli \u0259m\u0259k bazar\u0131nda ixtisass\u0131z \u0259cn\u0259bi kadrlar\u0131n i\u015ftirak\u0131n\u0131n qar\u015f\u0131s\u0131n\u0131n al\u0131nmas\u0131 v\u0259 yerli \u0259m\u0259k ehtiyatlar\u0131ndan s\u0259m\u0259r\u0259li istifad\u0259nin t\u0259min olunmas\u0131 m\u0259qs\u0259dil\u0259 \u0259m\u0259k miqrasiyas\u0131 kvotas\u0131n\u0131n s\u0259rtl\u0259\u015fdirilm\u0259sin\u0259 v\u0259 &ouml;lk\u0259d\u0259 innovativ, r\u0259qab\u0259t\u0259davaml\u0131 iqtisadiyyat\u0131n formala\u015fd\u0131r\u0131lmas\u0131 t\u0259l\u0259bl\u0259rin\u0259 uy\u011fun olaraq y&uuml;ks\u0259k ixtisasl\u0131 \u0259cn\u0259bi i\u015f&ccedil;il\u0259rin c\u0259lb olunmas\u0131 mexanizminin yarad\u0131lmas\u0131na dair m&uuml;vafiq t\u0259dbirl\u0259r g&ouml;rm\u0259kd\u0259dir. Neft-qaz layih\u0259l\u0259rind\u0259 \u0259cn\u0259bi i\u015f&ccedil;i hey\u0259tin m\u0259rh\u0259l\u0259l\u0259rl\u0259 milli kadrlarla \u0259v\u0259zl\u0259nm\u0259si m\u0259s\u0259l\u0259l\u0259rin\u0259 d\u0259 n\u0259zar\u0259t g&uuml;cl\u0259ndirilir. Bu istiqam\u0259td\u0259&nbsp; 2013-c&uuml; il noyabr\u0131n 14-d\u0259 D&ouml;vl\u0259t Miqrasiya Xidm\u0259tinin i\u015ftirak\u0131 il\u0259 imzalanm\u0131\u015f &ldquo;BP Eksplorey\u015fn (Kaspian Si) Ltd \u015firk\u0259ti v\u0259 Az\u0259rbaycan Respublikas\u0131 D&ouml;vl\u0259t Neft \u015eirk\u0259ti aras\u0131nda millil\u0259\u015fdirm\u0259 sah\u0259sind\u0259 \u0259m\u0259kda\u015fl\u0131\u011fa dair protokol&rdquo;da neft-qaz layih\u0259l\u0259rind\u0259 \u0259cn\u0259bi i\u015f&ccedil;i hey\u0259tin m\u0259rh\u0259l\u0259l\u0259rl\u0259 milli kadrlarla \u0259v\u0259zl\u0259nm\u0259si m\u0259s\u0259l\u0259l\u0259rin\u0259 n\u0259zar\u0259tin g&uuml;cl\u0259ndirilm\u0259si prioritet olaraq m&uuml;\u0259yy\u0259n olunmu\u015fdur. 2014-2018-ci ill\u0259ri \u0259hat\u0259 ed\u0259n plana uy\u011fun olaraq millil\u0259\u015fdirm\u0259 siyas\u0259ti n\u0259tic\u0259sind\u0259 neft-qaz layih\u0259l\u0259rind\u0259 i\u015fl\u0259y\u0259n Az\u0259rbaycan v\u0259t\u0259nda\u015flar\u0131n\u0131n say\u0131 78 %-d\u0259n 90 %-d\u0259k y&uuml;ks\u0259ldilmi\u015f, 2018-ci il\u0259 bu sah\u0259d\u0259 milli kadrlar\u0131n 95% t\u0259\u015fkil etm\u0259si h\u0259d\u0259f olaraq m&uuml;\u0259yy\u0259n olunmu\u015fdur.<\/p>\n<p>Xidm\u0259t r\u0259isi bildirib ki, sahibkarl\u0131q f\u0259aliyy\u0259ti g&ouml;st\u0259r\u0259n fiziki v\u0259 h&uuml;quqi \u015f\u0259xsl\u0259rin \u015fikay\u0259tl\u0259rin\u0259 bax\u0131lmas\u0131 sah\u0259sind\u0259 \u015f\u0259ffafl\u0131\u011f\u0131n v\u0259 obyektivliyin t\u0259min edilm\u0259si, bu sah\u0259d\u0259 \u015f\u0259xsl\u0259rin h&uuml;quqlar\u0131n\u0131n v\u0259 qanunla qorunan maraqlar\u0131n\u0131n m&uuml;dafi\u0259si m\u0259qs\u0259di&nbsp; 2016-c\u0131 il 15 fevral tarixd\u0259&nbsp; D&ouml;vl\u0259t Miqrasiya Xidm\u0259ti yan\u0131nda Apellyasiya \u015euras\u0131 yarad\u0131l\u0131b, \u015furan\u0131n v\u0259 katibliyinin t\u0259rkibi, o c&uuml;ml\u0259d\u0259n \u0259sasnam\u0259si t\u0259sdiq olunub.&nbsp; \u015euraya m&uuml;raci\u0259tl\u0259rin elektron q\u0259bulu t\u0259\u015fkil edilib.&Uuml;mumiyy\u0259tl\u0259 \u0259m\u0259k&ccedil;i miqratlar\u0131n\u0131n h&uuml;quqlar\u0131 qorunur. Qeyd ed\u0259k ki, Miqrasiya M\u0259c\u0259ll\u0259sinin 75-ci madd\u0259si il\u0259&nbsp; \u0259m\u0259k&ccedil;i miqrantlar\u0131n h&uuml;quqlar\u0131 t\u0259nziml\u0259nir. M\u0259s\u0259l\u0259n, bu madd\u0259 bildirilir ki,&nbsp; Az\u0259rbaycan Respublikas\u0131n\u0131n \u018fm\u0259k M\u0259c\u0259ll\u0259sind\u0259 n\u0259z\u0259rd\u0259 tutulmu\u015f hallar istisna olmaqla, \u0259m\u0259k&ccedil;i miqrantlara \u0259m\u0259k \u015f\u0259raiti il\u0259 ba\u011fl\u0131 Az\u0259rbaycan Respublikas\u0131n\u0131n v\u0259t\u0259nda\u015flar\u0131 &uuml;&ccedil;&uuml;n qanunvericilikl\u0259 m&uuml;\u0259yy\u0259n olunmu\u015f eyni \u015f\u0259rtl\u0259r t\u0259tbiq edilir v\u0259 onlar\u0131n \u0259m\u0259yinin &ouml;d\u0259nilm\u0259si qanunvericilikl\u0259 Az\u0259rbaycan Respublikas\u0131n\u0131n v\u0259t\u0259nda\u015flar\u0131 &uuml;&ccedil;&uuml;n m&uuml;\u0259yy\u0259n olunmu\u015f qaydada h\u0259yata ke&ccedil;irilir. \u018fm\u0259k&ccedil;i miqrantlar\u0131n \u0259m\u0259k f\u0259aliyy\u0259ti il\u0259 ba\u011fl\u0131 bu M\u0259c\u0259ll\u0259d\u0259 n\u0259z\u0259rd\u0259 tutulmayan dig\u0259r m\u0259s\u0259l\u0259l\u0259r Az\u0259rbaycan Respublikas\u0131n\u0131n \u018fm\u0259k M\u0259c\u0259ll\u0259si il\u0259 t\u0259nziml\u0259nir. O V\u0259fat etdikd\u0259, onu i\u015f\u0259 c\u0259lb etmi\u015f h&uuml;quqi v\u0259 ya fiziki \u015f\u0259xs \u0259m\u0259k&ccedil;i miqrant\u0131n c\u0259naz\u0259sinin daimi ya\u015fad\u0131\u011f\u0131 &ouml;lk\u0259y\u0259 g&ouml;nd\u0259rilm\u0259sini t\u0259min edir. \u0130\u015f\u0259g&ouml;t&uuml;r\u0259nl\u0259r t\u0259r\u0259find\u0259n \u0259m\u0259k&ccedil;i miqrantlar\u0131n h&uuml;quqlar\u0131n\u0131n t\u0259min edilm\u0259sin\u0259 is\u0259 n\u0259zar\u0259ti m&uuml;vafiq icra hakimiyy\u0259ti orqan\u0131 h\u0259yata ke&ccedil;irir.<\/p>\n<p>Firudin N\u0259biyev bildirib ki, insan h&uuml;quqlar\u0131ndan biri olan v\u0259t\u0259nda\u015fl\u0131q h&uuml;ququnun \u0259h\u0259miyy\u0259ti v\u0259 v\u0259t\u0259nda\u015flar\u0131n d&ouml;vl\u0259t qar\u015f\u0131s\u0131nda m\u0259suliyy\u0259tini daha da art\u0131rmaq m\u0259qs\u0259dil\u0259 Az\u0259rbaycan Respublikas\u0131n\u0131n v\u0259t\u0259nda\u015fl\u0131q sah\u0259sind\u0259 qanunvericiliyin\u0259 v\u0259 dig\u0259r h&uuml;quqi normativ aktlara bir s\u0131ra d\u0259yi\u015fiklikl\u0259r edilib. &ldquo;Az\u0259rbaycan Respublikas\u0131n\u0131n v\u0259t\u0259nda\u015fl\u0131\u011f\u0131 haqq\u0131nda&rdquo; qanununda d\u0259yi\u015fiklikl\u0259r edilm\u0259si bar\u0259d\u0259 2014-c&uuml; il 30 may tarixli Qanuna v\u0259 h\u0259min Qanunun t\u0259tbiqi haqq\u0131nda Az\u0259rbaycan Prezidentinin 2014-c&uuml; il 27 iyun tarixli f\u0259rman\u0131na \u0259sas\u0259n D&ouml;vl\u0259t Miqrasiya Xidm\u0259ti \u015f\u0259xsin Az\u0259rbaycan Respublikas\u0131n\u0131n v\u0259t\u0259nda\u015fl\u0131\u011f\u0131na m\u0259nsubiyy\u0259tini m&uuml;\u0259yy\u0259nl\u0259\u015fdir\u0259n m&uuml;vafiq icra hakimiyy\u0259ti orqan\u0131 kimi m&uuml;\u0259yy\u0259n olunub. Daha sonra is\u0259 s&ouml;z&uuml;ged\u0259n f\u0259rman\u0131n icras\u0131n\u0131 t\u0259min etm\u0259k m\u0259qs\u0259di il\u0259 Nazirl\u0259r Kabinetinin 2015-ci il 18 mart tarixli q\u0259rar\u0131 il\u0259 &ldquo;\u015e\u0259xsin Az\u0259rbaycan Respublikas\u0131n\u0131n v\u0259t\u0259nda\u015fl\u0131\u011f\u0131na m\u0259nsubiyy\u0259tinin m&uuml;\u0259yy\u0259nl\u0259\u015fdirilm\u0259si Qaydas\u0131&rdquo; t\u0259sdiq edilib. Az\u0259rbaycan Nazirl\u0259r Kabineti &quot;\u015e\u0259xsin Az\u0259rbaycan Respublikas\u0131n\u0131n v\u0259t\u0259nda\u015fl\u0131\u011f\u0131na m\u0259nsubiyy\u0259tinin m&uuml;\u0259yy\u0259nl\u0259\u015fdirilm\u0259si Qaydas\u0131&quot;n\u0131 t\u0259sdiq edib. Bu Qayda &quot;Az\u0259rbaycan Respublikas\u0131n\u0131n v\u0259t\u0259nda\u015fl\u0131\u011f\u0131 haqq\u0131nda&quot; Qanunun 5-ci madd\u0259sinin d&ouml;rd&uuml;nc&uuml; hiss\u0259sin\u0259 uy\u011fun olaraq haz\u0131rlan\u0131b. Qaydaya \u0259sas\u0259n \u015f\u0259xsin Az\u0259rbaycan Respublikas\u0131n\u0131n v\u0259t\u0259nda\u015fl\u0131\u011f\u0131na m\u0259nsubiyy\u0259tinin m&uuml;\u0259yy\u0259nl\u0259\u015fdirilm\u0259si il\u0259 \u0259laq\u0259dar icraat h\u0259min \u015f\u0259xsin Az\u0259rbaycan Respublikas\u0131n\u0131n v\u0259t\u0259nda\u015fl\u0131\u011f\u0131n\u0131 t\u0259sdiq ed\u0259n s\u0259n\u0259dl\u0259r\u0259 malik olmad\u0131\u011f\u0131 v\u0259 ya bel\u0259 s\u0259n\u0259dl\u0259ri qanunsuz \u0259ld\u0259 etm\u0259l\u0259rin\u0259 \u0259sasl\u0131 \u015f&uuml;bh\u0259l\u0259r oldu\u011fu t\u0259qdird\u0259 apar\u0131l\u0131r. Bundan \u0259lav\u0259, Az\u0259rbaycan Respublikas\u0131n\u0131n v\u0259t\u0259nda\u015fl\u0131\u011f\u0131na m\u0259nsubiyy\u0259tinin m&uuml;\u0259yy\u0259nl\u0259\u015fdirilm\u0259si Az\u0259rbaycan Respublikas\u0131n\u0131n \u0259razisind\u0259 do\u011fulduqda (valideynl\u0259rind\u0259n h\u0259r ikisi Az\u0259rbaycan Respublikas\u0131n\u0131n v\u0259t\u0259nda\u015f\u0131 oldu\u011fu hallar istisna olmaqla), valideynl\u0259rind\u0259n h\u0259r ikisi Az\u0259rbaycan Respublikas\u0131n\u0131n v\u0259t\u0259nda\u015f\u0131 olduqda (do\u011fumu Az\u0259rbaycan Respublikas\u0131n\u0131n d&ouml;vl\u0259t qeydiyyat\u0131na al\u0131nm\u0131\u015f \u015f\u0259xs istisna olmaqla), valideynl\u0259rind\u0259n biri Az\u0259rbaycan Respublikas\u0131n\u0131n v\u0259t\u0259nda\u015f\u0131 olduqda, valideynl\u0259rind\u0259n biri v\u0259 ya h\u0259r ikisi v\u0259t\u0259nda\u015fl\u0131\u011f\u0131n\u0131 d\u0259yi\u015f\u0259r\u0259k Az\u0259rbaycan Respublikas\u0131n\u0131n v\u0259t\u0259nda\u015fl\u0131\u011f\u0131n\u0131 \u0259ld\u0259 etdikd\u0259 v\u0259 ya onlar\u0131n Az\u0259rbaycan Respublikas\u0131n\u0131n v\u0259t\u0259nda\u015fl\u0131\u011f\u0131na xitam verildikd\u0259, \u0259cn\u0259bi v\u0259 ya v\u0259t\u0259nda\u015fl\u0131\u011f\u0131 olmayan u\u015fa\u011f\u0131 &ouml;vladl\u0131\u011fa g&ouml;t&uuml;r\u0259n \u0259r-arvaddan biri v\u0259 ya h\u0259r ikisi Az\u0259rbaycan Respublikas\u0131n\u0131n v\u0259t\u0259nda\u015f\u0131 olduqda apar\u0131l\u0131r.<br \/>\nS&ouml;z&uuml;ged\u0259n Qayda haz\u0131rlanark\u0259n &ldquo;V\u0259t\u0259nda\u015fs\u0131zl\u0131\u011f\u0131n ixtisar edilm\u0259si haqq\u0131nda&rdquo; 1961-ci il 30 avqust tarixli konvensiyan\u0131n v\u0259 dig\u0259r beyn\u0259lxalq konvensiyalar\u0131n t\u0259l\u0259bl\u0259ri n\u0259z\u0259r\u0259 al\u0131naraq, v\u0259t\u0259nda\u015fs\u0131zl\u0131q hallar\u0131n\u0131n azald\u0131lmas\u0131 v\u0259 bu hallar\u0131 yaradan s\u0259b\u0259bl\u0259r\u0259 qar\u015f\u0131 m&uuml;bariz\u0259, v\u0259t\u0259nda\u015fl\u0131\u011f\u0131 olmayan \u015f\u0259xsl\u0259rin h&uuml;quqlar\u0131n\u0131n m&uuml;dafi\u0259si il\u0259 ba\u011fl\u0131 m\u0259s\u0259l\u0259l\u0259r \u0259sas istiqam\u0259tl\u0259r kimi qeyd olunub.<\/p>\n<p>D&ouml;vl\u0259t Miqrasiya Xidm\u0259ti t\u0259r\u0259find\u0259n v\u0259t\u0259nda\u015fs\u0131zl\u0131q hallar\u0131 il\u0259 m&uuml;bariz\u0259 sah\u0259sind\u0259 m\u0259lumatl\u0131l\u0131\u011f\u0131n art\u0131r\u0131lmas\u0131 v\u0259 bu \u015f\u0259xsl\u0259rin h&uuml;quqi statusunun m&uuml;\u0259yy\u0259nl\u0259\u015fdirilm\u0259si zaman\u0131 yaranan probleml\u0259rin, o c&uuml;ml\u0259d\u0259n onlar\u0131n h&uuml;quqlar\u0131n\u0131n s\u0259m\u0259r\u0259li m&uuml;dafi\u0259si namin\u0259 \u0259m\u0259kda\u015fl\u0131\u011f\u0131n g&uuml;cl\u0259ndirilm\u0259si m\u0259qs\u0259di il\u0259 Az\u0259rbaycan Respublikas\u0131 BMT-nin Qa&ccedil;q\u0131nlar &uuml;zr\u0259 Ali Komissarl\u0131\u011f\u0131n\u0131n &ldquo;10 il\u0259 v\u0259t\u0259nda\u015fs\u0131zl\u0131\u011fa son&rdquo; kampaniyas\u0131na qo\u015fulub. V\u0259t\u0259nda\u015fs\u0131zl\u0131q hallar\u0131n\u0131n q\u0131sa bir zamanda aradan qald\u0131r\u0131lmas\u0131 &uuml;&ccedil;&uuml;n Xidm\u0259t t\u0259r\u0259find\u0259n &ouml;lk\u0259nin b&uuml;t&uuml;n regionlar\u0131 &uuml;zr\u0259 m&uuml;vafiq&nbsp; i\u015fl\u0259r g&ouml;r&uuml;l&uuml;b. Az\u0259rbaycan Prezidentinin m&uuml;vafiq s\u0259r\u0259ncamlar\u0131 il\u0259 2008-ci ild\u0259n hal-haz\u0131rad\u0259k 1871 n\u0259f\u0259r Az\u0259rbaycan Respublikas\u0131n\u0131n v\u0259t\u0259nda\u015fl\u0131\u011f\u0131na q\u0259bul, 58 n\u0259f\u0259r is\u0259 b\u0259rpa edilib. Xaricd\u0259 ya\u015fayan v\u0259 xarici &ouml;lk\u0259l\u0259rin v\u0259t\u0259nda\u015fl\u0131\u011f\u0131n\u0131 q\u0259bul etm\u0259k &uuml;&ccedil;&uuml;n m&uuml;raci\u0259t ed\u0259n&nbsp; az\u0259rbaycanl\u0131lar\u0131n say\u0131nda art\u0131m m&uuml;\u015fahid\u0259 olunur. B\u0259s \u0259cn\u0259bil\u0259r Az\u0259rbaycan Respublikas\u0131n\u0131n v\u0259t\u0259nda\u015fl\u0131\u011f\u0131n\u0131 hans\u0131 \u015f\u0259rtl\u0259rl\u0259 q\u0259bul ed\u0259 bil\u0259rl\u0259r?&nbsp; D&ouml;vl\u0259t Miqrasiya Xidm\u0259ti yan\u0131nda \u0130ctimai \u015euran\u0131n s\u0259dri Az\u0259r Allahver\u0259nov&nbsp; \u0259cn\u0259bil\u0259r\u0259 Az\u0259rbaycan v\u0259t\u0259nda\u015fl\u0131\u011f\u0131n\u0131n qanunla t\u0259nziml\u0259nmi\u015f m&uuml;\u0259yy\u0259n hallarda verildiyini qeyd edib:&ldquo;&ldquo;Az\u0259rbaycan Respublikas\u0131n\u0131n v\u0259t\u0259nda\u015fl\u0131\u011f\u0131 haqq\u0131nda&rdquo; Qanununun 5-ci madd\u0259sind\u0259 g&ouml;st\u0259rilir: &ldquo;Son 5 il \u0259rzind\u0259 fasil\u0259siz olaraq qanuni \u0259saslarla daimi ya\u015fayan, qanuni g\u0259lir m\u0259nb\u0259yi olan Az\u0259rbaycan Respublikas\u0131n\u0131n Konstutsiyas\u0131na v\u0259 qanunlar\u0131na riay\u0259t olunmas\u0131 bar\u0259d\u0259 &ouml;hd\u0259lik g&ouml;t&uuml;r\u0259n v\u0259 dig\u0259r \u015f\u0259rtl\u0259r\u0259 cavab ver\u0259n \u015f\u0259xsl\u0259r Az\u0259rbaycan Respublikas\u0131n\u0131n v\u0259t\u0259nda\u015fl\u0131\u011f\u0131na q\u0259bul edil\u0259 bil\u0259r&rdquo;.<\/p>\n<p>T\u0259bii ki, 5 illik \u015f\u0259rtd\u0259n k\u0259nar hallar da ola bil\u0259r. M\u0259s\u0259l\u0259n, \u015f\u0259xsin m\u0259d\u0259niyy\u0259t, idman v\u0259 ya m&uuml;xt\u0259lif sah\u0259l\u0259rd\u0259 y&uuml;ks\u0259k naliyy\u0259tl\u0259ri olduqda v\u0259 ya \u015f\u0259xs Az\u0259rbaycan Respublikas\u0131 &uuml;&ccedil;&uuml;n x&uuml;susi maraq k\u0259sb etdikd\u0259 v\u0259 dig\u0259r m&uuml;st\u0259sna hallarda v\u0259t\u0259nda\u015fl\u0131q &uuml;&ccedil;&uuml;n m&uuml;raci\u0259t ed\u0259 bil\u0259r. M&uuml;vafiq icra hakimiyy\u0259ti orqan\u0131 t\u0259r\u0259find\u0259n onun bu g&ouml;st\u0259ricil\u0259ri d\u0259y\u0259rl\u0259ndirilm\u0259li v\u0259 \u0259sasland\u0131r\u0131lmal\u0131d\u0131r. Bundan sonra Az\u0259rbaycan Respublikas\u0131n\u0131n Prezidenti yan\u0131nda V\u0259t\u0259nda\u015fl\u0131q M\u0259s\u0259l\u0259l\u0259ri Komissiyas\u0131 da var ki, burada h\u0259min \u0259s\u0259sland\u0131rmaya baxaraq \u015f\u0259xs\u0259 v\u0259t\u0259nda\u015fl\u0131q verilir&rdquo;. Az\u0259r Allahver\u0259novun s&ouml;zl\u0259rin\u0259 g&ouml;r\u0259, 2013-2016-c\u0131 ill\u0259r v\u0259 2017-ci ilin 1-ci yar\u0131milind\u0259 &uuml;mumilikd\u0259 1233 n\u0259f\u0259r \u015f\u0259xs Az\u0259rbaycan Respublikas\u0131n\u0131n v\u0259t\u0259nda\u015fl\u0131\u011f\u0131na q\u0259bul edilib. &quot;Bunlardan 797 n\u0259f\u0259r v\u0259t\u0259nda\u015fl\u0131\u011f\u0131 olmayan \u015f\u0259xs olub. Az\u0259rbaycan Respublikas\u0131n\u0131n v\u0259t\u0259nda\u015fl\u0131\u011f\u0131na q\u0259bul edilmi\u015f \u015f\u0259xsl\u0259rin 671 n\u0259f\u0259ri ki\u015fi, 562 n\u0259f\u0259ri is\u0259 qad\u0131nlar t\u0259\u015fkil edib&quot;.<br \/>\nV\u0259t\u0259nda\u015fl\u0131\u011fa q\u0259bul olunmu\u015f \u015f\u0259xsl\u0259rd\u0259n 1341 n\u0259f\u0259ri, v\u0259t\u0259nda\u015fl\u0131\u011fa b\u0259rpa edilmi\u015f \u015f\u0259xsl\u0259rd\u0259n is\u0259 38 n\u0259f\u0259ri v\u0259t\u0259nda\u015fl\u0131\u011f\u0131 olmayan \u015f\u0259xsl\u0259rdir. D&ouml;vl\u04d9t Miqrasiya Xidm\u04d9ti (DMX) r\u04d9isinin m&uuml;avini, III d\u0259r\u0259c\u0259li d&ouml;vl\u0259t miqrasiya xidm\u0259ti m&uuml;\u015faviri P\u04d9rviz Musayev Beyn\u04d9lxalq Miqrant G&uuml;n&uuml;n\u04d9 h\u04d9sr edilmi\u015f t\u04d9dbird\u0259 &ccedil;\u0131x\u0131\u015f\u0131 zaman\u0131&nbsp; is&rsquo; bildirib ki, 2017-ci ilin 11 ay\u0131 \u0259rzind\u0259 isg 38020 n\u0259f\u0259r\u0259 m&uuml;v\u0259qq\u0259ti, 2752 n\u0259f\u0259r\u0259 daimi ya\u015fama icaz\u0259l\u0259ri verilib. P.Musayev qeyd edib ki, 378-i v\u0259t\u0259nda\u015fl\u0131\u011f\u0131 olmayan \u015f\u0259xs olmaqla 573 n\u0259f\u0259r Az\u0259rbaycan v\u0259t\u0259nda\u015fl\u0131\u011f\u0131na q\u0259bul edilib: &ldquo;3 n\u0259f\u0259r \u0259riz\u0259&ccedil;iy\u0259, ail\u0259 &uuml;zvl\u0259ri il\u0259 birlikd\u0259 8 n\u0259f\u0259r\u0259 qa&ccedil;q\u0131n statusu verilib. &Uuml;mumilikd\u0259, 67 \u015f\u0259xs qa&ccedil;q\u0131n statusu il\u0259 D&ouml;vl\u0259t Miqrasiya Xidm\u0259tind\u0259 qeydiyyat\u0131ndad\u0131r. Onlardan 44 n\u0259f\u0259r \u0259riz\u0259&ccedil;i, 23 n\u0259f\u0259r is\u0259 \u0259riz\u0259&ccedil;inin ail\u0259 &uuml;zvl\u0259ridir. 10 min n\u0259f\u0259rd\u0259n &ccedil;ox \u0259cn\u0259binin k&ouml;n&uuml;ll&uuml; &ouml;z &ouml;lk\u0259l\u0259rin\u0259 qay\u0131tmalar\u0131 t\u0259min edilib&rdquo;.<\/p>\n<p>&nbsp;<\/p>\n","protected":false},"excerpt":{"rendered":"<p>\u018fcn\u0259bil\u0259rin &ouml;lk\u0259y\u0259 artan mara\u011f\u0131 Az\u0259rbaycan\u0131n davaml\u0131 v\u0259 dayan\u0131ql\u0131 inki\u015faf\u0131n\u0131n m\u0259ntiqi n\u0259tic\u0259sidir Daxili \u0259m\u0259k bazar\u0131n\u0131n qorunmas\u0131 kimi m&uuml;h&uuml;m missiyan\u0131 yerin\u0259 yetir\u0259n D&ouml;vl\u0259t Miqrasiya Xidm\u0259ti \u0259cn\u0259bi i\u015f&ccedil;i q&uuml;vv\u0259sind\u0259n istifad\u0259nin qanunam&uuml;vafiq olaraq t\u0259nziml\u0259nm\u0259si&hellip;<\/p>\n","protected":false},"author":1,"featured_media":251278,"comment_status":"open","ping_status":"open","sticky":false,"template":"","format":"standard","meta":{"_lmt_disableupdate":"","_lmt_disable":"","footnotes":""},"categories":[1],"tags":[],"class_list":["post-62876","post","type-post","status-publish","format-standard","has-post-thumbnail","hentry","category-esas"],"_links":{"self":[{"href":"https:\/\/ucnoqta.az\/index.php?rest_route=\/wp\/v2\/posts\/62876","targetHints":{"allow":["GET"]}}],"collection":[{"href":"https:\/\/ucnoqta.az\/index.php?rest_route=\/wp\/v2\/posts"}],"about":[{"href":"https:\/\/ucnoqta.az\/index.php?rest_route=\/wp\/v2\/types\/post"}],"author":[{"embeddable":true,"href":"https:\/\/ucnoqta.az\/index.php?rest_route=\/wp\/v2\/users\/1"}],"replies":[{"embeddable":true,"href":"https:\/\/ucnoqta.az\/index.php?rest_route=%2Fwp%2Fv2%2Fcomments&post=62876"}],"version-history":[{"count":0,"href":"https:\/\/ucnoqta.az\/index.php?rest_route=\/wp\/v2\/posts\/62876\/revisions"}],"wp:featuredmedia":[{"embeddable":true,"href":"https:\/\/ucnoqta.az\/index.php?rest_route=\/wp\/v2\/media\/251278"}],"wp:attachment":[{"href":"https:\/\/ucnoqta.az\/index.php?rest_route=%2Fwp%2Fv2%2Fmedia&parent=62876"}],"wp:term":[{"taxonomy":"category","embeddable":true,"href":"https:\/\/ucnoqta.az\/index.php?rest_route=%2Fwp%2Fv2%2Fcategories&post=62876"},{"taxonomy":"post_tag","embeddable":true,"href":"https:\/\/ucnoqta.az\/index.php?rest_route=%2Fwp%2Fv2%2Ftags&post=62876"}],"curies":[{"name":"wp","href":"https:\/\/api.w.org\/{rel}","templated":true}]}}