{"id":57477,"date":"2018-01-24T18:01:51","date_gmt":"2018-01-24T14:01:51","guid":{"rendered":""},"modified":"-0001-11-30T00:00:00","modified_gmt":"-0001-11-29T20:00:00","slug":"","status":"publish","type":"post","link":"https:\/\/ucnoqta.az\/?p=57477","title":{"rendered":"Teleq\u00fcll\u0259nin yax\u0131nl\u0131\u011f\u0131nda ya\u015fayan sakinl\u0259rin k\u00f6\u00e7\u00fcr\u00fclm\u0259si \u00fc\u00e7\u00fcn s\u0131\u011f\u0131nacaqlar yarad\u0131l\u0131b"},"content":{"rendered":"<p><strong>Bay\u0131l yamac\u0131nda, Bak\u0131 Televiziya Q&uuml;ll\u0259sinin yax\u0131nl\u0131\u011f\u0131ndak\u0131 s&uuml;r&uuml;\u015fm\u0259 il\u0259 ba\u011fl\u0131 S\u0259bail Rayon \u0130cra Hakimiyy\u0259tind\u0259 yarad\u0131lm\u0131\u015f x&uuml;susi q\u0259rargah\u0131n iclas\u0131 ke&ccedil;irilib. Bu bar\u0259d\u0259 APA-ya \u0130cra Hakimiyy\u0259tind\u0259n m\u0259lumat verilib. Bildirilib ki, q\u0259rargah\u0131n iclas\u0131ndan sonra S\u0259bail Rayon \u0130cra Hakimiyy\u0259ti v\u0259 Polis \u0130dar\u0259sinin \u0259m\u0259kda\u015flar\u0131 h\u0259min \u0259razid\u0259 olaraq sakinl\u0259rl\u0259 g&ouml;r&uuml;\u015f&uuml;bl\u0259r.&nbsp;<\/strong><\/p>\n<p>T\u0259hl&uuml;k\u0259sizlik n&ouml;qteyi-n\u0259z\u0259rind\u0259n sakinl\u0259r\u0259 m&uuml;v\u0259qq\u0259ti olaraq evl\u0259rini t\u0259rk etm\u0259l\u0259ri, qohumlar\u0131 v\u0259 yax\u0131nlar\u0131n\u0131n evl\u0259rin\u0259 k&ouml;&ccedil;m\u0259l\u0259ri t\u0259klif olunub.&nbsp; Sakinl\u0259rin k&ouml;&ccedil;&uuml;r&uuml;lm\u0259si &uuml;&ccedil;&uuml;n \u0259razid\u0259ki idar\u0259, t\u0259\u015fkilat v\u0259 m&uuml;\u0259ssis\u0259l\u0259rd\u0259 m&uuml;v\u0259qq\u0259ti s\u0131\u011f\u0131nacaqlar yarad\u0131l\u0131b.<\/p>\n<p>\u018frazi polis n\u0259zar\u0259tin\u0259 g&ouml;t&uuml;r&uuml;l&uuml;b.&nbsp;<\/p>\n","protected":false},"excerpt":{"rendered":"<p>Bay\u0131l yamac\u0131nda, Bak\u0131 Televiziya Q&uuml;ll\u0259sinin yax\u0131nl\u0131\u011f\u0131ndak\u0131 s&uuml;r&uuml;\u015fm\u0259 il\u0259 ba\u011fl\u0131 S\u0259bail Rayon \u0130cra Hakimiyy\u0259tind\u0259 yarad\u0131lm\u0131\u015f x&uuml;susi q\u0259rargah\u0131n iclas\u0131 ke&ccedil;irilib. Bu bar\u0259d\u0259 APA-ya \u0130cra Hakimiyy\u0259tind\u0259n m\u0259lumat verilib. Bildirilib ki, q\u0259rargah\u0131n iclas\u0131ndan sonra&hellip;<\/p>\n","protected":false},"author":1,"featured_media":251278,"comment_status":"open","ping_status":"open","sticky":false,"template":"","format":"standard","meta":{"_lmt_disableupdate":"","_lmt_disable":"","footnotes":""},"categories":[],"tags":[],"class_list":["post-57477","post","type-post","status-publish","format-standard","has-post-thumbnail","hentry"],"_links":{"self":[{"href":"https:\/\/ucnoqta.az\/index.php?rest_route=\/wp\/v2\/posts\/57477","targetHints":{"allow":["GET"]}}],"collection":[{"href":"https:\/\/ucnoqta.az\/index.php?rest_route=\/wp\/v2\/posts"}],"about":[{"href":"https:\/\/ucnoqta.az\/index.php?rest_route=\/wp\/v2\/types\/post"}],"author":[{"embeddable":true,"href":"https:\/\/ucnoqta.az\/index.php?rest_route=\/wp\/v2\/users\/1"}],"replies":[{"embeddable":true,"href":"https:\/\/ucnoqta.az\/index.php?rest_route=%2Fwp%2Fv2%2Fcomments&post=57477"}],"version-history":[{"count":0,"href":"https:\/\/ucnoqta.az\/index.php?rest_route=\/wp\/v2\/posts\/57477\/revisions"}],"wp:featuredmedia":[{"embeddable":true,"href":"https:\/\/ucnoqta.az\/index.php?rest_route=\/wp\/v2\/media\/251278"}],"wp:attachment":[{"href":"https:\/\/ucnoqta.az\/index.php?rest_route=%2Fwp%2Fv2%2Fmedia&parent=57477"}],"wp:term":[{"taxonomy":"category","embeddable":true,"href":"https:\/\/ucnoqta.az\/index.php?rest_route=%2Fwp%2Fv2%2Fcategories&post=57477"},{"taxonomy":"post_tag","embeddable":true,"href":"https:\/\/ucnoqta.az\/index.php?rest_route=%2Fwp%2Fv2%2Ftags&post=57477"}],"curies":[{"name":"wp","href":"https:\/\/api.w.org\/{rel}","templated":true}]}}