{"id":57476,"date":"2018-01-24T17:51:14","date_gmt":"2018-01-24T13:51:14","guid":{"rendered":""},"modified":"-0001-11-30T00:00:00","modified_gmt":"-0001-11-29T20:00:00","slug":"","status":"publish","type":"post","link":"https:\/\/ucnoqta.az\/?p=57476","title":{"rendered":"Az\u0259rbaycan X\u0130N Serj Sarqsyan\u0131n A\u015ePA-n\u0131n sessiyas\u0131nda dedikl\u0259rin\u0259 cavab verib"},"content":{"rendered":"<p><strong>&quot;Erm\u0259nistan-Az\u0259rbaycan m&uuml;naqi\u015f\u0259sinin h\u0259llind\u0259 \u0259sas \u0259dal\u0259tsizlik v\u0259 ya Erm\u0259nistan r\u0259hb\u0259rliyinin dediyi kimi &ldquo;\u0259dal\u0259tin defisiti&rdquo; ilk n&ouml;vb\u0259d\u0259 Az\u0259rbaycan\u0131n suveren \u0259razil\u0259rinin i\u015f\u011fal\u0131 v\u0259 i\u015f\u011fal olunmu\u015f \u0259razil\u0259rd\u0259 bir milyondan art\u0131q Az\u0259rbaycanl\u0131n\u0131n etnik t\u0259mizl\u0259m\u0259y\u0259 m\u0259ruz qalmas\u0131 v\u0259 onlar\u0131n b&uuml;t&uuml;n fundamental h&uuml;quqlar\u0131n\u0131n pozulmas\u0131d\u0131r&quot;.<\/strong><\/p>\n<p>Ucnoqta.az &quot;Report&quot;a istinad\u0259n x\u0259b\u0259r verir ki, bunu Az\u0259rbaycan X\u0130N m\u0259tbuat xidm\u0259tinin r\u0259hb\u0259ri Hikm\u0259t Hac\u0131yev Erm\u0259nistan prezidenti Serj Sarqsyan\u0131n Avropa \u015euras\u0131 Parlament Assambleyas\u0131ndak\u0131 (A\u015ePA) &ccedil;\u0131x\u0131\u015f\u0131na m&uuml;nasib\u0259t bildir\u0259rk\u0259n deyib.<\/p>\n<p>&quot;Erm\u0259nistan Avropa \u015euras\u0131na &uuml;zv q\u0259bul olunark\u0259n m&uuml;naqi\u015f\u0259nin h\u0259llin\u0259 dair &ouml;z &uuml;z\u0259rin\u0259 &ouml;hd\u0259likl\u0259r g&ouml;t&uuml;rs\u0259 d\u0259 bunlar\u0131 h\u0259l\u0259 d\u0259 yerin\u0259 yetirm\u0259yib. Avropa \u015euras\u0131 &uuml;zv d&ouml;vl\u0259tl\u0259r aras\u0131nda vahid h&uuml;quqi m\u0259kan\u0131n formala\u015fd\u0131r\u0131lmas\u0131na m\u0259sul oldu\u011fu halda, Avropa \u015euras\u0131n\u0131n &uuml;zv d&ouml;vl\u0259ti olaraq Erm\u0259nistan\u0131n dig\u0259r &uuml;zv d&ouml;vl\u0259t olan Az\u0259rbaycan\u0131n \u0259razil\u0259rini i\u015f\u011fal alt\u0131nda saxlamaqda davam edir. G&uuml;c t\u0259tbiq ed\u0259r\u0259k dig\u0259r d&ouml;vl\u0259tin tan\u0131nm\u0131\u015f s\u0259rh\u0259dl\u0259rini d\u0259yi\u015fdirm\u0259k v\u0259 ya \u0259razi \u0259ld\u0259 edilm\u0259si c\u0259hdl\u0259ri q\u0259buledilm\u0259zdir.<\/p>\n<p>&Uuml;mid etm\u0259k ist\u0259rdik ki, Avropa \u015euras\u0131n\u0131n r\u0259hb\u0259rliyi bu kimi m\u0259s\u0259l\u0259l\u0259ri, h\u0259m&ccedil;inin Avropa \u0130nsan H&uuml;quqlar\u0131 Konvensiyas\u0131 il\u0259 n\u0259z\u0259rd\u0259 tutulmu\u015f b&uuml;t&uuml;n fundamental h&uuml;quqlar\u0131 pozulmu\u015f az\u0259rbaycanl\u0131 m\u0259cburi k&ouml;&ccedil;k&uuml;n v\u0259 qa&ccedil;q\u0131nlar\u0131n h&uuml;quqlar\u0131n\u0131 Erm\u0259nistan r\u0259hb\u0259rliyi qar\u015f\u0131s\u0131nda qald\u0131r\u0131b&quot;, &#8211; dey\u0259, X\u0130N s&ouml;z&ccedil;&uuml;s&uuml;\u0259lav\u0259 edib.<\/p>\n<p>O bildirib ki, m&uuml;naqi\u015f\u0259nin h\u0259lli il\u0259 \u0259laq\u0259dar Az\u0259rbaycan\u0131n haql\u0131 v\u0259 \u0259dal\u0259tli m&ouml;vqeyi b&uuml;t&uuml;n beyn\u0259lxalq ictimaiyy\u0259t\u0259 b\u0259llidir v\u0259 bu m&ouml;vqe d\u0259st\u0259kl\u0259nir: &quot;Az\u0259rbaycan\u0131n m&ouml;vqeyinin \u0259sas\u0131n\u0131n BMT T\u0259hl&uuml;k\u0259sizlik \u015euras\u0131n\u0131n m&uuml;vafiq q\u0259tnam\u0259l\u0259ri, beyn\u0259lxalq h&uuml;ququn norma v\u0259 prinsipl\u0259ri, Helsinki Yekun Akt\u0131 t\u0259\u015fkil edir. Az\u0259rbaycan\u0131n Da\u011fl\u0131q Qaraba\u011f b&ouml;lg\u0259sinin erm\u0259ni icmas\u0131 Az\u0259rbaycan icmas\u0131 il\u0259 birlikd\u0259 Az\u0259rbaycan\u0131n s\u0259rh\u0259dl\u0259ri daxilind\u0259 &ouml;z m&uuml;q\u0259dd\u0259rat\u0131n\u0131 t\u0259yin etm\u0259k h&uuml;ququndan istifad\u0259 ed\u0259 bil\u0259r.<\/p>\n<p>M&uuml;naqi\u015f\u0259nin h\u0259llind\u0259 ir\u0259lil\u0259yi\u015f\u0259 nail olmaq &uuml;&ccedil;&uuml;n m\u0259rh\u0259l\u0259li prosesin t\u0259rkib hiss\u0259si kimi ilk n&ouml;vb\u0259d\u0259 Az\u0259rbaycan\u0131n Da\u011fl\u0131q Qaraba\u011f b&ouml;lg\u0259si \u0259traf\u0131ndak\u0131 rayonlardan Erm\u0259nistan qo\u015funlar\u0131 &ccedil;\u0131xar\u0131lmal\u0131, n&ouml;vb\u0259ti add\u0131mlar\u0131n at\u0131lmas\u0131 &uuml;&ccedil;&uuml;n z\u0259min yarad\u0131lmal\u0131d\u0131r. M&uuml;naqi\u015f\u0259nin h\u0259llind\u0259 yegan\u0259 m&uuml;mk&uuml;n v\u0259 real h\u0259ll variant\u0131d\u0131r.<\/p>\n<p>Bununla i\u015f\u011fala v\u0259 t\u0259cav&uuml;z\u0259 m\u0259ruz qalm\u0131\u015f t\u0259r\u0259f kimi Az\u0259rbaycan\u0131n etimad\u0131 t\u0259min olunmal\u0131d\u0131r. 2017-ci ilin avqustunda AT\u018fT AB\u015e-dan olan h\u0259ms\u0259dri Ri&ccedil;ard Hoaqland dig\u0259r h\u0259ms\u0259drl\u0259rl\u0259 h\u0259mr\u0259y \u015f\u0259kild\u0259 m&uuml;naqi\u015f\u0259nin h\u0259lli &uuml;zr\u0259 at\u0131lmal\u0131 olan m\u0259rh\u0259l\u0259li add\u0131mlar\u0131 a&ccedil;\u0131qlad\u0131. Bu g&uuml;nl\u0259rd\u0259 Rusiya Federasiyas\u0131 xarici i\u015fl\u0259r naziri Serqey Lavrov t\u0259r\u0259find\u0259n d\u0259 m&uuml;naqi\u015f\u0259nin m\u0259rh\u0259l\u0259li h\u0259lli bar\u0259d\u0259 a&ccedil;\u0131qlama verildi.<\/p>\n<p>M&uuml;r\u0259kk\u0259b xarakter da\u015f\u0131yan Erm\u0259nistan-Az\u0259rbaycan m&uuml;naqi\u015f\u0259sinin bir s\u0259n\u0259dl\u0259 h\u0259ll edilm\u0259sin\u0259 dair Erm\u0259nistan\u0131n iddias\u0131 utopiyad\u0131r v\u0259 m&uuml;naqi\u015f\u0259nin h\u0259llin\u0259 imkan verm\u0259m\u0259k &uuml;&ccedil;&uuml;n b\u0259han\u0259d\u0259n ba\u015fqa bir \u015fey deyildir.<\/p>\n<p>Erm\u0259nistan\u0131n 2016-c\u0131 ilin aprelind\u0259 t\u0259mas x\u0259tti boyunca m&uuml;lki insanlar\u0131 a\u011f\u0131r silahlardan h\u0259d\u0259f\u0259 almas\u0131 biz\u0259 Erm\u0259nistan prezidentinin \u015f\u0259xs\u0259n i\u015ftirak etdiyi Xocal\u0131 soyq\u0131r\u0131m\u0131n\u0131n ac\u0131lar\u0131n\u0131 bir daha xat\u0131rlatd\u0131. Az\u0259rbaycan silahl\u0131 q&uuml;vv\u0259l\u0259rinin \u0259ks-h\u0259ml\u0259 t\u0259dbirl\u0259ri il\u0259 Erm\u0259nistan\u0131n m&uuml;lki insanlara qar\u015f\u0131 t\u0259xribat v\u0259 h&uuml;cumlar\u0131n\u0131n qar\u015f\u0131s\u0131 al\u0131nd\u0131.<\/p>\n<p>1988-ci il Sumqay\u0131t hadis\u0259l\u0259rinin SSR\u0130 r\u0259hb\u0259rliyi, SSR\u0130 D&ouml;vl\u0259t T\u0259hl&uuml;k\u0259sizlik Komit\u0259si v\u0259 Erm\u0259nistan SSR DTK t\u0259r\u0259find\u0259n t\u0259\u015fkil olunmas\u0131 SSR\u0130 Ba\u015f Prokurorlu\u011fu t\u0259r\u0259find\u0259n apar\u0131lan v\u0259 Az\u0259rbaycan Ba\u015f Prokurorlu\u011fu t\u0259r\u0259find\u0259n t\u0259krar icraata g&ouml;t&uuml;r&uuml;l\u0259n istintaq vasit\u0259sil\u0259 t\u0259sdiq olunub. Sumqay\u0131t hadis\u0259l\u0259rinin t\u0259\u015fkilat&ccedil;\u0131s\u0131 v\u0259 onu t&ouml;r\u0259d\u0259n \u015f\u0259xs \u0259sl\u0259n erm\u0259ni Eduard Qriqoryan m&uuml;\u0259mmal\u0131 \u015f\u0259kild\u0259 Erm\u0259nistanda h\u0259bsd\u0259n azad edilib. Hal-haz\u0131rda onun x&uuml;susi himay\u0259 alt\u0131nda harada oldu\u011funu Erm\u0259nistan r\u0259hb\u0259rliyi g&ouml;z\u0259l bilir.<\/p>\n<p>Sumqay\u0131tda t&ouml;r\u0259dilmi\u015f cinay\u0259t ara\u015fd\u0131r\u0131ld\u0131 v\u0259 onun i\u015ftirak&ccedil;\u0131s\u0131 olan \u015f\u0259xsl\u0259r, o c&uuml;ml\u0259d\u0259n az\u0259rbaycanl\u0131lar \u0259n a\u011f\u0131r c\u0259za n&ouml;v&uuml; il\u0259 c\u0259zaland\u0131r\u0131ld\u0131lar. Erm\u0259nistan \u0259razisind\u0259, i\u015f\u011fal olunmu\u015f Az\u0259rbaycan \u0259razil\u0259rind\u0259 az\u0259rbaycanl\u0131lara qar\u015f\u0131 t&ouml;r\u0259dilmi\u015f he&ccedil; bir cinay\u0259t i\u015fi, o c&uuml;ml\u0259d\u0259n insanl\u0131q \u0259leyhin\u0259 cinay\u0259t \u0259m\u0259li olan Xocal\u0131 soyq\u0131r\u0131m\u0131 ara\u015fd\u0131r\u0131lmay\u0131b.<\/p>\n<p>Avropa \u015euras\u0131 Parlament Assambleyas\u0131ndak\u0131 &ccedil;\u0131x\u0131\u015f\u0131 il\u0259 Erm\u0259nistan r\u0259hb\u0259rliyi yen\u0259 d\u0259 beyn\u0259lxalq ictimaiyy\u0259ti aldatma\u011fa, Erm\u0259nistanda m&ouml;vcud olan k&ouml;kl&uuml; siyasi, iqtisadi v\u0259 sosial probleml\u0259rd\u0259n diqq\u0259ti yay\u0131nd\u0131rma\u011fa &ccedil;al\u0131\u015f\u0131b.<\/p>\n<p>Erm\u0259nistan r\u0259hb\u0259rliyi n\u0259hay\u0259t ba\u015fa d&uuml;\u015fm\u0259lidir ki, n\u0259 q\u0259d\u0259r tez m&uuml;naqi\u015f\u0259 h\u0259ll olunarsa, bir q\u0259d\u0259r d\u0259 tez Erm\u0259nistan \u0259halisi yaranacaq regional \u0259m\u0259kda\u015fl\u0131q imkanlar\u0131ndan faydalana bil\u0259c\u0259k&quot;.<\/p>\n","protected":false},"excerpt":{"rendered":"<p>&quot;Erm\u0259nistan-Az\u0259rbaycan m&uuml;naqi\u015f\u0259sinin h\u0259llind\u0259 \u0259sas \u0259dal\u0259tsizlik v\u0259 ya Erm\u0259nistan r\u0259hb\u0259rliyinin dediyi kimi &ldquo;\u0259dal\u0259tin defisiti&rdquo; ilk n&ouml;vb\u0259d\u0259 Az\u0259rbaycan\u0131n suveren \u0259razil\u0259rinin i\u015f\u011fal\u0131 v\u0259 i\u015f\u011fal olunmu\u015f \u0259razil\u0259rd\u0259 bir milyondan art\u0131q Az\u0259rbaycanl\u0131n\u0131n etnik t\u0259mizl\u0259m\u0259y\u0259 m\u0259ruz&hellip;<\/p>\n","protected":false},"author":1,"featured_media":251278,"comment_status":"open","ping_status":"open","sticky":false,"template":"","format":"standard","meta":{"_lmt_disableupdate":"","_lmt_disable":"","footnotes":""},"categories":[86],"tags":[],"class_list":["post-57476","post","type-post","status-publish","format-standard","has-post-thumbnail","hentry","category-siyaset"],"_links":{"self":[{"href":"https:\/\/ucnoqta.az\/index.php?rest_route=\/wp\/v2\/posts\/57476","targetHints":{"allow":["GET"]}}],"collection":[{"href":"https:\/\/ucnoqta.az\/index.php?rest_route=\/wp\/v2\/posts"}],"about":[{"href":"https:\/\/ucnoqta.az\/index.php?rest_route=\/wp\/v2\/types\/post"}],"author":[{"embeddable":true,"href":"https:\/\/ucnoqta.az\/index.php?rest_route=\/wp\/v2\/users\/1"}],"replies":[{"embeddable":true,"href":"https:\/\/ucnoqta.az\/index.php?rest_route=%2Fwp%2Fv2%2Fcomments&post=57476"}],"version-history":[{"count":0,"href":"https:\/\/ucnoqta.az\/index.php?rest_route=\/wp\/v2\/posts\/57476\/revisions"}],"wp:featuredmedia":[{"embeddable":true,"href":"https:\/\/ucnoqta.az\/index.php?rest_route=\/wp\/v2\/media\/251278"}],"wp:attachment":[{"href":"https:\/\/ucnoqta.az\/index.php?rest_route=%2Fwp%2Fv2%2Fmedia&parent=57476"}],"wp:term":[{"taxonomy":"category","embeddable":true,"href":"https:\/\/ucnoqta.az\/index.php?rest_route=%2Fwp%2Fv2%2Fcategories&post=57476"},{"taxonomy":"post_tag","embeddable":true,"href":"https:\/\/ucnoqta.az\/index.php?rest_route=%2Fwp%2Fv2%2Ftags&post=57476"}],"curies":[{"name":"wp","href":"https:\/\/api.w.org\/{rel}","templated":true}]}}