{"id":57475,"date":"2018-01-24T17:33:16","date_gmt":"2018-01-24T13:33:16","guid":{"rendered":""},"modified":"-0001-11-30T00:00:00","modified_gmt":"-0001-11-29T20:00:00","slug":"","status":"publish","type":"post","link":"https:\/\/ucnoqta.az\/?p=57475","title":{"rendered":"Sumqay\u0131tda m\u0259kt\u0259bd\u0259n \u00e7\u0131xan ana v\u0259 \u00f6vlad\u0131n\u0131 ma\u015f\u0131n vurub, <font color=red><b>azya\u015fl\u0131 \u00f6l\u00fcb<\/b><\/font>"},"content":{"rendered":"<p><strong>Q\u0259za zaman\u0131 azya\u015fl\u0131 el\u0259 hadis\u0259 yerind\u0259c\u0259 ke&ccedil;inib<\/strong><\/p>\n<p>Sumqay\u0131t \u015f\u0259h\u0259rind\u0259 m\u0259kt\u0259bd\u0259n &ccedil;\u0131xan ana v\u0259 &ouml;vlad\u0131n\u0131 ma\u015f\u0131n vurub, u\u015faq &ouml;l&uuml;b. Ucnoqta.az &quot;Report&quot;a istinad\u0259n x\u0259b\u0259r verir ki, hadis\u0259 \u015f\u0259h\u0259rin 12-ci mikrorayonunda, 21 n&ouml;mr\u0259li tam orta m\u0259kt\u0259bin qar\u015f\u0131s\u0131nda ba\u015f verib.<br \/>\nBel\u0259 ki, 39 ya\u015fl\u0131 B\u0259sdi Tanr\u0131verdiyeva v\u0259 8 ya\u015fl\u0131 q\u0131z\u0131 Fidan Tanr\u0131verdiyeva Sumqay\u0131t \u015f\u0259h\u0259r 21 n&ouml;mr\u0259li m\u0259kt\u0259bd\u0259n &ccedil;\u0131xark\u0259n onlar\u0131 avtomobil vurub.<br \/>\nQ\u0259za zaman\u0131 azya\u015fl\u0131 el\u0259 hadis\u0259 yerind\u0259c\u0259 ke&ccedil;inib. Yaral\u0131 ana d\u0259rhal Sumqay\u0131t \u015e\u0259h\u0259r T\u0259cili Tibbi Yard\u0131m X\u0259st\u0259xanas\u0131na &ccedil;atd\u0131r\u0131l\u0131b. Reanimasiya \u015f&ouml;b\u0259sin\u0259 yerl\u0259\u015fdiril\u0259n x\u0259st\u0259nin v\u0259ziyy\u0259tinin a\u011f\u0131r oldu\u011fu bildirilir.<br \/>\nHadis\u0259d\u0259n sonra s&uuml;r&uuml;c&uuml; saxlan\u0131laraq m\u0259suliyy\u0259t\u0259 c\u0259lb olunub.<\/p>\n<p>Faktla ba\u011fl\u0131 ara\u015fd\u0131rma apar\u0131l\u0131r.<\/p>\n","protected":false},"excerpt":{"rendered":"<p>Q\u0259za zaman\u0131 azya\u015fl\u0131 el\u0259 hadis\u0259 yerind\u0259c\u0259 ke&ccedil;inib Sumqay\u0131t \u015f\u0259h\u0259rind\u0259 m\u0259kt\u0259bd\u0259n &ccedil;\u0131xan ana v\u0259 &ouml;vlad\u0131n\u0131 ma\u015f\u0131n vurub, u\u015faq &ouml;l&uuml;b. Ucnoqta.az &quot;Report&quot;a istinad\u0259n x\u0259b\u0259r verir ki, hadis\u0259 \u015f\u0259h\u0259rin 12-ci mikrorayonunda, 21 n&ouml;mr\u0259li&hellip;<\/p>\n","protected":false},"author":1,"featured_media":251278,"comment_status":"open","ping_status":"open","sticky":false,"template":"","format":"standard","meta":{"_lmt_disableupdate":"","_lmt_disable":"","footnotes":""},"categories":[],"tags":[],"class_list":["post-57475","post","type-post","status-publish","format-standard","has-post-thumbnail","hentry"],"_links":{"self":[{"href":"https:\/\/ucnoqta.az\/index.php?rest_route=\/wp\/v2\/posts\/57475","targetHints":{"allow":["GET"]}}],"collection":[{"href":"https:\/\/ucnoqta.az\/index.php?rest_route=\/wp\/v2\/posts"}],"about":[{"href":"https:\/\/ucnoqta.az\/index.php?rest_route=\/wp\/v2\/types\/post"}],"author":[{"embeddable":true,"href":"https:\/\/ucnoqta.az\/index.php?rest_route=\/wp\/v2\/users\/1"}],"replies":[{"embeddable":true,"href":"https:\/\/ucnoqta.az\/index.php?rest_route=%2Fwp%2Fv2%2Fcomments&post=57475"}],"version-history":[{"count":0,"href":"https:\/\/ucnoqta.az\/index.php?rest_route=\/wp\/v2\/posts\/57475\/revisions"}],"wp:featuredmedia":[{"embeddable":true,"href":"https:\/\/ucnoqta.az\/index.php?rest_route=\/wp\/v2\/media\/251278"}],"wp:attachment":[{"href":"https:\/\/ucnoqta.az\/index.php?rest_route=%2Fwp%2Fv2%2Fmedia&parent=57475"}],"wp:term":[{"taxonomy":"category","embeddable":true,"href":"https:\/\/ucnoqta.az\/index.php?rest_route=%2Fwp%2Fv2%2Fcategories&post=57475"},{"taxonomy":"post_tag","embeddable":true,"href":"https:\/\/ucnoqta.az\/index.php?rest_route=%2Fwp%2Fv2%2Ftags&post=57475"}],"curies":[{"name":"wp","href":"https:\/\/api.w.org\/{rel}","templated":true}]}}