{"id":57474,"date":"2018-01-24T17:33:33","date_gmt":"2018-01-24T13:33:33","guid":{"rendered":""},"modified":"-0001-11-30T00:00:00","modified_gmt":"-0001-11-29T20:00:00","slug":"","status":"publish","type":"post","link":"https:\/\/ucnoqta.az\/?p=57474","title":{"rendered":"Az\u0259rbaycan &#8211; Kosovo oyunu ba\u015f tutmayacaq"},"content":{"rendered":"<p><strong>Az\u0259rbaycan millisinin Kosovo il\u0259 fevral\u0131n 2-d\u0259 ke&ccedil;irilm\u0259li olan yoxlama oyunu ba\u015f tutmayacaq.<\/strong><\/p>\n<p>Apasport.az AFFA-n\u0131n sayt\u0131na istinad\u0259n m\u0259lumat verir ki, buna UEFA Mill\u0259tl\u0259r Liqas\u0131 turnirinin bu g&uuml;n \u0130sve&ccedil;r\u0259nin Lozanna \u015f\u0259h\u0259rind\u0259 ke&ccedil;irilmi\u015f p&uuml;\u015fkatmas\u0131 s\u0259b\u0259b olub.<br \/>\n&nbsp;<br \/>\nP&uuml;\u015fk&uuml;n n\u0259tic\u0259sin\u0259 \u0259sas\u0259n, Az\u0259rbaycan v\u0259 Kosovo milli komandalar\u0131n\u0131n eyni qrupda m&uuml;bariz\u0259 aparaca\u011f\u0131 m&uuml;\u0259yy\u0259nl\u0259\u015fdiyi &uuml;&ccedil;&uuml;n fevral\u0131n 2-d\u0259 T&uuml;rkiy\u0259nin Antalya \u015f\u0259h\u0259rind\u0259 bu komandalar aras\u0131nda planla\u015fd\u0131r\u0131lan yolda\u015fl\u0131q oyunu ba\u015f tutmayacaq. Bununla \u0259laq\u0259dar h\u0259r iki futbol federasiyas\u0131n\u0131n r\u0259hb\u0259rliyi aras\u0131nda p&uuml;\u015fkatmadan sonra g&ouml;r&uuml;\u015f ke&ccedil;irilib v\u0259 qar\u015f\u0131l\u0131ql\u0131 raz\u0131l\u0131q \u0259ld\u0259 olunub.&nbsp;<\/p>\n","protected":false},"excerpt":{"rendered":"<p>Az\u0259rbaycan millisinin Kosovo il\u0259 fevral\u0131n 2-d\u0259 ke&ccedil;irilm\u0259li olan yoxlama oyunu ba\u015f tutmayacaq. Apasport.az AFFA-n\u0131n sayt\u0131na istinad\u0259n m\u0259lumat verir ki, buna UEFA Mill\u0259tl\u0259r Liqas\u0131 turnirinin bu g&uuml;n \u0130sve&ccedil;r\u0259nin Lozanna \u015f\u0259h\u0259rind\u0259 ke&ccedil;irilmi\u015f&hellip;<\/p>\n","protected":false},"author":1,"featured_media":251278,"comment_status":"open","ping_status":"open","sticky":false,"template":"","format":"standard","meta":{"_lmt_disableupdate":"","_lmt_disable":"","footnotes":""},"categories":[90],"tags":[],"class_list":["post-57474","post","type-post","status-publish","format-standard","has-post-thumbnail","hentry","category-idman-butun-xeberler"],"_links":{"self":[{"href":"https:\/\/ucnoqta.az\/index.php?rest_route=\/wp\/v2\/posts\/57474","targetHints":{"allow":["GET"]}}],"collection":[{"href":"https:\/\/ucnoqta.az\/index.php?rest_route=\/wp\/v2\/posts"}],"about":[{"href":"https:\/\/ucnoqta.az\/index.php?rest_route=\/wp\/v2\/types\/post"}],"author":[{"embeddable":true,"href":"https:\/\/ucnoqta.az\/index.php?rest_route=\/wp\/v2\/users\/1"}],"replies":[{"embeddable":true,"href":"https:\/\/ucnoqta.az\/index.php?rest_route=%2Fwp%2Fv2%2Fcomments&post=57474"}],"version-history":[{"count":0,"href":"https:\/\/ucnoqta.az\/index.php?rest_route=\/wp\/v2\/posts\/57474\/revisions"}],"wp:featuredmedia":[{"embeddable":true,"href":"https:\/\/ucnoqta.az\/index.php?rest_route=\/wp\/v2\/media\/251278"}],"wp:attachment":[{"href":"https:\/\/ucnoqta.az\/index.php?rest_route=%2Fwp%2Fv2%2Fmedia&parent=57474"}],"wp:term":[{"taxonomy":"category","embeddable":true,"href":"https:\/\/ucnoqta.az\/index.php?rest_route=%2Fwp%2Fv2%2Fcategories&post=57474"},{"taxonomy":"post_tag","embeddable":true,"href":"https:\/\/ucnoqta.az\/index.php?rest_route=%2Fwp%2Fv2%2Ftags&post=57474"}],"curies":[{"name":"wp","href":"https:\/\/api.w.org\/{rel}","templated":true}]}}