{"id":57472,"date":"2018-01-24T17:13:23","date_gmt":"2018-01-24T13:13:23","guid":{"rendered":""},"modified":"-0001-11-30T00:00:00","modified_gmt":"-0001-11-29T20:00:00","slug":"","status":"publish","type":"post","link":"https:\/\/ucnoqta.az\/?p=57472","title":{"rendered":"T\u00fcrkiy\u0259 SQ Afrind\u0259 daha bir ya\u015fay\u0131\u015f m\u0259nt\u0259q\u0259sini azad etdi"},"content":{"rendered":"<p><strong>Suriyan\u0131n Afrin b&ouml;lg\u0259sind\u0259 davam ed\u0259n &ldquo;Zeytun buda\u011f\u0131&rdquo; \u0259m\u0259liyyat\u0131 &ccedil;\u0259r&ccedil;iv\u0259sind\u0259 T&uuml;rkiy\u0259 Silahl\u0131 Q&uuml;vv\u0259l\u0259ri daha bir ya\u015fay\u0131\u015f m\u0259nt\u0259q\u0259sini terro&ccedil;ulardan t\u0259mizl\u0259yib.<\/strong><br \/>\n&nbsp;<\/p>\n<p>&quot;Ucnoqta.az&quot; Trend-\u0259 istinad\u0259n bildirir ki, bununla da Afrind\u0259 azad edil\u0259n ya\u015fay\u0131\u015f m\u0259nt\u0259q\u0259l\u0259rinin say\u0131 13-\u0259 &ccedil;at\u0131b.<br \/>\n&nbsp;<\/p>\n<p>Bildirilir ki, \u0259m\u0259liyyatlar zaman\u0131 20-d\u0259n &ccedil;ox terror&ccedil;u \u0259sir g&ouml;t&uuml;r&uuml;l&uuml;b, 214 obyekt m\u0259hv edilib.<br \/>\n&nbsp;<\/p>\n<p>\u0130nsan itkil\u0259ri il\u0259 ba\u011fl\u0131 daha &ouml;nc\u0259 T&uuml;rkiy\u0259 Prezidenti R\u0259c\u0259b Tayyib \u018frdo\u011fan b\u0259yan etmi\u015fdi ki, T&uuml;rkiy\u0259 Silahl\u0131 Q&uuml;vv\u0259l\u0259ri v\u0259 Suriya m&uuml;xalif\u0259ti &quot;Zeytun buda\u011f\u0131&quot; h\u0259rbi \u0259m\u0259liyyat\u0131n\u0131n ilk 4 g&uuml;n&uuml; \u0259rzind\u0259 7-8 n\u0259f\u0259r itki verib, terror&ccedil;ulardan is\u0259 268 n\u0259f\u0259rin z\u0259r\u0259rsizl\u0259\u015fdirildiyi bildirilib.<\/p>\n<p>&nbsp;<\/p>\n<p>Xat\u0131rladaq ki, yanvar\u0131n 20-d\u0259 T&uuml;rkiy\u0259 Silahl\u0131 Q&uuml;vv\u0259l\u0259ri Suriyan\u0131n Afrin \u015f\u0259h\u0259rind\u0259 PYD v\u0259 YPG terror&ccedil;ular\u0131na qar\u015f\u0131 \u0259m\u0259liyyata ba\u015flay\u0131b. &quot;Zeytun buda\u011f\u0131&quot; ad\u0131 alt\u0131nda ke&ccedil;iril\u0259n \u0259m\u0259liyyatlara T&uuml;rkiy\u0259 H\u0259rbi Hava Q&uuml;vv\u0259l\u0259rinin &quot;F-16&quot; t\u0259yyar\u0259l\u0259ri d\u0259 c\u0259lb olunub.<\/p>\n","protected":false},"excerpt":{"rendered":"<p>Suriyan\u0131n Afrin b&ouml;lg\u0259sind\u0259 davam ed\u0259n &ldquo;Zeytun buda\u011f\u0131&rdquo; \u0259m\u0259liyyat\u0131 &ccedil;\u0259r&ccedil;iv\u0259sind\u0259 T&uuml;rkiy\u0259 Silahl\u0131 Q&uuml;vv\u0259l\u0259ri daha bir ya\u015fay\u0131\u015f m\u0259nt\u0259q\u0259sini terro&ccedil;ulardan t\u0259mizl\u0259yib. &nbsp; &quot;Ucnoqta.az&quot; Trend-\u0259 istinad\u0259n bildirir ki, bununla da Afrind\u0259 azad edil\u0259n ya\u015fay\u0131\u015f&hellip;<\/p>\n","protected":false},"author":1,"featured_media":251278,"comment_status":"open","ping_status":"open","sticky":false,"template":"","format":"standard","meta":{"_lmt_disableupdate":"","_lmt_disable":"","footnotes":""},"categories":[89],"tags":[],"class_list":["post-57472","post","type-post","status-publish","format-standard","has-post-thumbnail","hentry","category-dunya-butun-xeberler"],"_links":{"self":[{"href":"https:\/\/ucnoqta.az\/index.php?rest_route=\/wp\/v2\/posts\/57472","targetHints":{"allow":["GET"]}}],"collection":[{"href":"https:\/\/ucnoqta.az\/index.php?rest_route=\/wp\/v2\/posts"}],"about":[{"href":"https:\/\/ucnoqta.az\/index.php?rest_route=\/wp\/v2\/types\/post"}],"author":[{"embeddable":true,"href":"https:\/\/ucnoqta.az\/index.php?rest_route=\/wp\/v2\/users\/1"}],"replies":[{"embeddable":true,"href":"https:\/\/ucnoqta.az\/index.php?rest_route=%2Fwp%2Fv2%2Fcomments&post=57472"}],"version-history":[{"count":0,"href":"https:\/\/ucnoqta.az\/index.php?rest_route=\/wp\/v2\/posts\/57472\/revisions"}],"wp:featuredmedia":[{"embeddable":true,"href":"https:\/\/ucnoqta.az\/index.php?rest_route=\/wp\/v2\/media\/251278"}],"wp:attachment":[{"href":"https:\/\/ucnoqta.az\/index.php?rest_route=%2Fwp%2Fv2%2Fmedia&parent=57472"}],"wp:term":[{"taxonomy":"category","embeddable":true,"href":"https:\/\/ucnoqta.az\/index.php?rest_route=%2Fwp%2Fv2%2Fcategories&post=57472"},{"taxonomy":"post_tag","embeddable":true,"href":"https:\/\/ucnoqta.az\/index.php?rest_route=%2Fwp%2Fv2%2Ftags&post=57472"}],"curies":[{"name":"wp","href":"https:\/\/api.w.org\/{rel}","templated":true}]}}