{"id":57470,"date":"2018-01-24T16:59:53","date_gmt":"2018-01-24T12:59:53","guid":{"rendered":""},"modified":"-0001-11-30T00:00:00","modified_gmt":"-0001-11-29T20:00:00","slug":"","status":"publish","type":"post","link":"https:\/\/ucnoqta.az\/?p=57470","title":{"rendered":"Qurbanov UEFA Mill\u0259tl\u0259r Liqas\u0131n\u0131n p\u00fc\u015fk\u00fcn\u00fc d\u0259y\u0259rl\u0259ndirib"},"content":{"rendered":"<p><strong>Az\u0259rbaycan milli komandas\u0131n\u0131n ba\u015f m\u0259\u015fq&ccedil;isi Qurban Qurbanov affa.az-a UEFA Mill\u0259tl\u0259r Liqas\u0131n\u0131n p&uuml;\u015fk&uuml;n&uuml; d\u0259y\u0259rl\u0259ndirib:<\/strong><\/p>\n<p>&ldquo;Xeyirli-u\u011furlu olsun. H\u0259r bir komanda r\u0259qibimiz ola bil\u0259rdi. Art\u0131q p&uuml;\u015fk at\u0131l\u0131b v\u0259 r\u0259qibl\u0259rimizi tan\u0131ma\u011fa, d&uuml;zg&uuml;n haz\u0131rla\u015fma\u011fa, komandam\u0131z\u0131 formala\u015fd\u0131rma\u011fa &ccedil;al\u0131\u015fmal\u0131y\u0131q. Qar\u015f\u0131da xeyli vaxt\u0131m\u0131z var. Oyunlara q\u0259d\u0259r daha g&uuml;cl&uuml;, mehriban komanda qurma\u011f\u0131 bacaraca\u011f\u0131m\u0131za inan\u0131ram&quot;.<\/p>\n<p>&quot;Ucnoqta.az&quot; &quot;Report&quot;a istinad\u0259n bildirir ki, bunu Az\u0259rbaycan milli komandas\u0131n\u0131n ba\u015f m\u0259\u015fq&ccedil;isi Qurban Qurbanov UEFA Mill\u0259tl\u0259r Liqas\u0131n\u0131n p&uuml;\u015fk&uuml;n&uuml;n n\u0259tic\u0259l\u0259rini d\u0259y\u0259rl\u0259ndir\u0259rk\u0259n deyib.<\/p>\n<p>46 ya\u015fl\u0131 m&uuml;t\u0259x\u0259ssis \u015fanslar\u0131ndan sona q\u0259d\u0259r yararlanma\u011fa &ccedil;al\u0131\u015facaqlar\u0131n\u0131 bildirib:<\/p>\n<p>&quot;P&uuml;\u015fkd\u0259n \u0259vv\u0259l komandalar aras\u0131nda hans\u0131sa se&ccedil;im etdiyimi dey\u0259 bilm\u0259r\u0259m. &Ccedil;&uuml;nki he&ccedil; vaxt bel\u0259 m\u0259s\u0259l\u0259l\u0259r haqda d&uuml;\u015f&uuml;nm\u0259mi\u015f\u0259m. P&uuml;\u015fk bir lotereyad\u0131r. Art\u0131q r\u0259qibl\u0259rimizi tan\u0131y\u0131r\u0131q. B&uuml;t&uuml;n diqq\u0259timizi v\u0259 i\u015fl\u0259rimizi bu istiqam\u0259t\u0259 y&ouml;n\u0259ld\u0259c\u0259yik. Bu g&uuml;n d&uuml;nya futbolunda h\u0259r c&uuml;r n\u0259tic\u0259l\u0259rl\u0259 qar\u015f\u0131la\u015f\u0131r\u0131q. Z\u0259if hesab etdiyimiz milli bel\u0259 g&uuml;cl&uuml; r\u0259qibind\u0259n xal alma\u011f\u0131 bacar\u0131r. Mill\u0259ttl\u0259r Liqas\u0131 ilk d\u0259f\u0259 ke&ccedil;iril\u0259c\u0259k. H\u0259r k\u0259sin g&ouml;z&uuml; bu yar\u0131\u015fdad\u0131r v\u0259 &ccedil;al\u0131\u015facaqlar \u015fanslar\u0131ndan maksimum istifad\u0259 etsinl\u0259r. Ba\u015fqa yar\u0131\u015f olsayd\u0131, b\u0259lk\u0259 d\u0259 indiki r\u0259qibl\u0259rimiz\u0259 qar\u015f\u0131 oynamaq rahat olard\u0131. Ancaq Avropa &ccedil;empionat\u0131na yollanmaq bax\u0131m\u0131ndan, komandalar\u0131n ham\u0131s\u0131 \u015fans\u0131ndan sona q\u0259d\u0259r istifad\u0259 etm\u0259y\u0259 &ccedil;al\u0131\u015facaq, m&uuml;bariz\u0259 aparacaq. Biz d\u0259 h\u0259min komandalardan biriyik. \u018flb\u0259tt\u0259, h\u0259r add\u0131mda r\u0259qibl\u0259rimiz\u0259 qar\u015f\u0131 diqq\u0259tli olmal\u0131, onlar\u0131 d&uuml;zg&uuml;n d\u0259y\u0259rl\u0259ndirm\u0259liyik. Bu komandalardan b\u0259zil\u0259ri il\u0259 m&uuml;xt\u0259lif vaxtlarda qar\u015f\u0131la\u015fm\u0131\u015f\u0131q, u\u011furlu v\u0259 ya u\u011fursuz n\u0259tic\u0259l\u0259rimiz var.<\/p>\n<p>Azarke\u015fl\u0259rimiz\u0259 milli komandan\u0131 d\u0259st\u0259kl\u0259dikl\u0259rin\u0259 g&ouml;r\u0259 t\u0259\u015f\u0259kk&uuml;r edir\u0259m. \u0130nan\u0131ram ki, millimizin u\u011fur qazanmas\u0131 &uuml;&ccedil;&uuml;n yen\u0259 birl\u0259\u015f\u0259c\u0259yik&quot;.<\/p>\n","protected":false},"excerpt":{"rendered":"<p>Az\u0259rbaycan milli komandas\u0131n\u0131n ba\u015f m\u0259\u015fq&ccedil;isi Qurban Qurbanov affa.az-a UEFA Mill\u0259tl\u0259r Liqas\u0131n\u0131n p&uuml;\u015fk&uuml;n&uuml; d\u0259y\u0259rl\u0259ndirib: &ldquo;Xeyirli-u\u011furlu olsun. H\u0259r bir komanda r\u0259qibimiz ola bil\u0259rdi. Art\u0131q p&uuml;\u015fk at\u0131l\u0131b v\u0259 r\u0259qibl\u0259rimizi tan\u0131ma\u011fa, d&uuml;zg&uuml;n haz\u0131rla\u015fma\u011fa, komandam\u0131z\u0131&hellip;<\/p>\n","protected":false},"author":1,"featured_media":251278,"comment_status":"open","ping_status":"open","sticky":false,"template":"","format":"standard","meta":{"_lmt_disableupdate":"","_lmt_disable":"","footnotes":""},"categories":[90],"tags":[],"class_list":["post-57470","post","type-post","status-publish","format-standard","has-post-thumbnail","hentry","category-idman-butun-xeberler"],"_links":{"self":[{"href":"https:\/\/ucnoqta.az\/index.php?rest_route=\/wp\/v2\/posts\/57470","targetHints":{"allow":["GET"]}}],"collection":[{"href":"https:\/\/ucnoqta.az\/index.php?rest_route=\/wp\/v2\/posts"}],"about":[{"href":"https:\/\/ucnoqta.az\/index.php?rest_route=\/wp\/v2\/types\/post"}],"author":[{"embeddable":true,"href":"https:\/\/ucnoqta.az\/index.php?rest_route=\/wp\/v2\/users\/1"}],"replies":[{"embeddable":true,"href":"https:\/\/ucnoqta.az\/index.php?rest_route=%2Fwp%2Fv2%2Fcomments&post=57470"}],"version-history":[{"count":0,"href":"https:\/\/ucnoqta.az\/index.php?rest_route=\/wp\/v2\/posts\/57470\/revisions"}],"wp:featuredmedia":[{"embeddable":true,"href":"https:\/\/ucnoqta.az\/index.php?rest_route=\/wp\/v2\/media\/251278"}],"wp:attachment":[{"href":"https:\/\/ucnoqta.az\/index.php?rest_route=%2Fwp%2Fv2%2Fmedia&parent=57470"}],"wp:term":[{"taxonomy":"category","embeddable":true,"href":"https:\/\/ucnoqta.az\/index.php?rest_route=%2Fwp%2Fv2%2Fcategories&post=57470"},{"taxonomy":"post_tag","embeddable":true,"href":"https:\/\/ucnoqta.az\/index.php?rest_route=%2Fwp%2Fv2%2Ftags&post=57470"}],"curies":[{"name":"wp","href":"https:\/\/api.w.org\/{rel}","templated":true}]}}