{"id":57468,"date":"2018-01-24T16:52:30","date_gmt":"2018-01-24T12:52:30","guid":{"rendered":""},"modified":"-0001-11-30T00:00:00","modified_gmt":"-0001-11-29T20:00:00","slug":"","status":"publish","type":"post","link":"https:\/\/ucnoqta.az\/?p=57468","title":{"rendered":"Elxan M\u0259mm\u0259dov: <font color=red><b>&#8220;Bizi maraql\u0131 yar\u0131\u015f g\u00f6zl\u0259yir&#8221;<\/b><\/font>"},"content":{"rendered":"<p><strong>&nbsp;&quot;Bizi maraql\u0131 yar\u0131\u015f g&ouml;zl\u0259yir. &Uuml;&ccedil; ay \u0259rzind\u0259 yar\u0131\u015f\u0131n qrup m\u0259rh\u0259l\u0259si ba\u015fa &ccedil;atacaq&quot;.&nbsp;<\/strong><\/p>\n<p>&quot;Ucnoqta.az&quot; &quot;Report&quot;a istinad\u0259n x\u0259b\u0259r verir ki, bunu AFFA-n\u0131n ba\u015f katibi Elxan M\u0259mm\u0259dov UEFA Mill\u0259tl\u0259r Liqas\u0131n\u0131n p&uuml;\u015fk&uuml;n&uuml; qurumun r\u0259smi sayt\u0131na d\u0259y\u0259rl\u0259ndir\u0259rk\u0259n deyib.<\/p>\n<p>Ba\u015f katib bildirib ki, k\u0259nardan Malta, Farer adalar\u0131 v\u0259 Kosovonun a\u015fa\u011f\u0131 reytinqli komandalar oldu\u011fu g&ouml;r&uuml;n&uuml;r:<\/p>\n<p>&quot;Ancaq komandam\u0131z\u0131n 3 g&uuml;n \u0259rzind\u0259 2 oyun ke&ccedil;ir\u0259c\u0259yini v\u0259 bu mat&ccedil;lardan birinin do\u011fma, dig\u0259rinin is\u0259 r\u0259qib meydan\u0131nda olaca\u011f\u0131n\u0131 n\u0259z\u0259r\u0259 alsaq, yar\u0131\u015f\u0131n asan ke&ccedil;m\u0259y\u0259c\u0259yi d\u0259qiqdir. \u018flb\u0259tt\u0259, m\u0259qs\u0259dimiz birinci pill\u0259ni tutmaq, d&uuml;\u015f&uuml;nc\u0259miz is\u0259 h\u0259r oyunda qalib g\u0259lm\u0259kl\u0259 ba\u011fl\u0131 olmal\u0131d\u0131r. R\u0259qibl\u0259rimiz d\u0259 xal v\u0259 ya xallar qazanmaq &uuml;&ccedil;&uuml;n m&uuml;bariz\u0259 aparacaqlar. Bu bax\u0131mdan he&ccedil; bir g&ouml;r&uuml;\u015f asan ke&ccedil;m\u0259y\u0259c\u0259k. &Uuml;&ccedil; ay \u0259rzind\u0259 intensiv bir yar\u0131\u015f izl\u0259y\u0259c\u0259yik. Missiya m&uuml;mk&uuml;nd&uuml;r&rdquo;.&nbsp;<\/p>\n","protected":false},"excerpt":{"rendered":"<p>&nbsp;&quot;Bizi maraql\u0131 yar\u0131\u015f g&ouml;zl\u0259yir. &Uuml;&ccedil; ay \u0259rzind\u0259 yar\u0131\u015f\u0131n qrup m\u0259rh\u0259l\u0259si ba\u015fa &ccedil;atacaq&quot;.&nbsp; &quot;Ucnoqta.az&quot; &quot;Report&quot;a istinad\u0259n x\u0259b\u0259r verir ki, bunu AFFA-n\u0131n ba\u015f katibi Elxan M\u0259mm\u0259dov UEFA Mill\u0259tl\u0259r Liqas\u0131n\u0131n p&uuml;\u015fk&uuml;n&uuml; qurumun r\u0259smi&hellip;<\/p>\n","protected":false},"author":1,"featured_media":251278,"comment_status":"open","ping_status":"open","sticky":false,"template":"","format":"standard","meta":{"_lmt_disableupdate":"","_lmt_disable":"","footnotes":""},"categories":[90],"tags":[],"class_list":["post-57468","post","type-post","status-publish","format-standard","has-post-thumbnail","hentry","category-idman-butun-xeberler"],"_links":{"self":[{"href":"https:\/\/ucnoqta.az\/index.php?rest_route=\/wp\/v2\/posts\/57468","targetHints":{"allow":["GET"]}}],"collection":[{"href":"https:\/\/ucnoqta.az\/index.php?rest_route=\/wp\/v2\/posts"}],"about":[{"href":"https:\/\/ucnoqta.az\/index.php?rest_route=\/wp\/v2\/types\/post"}],"author":[{"embeddable":true,"href":"https:\/\/ucnoqta.az\/index.php?rest_route=\/wp\/v2\/users\/1"}],"replies":[{"embeddable":true,"href":"https:\/\/ucnoqta.az\/index.php?rest_route=%2Fwp%2Fv2%2Fcomments&post=57468"}],"version-history":[{"count":0,"href":"https:\/\/ucnoqta.az\/index.php?rest_route=\/wp\/v2\/posts\/57468\/revisions"}],"wp:featuredmedia":[{"embeddable":true,"href":"https:\/\/ucnoqta.az\/index.php?rest_route=\/wp\/v2\/media\/251278"}],"wp:attachment":[{"href":"https:\/\/ucnoqta.az\/index.php?rest_route=%2Fwp%2Fv2%2Fmedia&parent=57468"}],"wp:term":[{"taxonomy":"category","embeddable":true,"href":"https:\/\/ucnoqta.az\/index.php?rest_route=%2Fwp%2Fv2%2Fcategories&post=57468"},{"taxonomy":"post_tag","embeddable":true,"href":"https:\/\/ucnoqta.az\/index.php?rest_route=%2Fwp%2Fv2%2Ftags&post=57468"}],"curies":[{"name":"wp","href":"https:\/\/api.w.org\/{rel}","templated":true}]}}