{"id":57465,"date":"2018-01-24T16:34:56","date_gmt":"2018-01-24T12:34:56","guid":{"rendered":""},"modified":"-0001-11-30T00:00:00","modified_gmt":"-0001-11-29T20:00:00","slug":"","status":"publish","type":"post","link":"https:\/\/ucnoqta.az\/?p=57465","title":{"rendered":"S\u0259m\u0259d Seyidov Serj Sarkisyana s\u0259rt cavab verib"},"content":{"rendered":"<p><strong>Az\u0259rbaycan\u0131n A\u015ePA-dak\u0131 n&uuml;may\u0259nd\u0259 hey\u0259tinin r\u0259hb\u0259ri, qurumun vitse-prezidenti S\u0259m\u0259d Seyidov A\u015ePA-n\u0131n iclas\u0131nda &ccedil;\u0131x\u0131\u015f ed\u0259n Erm\u0259nistan prezidenti Serj Sarkisyana cavab verib.<\/strong><br \/>\n&nbsp;<br \/>\n&quot;Ucnoqta.az&quot; APA-ya istinad\u0259n bildirir ki, S. Seyidov Erm\u0259nistan prezidentinin &ccedil;\u0131x\u0131\u015f\u0131na toxunaraq onun d&uuml;nya ictimaiyy\u0259tini aldatd\u0131\u011f\u0131n\u0131 bildirib: &ldquo;Siz Az\u0259rbaycana qar\u015f\u0131 m&uuml;harib\u0259nin lideri olmusunuz. Niy\u0259 &ccedil;\u0131x\u0131\u015f\u0131n\u0131zda Xocal\u0131 faci\u0259si bar\u0259d\u0259 dan\u0131\u015fmad\u0131n\u0131z? Orada u\u015faqlar, ya\u015fl\u0131 insanlar, qad\u0131nlar daxil olmaqla erm\u0259nil\u0259r t\u0259r\u0259find\u0259n t\u0259xmin\u0259n 600 n\u0259f\u0259r &ouml;ld&uuml;r&uuml;ld&uuml;. Niy\u0259 etnik t\u0259mizl\u0259m\u0259 bar\u0259d\u0259 dan\u0131\u015fmad\u0131n\u0131z? Haz\u0131rda siz beyn\u0259lxalq ictimaiyy\u0259ti aldatma\u011fa &ccedil;al\u0131\u015f\u0131rs\u0131n\u0131z. N\u0259 bu t\u0259\u015fkilat\u0131n, n\u0259 d\u0259 dig\u0259r t\u0259\u015fkilatlar\u0131n q\u0259tnam\u0259l\u0259rini yerin\u0259 yetirirsiniz. BMT, Avropa \u0130ttifaq\u0131, Avropa \u015euras\u0131, dig\u0259r t\u0259\u015fkilatlar Az\u0259rbaycan torpaqlar\u0131n\u0131n i\u015f\u011fal\u0131 bar\u0259d\u0259 dan\u0131\u015f\u0131b. Siz bu t\u0259\u015fkilatlardan he&ccedil; k\u0259si q\u0259bul etm\u0259y\u0259 haz\u0131r deyilsiniz&rdquo;. &nbsp;<\/p>\n","protected":false},"excerpt":{"rendered":"<p>Az\u0259rbaycan\u0131n A\u015ePA-dak\u0131 n&uuml;may\u0259nd\u0259 hey\u0259tinin r\u0259hb\u0259ri, qurumun vitse-prezidenti S\u0259m\u0259d Seyidov A\u015ePA-n\u0131n iclas\u0131nda &ccedil;\u0131x\u0131\u015f ed\u0259n Erm\u0259nistan prezidenti Serj Sarkisyana cavab verib. &nbsp; &quot;Ucnoqta.az&quot; APA-ya istinad\u0259n bildirir ki, S. Seyidov Erm\u0259nistan prezidentinin &ccedil;\u0131x\u0131\u015f\u0131na&hellip;<\/p>\n","protected":false},"author":1,"featured_media":251278,"comment_status":"open","ping_status":"open","sticky":false,"template":"","format":"standard","meta":{"_lmt_disableupdate":"","_lmt_disable":"","footnotes":""},"categories":[86],"tags":[],"class_list":["post-57465","post","type-post","status-publish","format-standard","has-post-thumbnail","hentry","category-siyaset"],"_links":{"self":[{"href":"https:\/\/ucnoqta.az\/index.php?rest_route=\/wp\/v2\/posts\/57465","targetHints":{"allow":["GET"]}}],"collection":[{"href":"https:\/\/ucnoqta.az\/index.php?rest_route=\/wp\/v2\/posts"}],"about":[{"href":"https:\/\/ucnoqta.az\/index.php?rest_route=\/wp\/v2\/types\/post"}],"author":[{"embeddable":true,"href":"https:\/\/ucnoqta.az\/index.php?rest_route=\/wp\/v2\/users\/1"}],"replies":[{"embeddable":true,"href":"https:\/\/ucnoqta.az\/index.php?rest_route=%2Fwp%2Fv2%2Fcomments&post=57465"}],"version-history":[{"count":0,"href":"https:\/\/ucnoqta.az\/index.php?rest_route=\/wp\/v2\/posts\/57465\/revisions"}],"wp:featuredmedia":[{"embeddable":true,"href":"https:\/\/ucnoqta.az\/index.php?rest_route=\/wp\/v2\/media\/251278"}],"wp:attachment":[{"href":"https:\/\/ucnoqta.az\/index.php?rest_route=%2Fwp%2Fv2%2Fmedia&parent=57465"}],"wp:term":[{"taxonomy":"category","embeddable":true,"href":"https:\/\/ucnoqta.az\/index.php?rest_route=%2Fwp%2Fv2%2Fcategories&post=57465"},{"taxonomy":"post_tag","embeddable":true,"href":"https:\/\/ucnoqta.az\/index.php?rest_route=%2Fwp%2Fv2%2Ftags&post=57465"}],"curies":[{"name":"wp","href":"https:\/\/api.w.org\/{rel}","templated":true}]}}