{"id":57461,"date":"2018-01-24T15:44:02","date_gmt":"2018-01-24T11:44:02","guid":{"rendered":""},"modified":"-0001-11-30T00:00:00","modified_gmt":"-0001-11-29T20:00:00","slug":"","status":"publish","type":"post","link":"https:\/\/ucnoqta.az\/?p=57461","title":{"rendered":"G\u00fcl d\u00fckan\u0131nda yanan sahibkar qad\u0131n \u00f6ld\u00fc"},"content":{"rendered":"<p><strong>Tovuz rayonunda ticar\u0259t m\u0259rk\u0259zind\u0259 yan\u011f\u0131n zaman\u0131 x\u0259sar\u0259t alan qad\u0131n d&uuml;nyas\u0131n\u0131 d\u0259yi\u015fib.<\/strong><br \/>\n&nbsp;<\/p>\n<p>&quot;Ucnoqta.az&quot; Trend-\u0259 istinad\u0259n bildirir ki, hadis\u0259d\u0259n sonra G\u0259nc\u0259d\u0259ki x\u0259st\u0259xanalardan birin\u0259 yerl\u0259\u015fdiril\u0259n N\u0259rgiz \u018fmiraslanova bir ne&ccedil;\u0259 g&uuml;n &ouml;nc\u0259 Bak\u0131ya &#8211; Respublika Yan\u0131q M\u0259rk\u0259zin\u0259 g\u0259tirils\u0259 d\u0259, m&uuml;alic\u0259l\u0259r m&uuml;sb\u0259t n\u0259tic\u0259 verm\u0259yib.<br \/>\n&nbsp;<\/p>\n<p>Yanvar\u0131n 23-d\u0259 qad\u0131n\u0131n v\u0259ziyy\u0259ti daha da pisl\u0259\u015fib. Yax\u0131nlar\u0131n\u0131n raz\u0131l\u0131\u011f\u0131 il\u0259 qad\u0131n m\u0259rk\u0259zd\u0259n &ccedil;\u0131xar\u0131l\u0131b. O, Tovuz rayonuna apar\u0131lark\u0259n yolda d&uuml;nyas\u0131n\u0131 d\u0259yi\u015fib.<br \/>\n&nbsp;<\/p>\n<p>Qeyd ed\u0259k ki, hadis\u0259 yanvar\u0131n 18-d\u0259 rayon \u0259razisind\u0259ki N\u0259simi Ticar\u0259t M\u0259rk\u0259zind\u0259 ba\u015f verib. Gec\u0259 saat 23:00 rad\u0259l\u0259rind\u0259 Ticar\u0259t M\u0259rk\u0259zinin i&ccedil;\u0259risind\u0259 yerl\u0259\u015f\u0259n g&uuml;l d&uuml;kan\u0131nda q\u0259fil yan\u011f\u0131n ba\u015flay\u0131b. Yan\u011f\u0131n\u0131n qar\u015f\u0131s\u0131 al\u0131nsa da, d&uuml;kan\u0131n sahibi, 1956-c\u0131 il t\u0259v\u0259ll&uuml;dl&uuml; \u018fmiraslanova N\u0259rgiz H&uuml;seynqulu q\u0131z\u0131 a\u011f\u0131r yan\u0131q x\u0259sar\u0259tl\u0259ri al\u0131b v\u0259 b\u0259d\u0259ninin 65 faizd\u0259n art\u0131q hiss\u0259si yan\u0131b.<\/p>\n","protected":false},"excerpt":{"rendered":"<p>Tovuz rayonunda ticar\u0259t m\u0259rk\u0259zind\u0259 yan\u011f\u0131n zaman\u0131 x\u0259sar\u0259t alan qad\u0131n d&uuml;nyas\u0131n\u0131 d\u0259yi\u015fib. &nbsp; &quot;Ucnoqta.az&quot; Trend-\u0259 istinad\u0259n bildirir ki, hadis\u0259d\u0259n sonra G\u0259nc\u0259d\u0259ki x\u0259st\u0259xanalardan birin\u0259 yerl\u0259\u015fdiril\u0259n N\u0259rgiz \u018fmiraslanova bir ne&ccedil;\u0259 g&uuml;n &ouml;nc\u0259 Bak\u0131ya&hellip;<\/p>\n","protected":false},"author":1,"featured_media":251278,"comment_status":"open","ping_status":"open","sticky":false,"template":"","format":"standard","meta":{"_lmt_disableupdate":"","_lmt_disable":"","footnotes":""},"categories":[],"tags":[],"class_list":["post-57461","post","type-post","status-publish","format-standard","has-post-thumbnail","hentry"],"_links":{"self":[{"href":"https:\/\/ucnoqta.az\/index.php?rest_route=\/wp\/v2\/posts\/57461","targetHints":{"allow":["GET"]}}],"collection":[{"href":"https:\/\/ucnoqta.az\/index.php?rest_route=\/wp\/v2\/posts"}],"about":[{"href":"https:\/\/ucnoqta.az\/index.php?rest_route=\/wp\/v2\/types\/post"}],"author":[{"embeddable":true,"href":"https:\/\/ucnoqta.az\/index.php?rest_route=\/wp\/v2\/users\/1"}],"replies":[{"embeddable":true,"href":"https:\/\/ucnoqta.az\/index.php?rest_route=%2Fwp%2Fv2%2Fcomments&post=57461"}],"version-history":[{"count":0,"href":"https:\/\/ucnoqta.az\/index.php?rest_route=\/wp\/v2\/posts\/57461\/revisions"}],"wp:featuredmedia":[{"embeddable":true,"href":"https:\/\/ucnoqta.az\/index.php?rest_route=\/wp\/v2\/media\/251278"}],"wp:attachment":[{"href":"https:\/\/ucnoqta.az\/index.php?rest_route=%2Fwp%2Fv2%2Fmedia&parent=57461"}],"wp:term":[{"taxonomy":"category","embeddable":true,"href":"https:\/\/ucnoqta.az\/index.php?rest_route=%2Fwp%2Fv2%2Fcategories&post=57461"},{"taxonomy":"post_tag","embeddable":true,"href":"https:\/\/ucnoqta.az\/index.php?rest_route=%2Fwp%2Fv2%2Ftags&post=57461"}],"curies":[{"name":"wp","href":"https:\/\/api.w.org\/{rel}","templated":true}]}}