{"id":57459,"date":"2018-01-24T15:32:55","date_gmt":"2018-01-24T11:32:55","guid":{"rendered":""},"modified":"-0001-11-30T00:00:00","modified_gmt":"-0001-11-29T20:00:00","slug":"","status":"publish","type":"post","link":"https:\/\/ucnoqta.az\/?p=57459","title":{"rendered":"<b>Prezident Administrasiyas\u0131nda struktur d\u0259yi\u015fdi <font color=red>-S\u018fR\u018fNCAM<\/b><\/font>"},"content":{"rendered":"<p><strong>Prezident Administrasiyas\u0131n\u0131n i\u015f&ccedil;il\u0259rinin say h\u0259ddi art\u0131r\u0131l\u0131b<\/strong><\/p>\n<p>Prezidentin Administrasiyas\u0131n\u0131n strukturundak\u0131 d\u0259yi\u015fiklikl\u0259r a&ccedil;\u0131qlan\u0131b.<br \/>\n&nbsp;<br \/>\n&quot;Ucnoqta.az&quot; APA-ya istinad\u0259n bildirir ki, Az\u0259rbaycan prezidenti \u0130lham \u018fliyev 30 may 2017-ci ild\u0259 &ldquo;Az\u0259rbaycan Respublikas\u0131 Prezidentinin Administrasiyas\u0131n\u0131n strukturunun t\u0259sdiqi v\u0259 i\u015f&ccedil;il\u0259rinin say h\u0259ddinin m&uuml;\u0259yy\u0259n edilm\u0259si haqq\u0131nda&rdquo; s\u0259r\u0259ncam imzalay\u0131b.<br \/>\n&nbsp;<br \/>\nS\u0259r\u0259ncama \u0259sas\u0259n, Prezidentin Administrasiyas\u0131n\u0131n strukturu yenid\u0259n t\u0259\u015fkil edilib, i\u015f&ccedil;il\u0259rin say h\u0259ddi 410 \u015ftat vahidi m&uuml;\u0259yy\u0259n edilib. O c&uuml;ml\u0259d\u0259n Prezidentin Mill\u0259tl\u0259raras\u0131 m&uuml;nasib\u0259tl\u0259r, multikulturalizm v\u0259 dini m\u0259s\u0259l\u0259l\u0259r &uuml;zr\u0259 k&ouml;m\u0259k&ccedil;isinin xidm\u0259ti yarad\u0131l\u0131b.<br \/>\n&nbsp;<br \/>\nAz\u0259rbaycan prezidenti \u0130lham \u018fliyevin 9 yanvar 2018-ci il tarixli s\u0259r\u0259ncam\u0131 il\u0259 Prezidentin Mill\u0259tl\u0259raras\u0131 m&uuml;nasib\u0259tl\u0259r, multikulturalizm v\u0259 dini m\u0259s\u0259l\u0259l\u0259r &uuml;zr\u0259 k&ouml;m\u0259k&ccedil;isinin xidm\u0259ti l\u0259\u011fv edilib, Mill\u0259tl\u0259raras\u0131 m&uuml;nasib\u0259tl\u0259r, multikulturalizm v\u0259 dini m\u0259s\u0259l\u0259l\u0259r \u015f&ouml;b\u0259si yarad\u0131l\u0131b.<br \/>\n&nbsp;<br \/>\nMill\u0259tl\u0259raras\u0131 m&uuml;nasib\u0259tl\u0259r, multikulturalizm v\u0259 dini m\u0259s\u0259l\u0259l\u0259r \u015f&ouml;b\u0259sinin \u015ftat vahidi 1 \u015f&ouml;b\u0259 m&uuml;diri olmaqla, 6 \u015ftat vahidi t\u0259sdiql\u0259nib.<br \/>\n&nbsp;<br \/>\nD&ouml;vl\u0259t qullu\u011fu v\u0259 kadr m\u0259s\u0259l\u0259l\u0259ri \u015f&ouml;b\u0259sind\u0259 \u015e\u0259xsi i\u015fl\u0259rin apar\u0131lmas\u0131 sektorunda \u015ftat vahidi is\u0259 art\u0131r\u0131laraq, 2 \u015ftat vahidind\u0259n 4 \u015ftat vahidin\u0259 qald\u0131r\u0131l\u0131b. Bel\u0259likl\u0259, Prezident Administrasiyas\u0131n\u0131n i\u015f&ccedil;il\u0259rinin say h\u0259ddi 410 \u015ftat vahidind\u0259n 412 \u015ftat vahidin\u0259 qalx\u0131b.&nbsp;<br \/>\n&nbsp;<br \/>\nQeyd ed\u0259k ki, Etibar N\u0259c\u0259fov bir m&uuml;dd\u0259t \u0259vv\u0259l Prezident Administrasiyas\u0131n\u0131n Mill\u0259tl\u0259raras\u0131 m&uuml;nasib\u0259tl\u0259r, multikulturalizm v\u0259 dini m\u0259s\u0259l\u0259l\u0259r \u015f&ouml;b\u0259sinin m&uuml;diri t\u0259yin edilib.<\/p>\n","protected":false},"excerpt":{"rendered":"<p>Prezident Administrasiyas\u0131n\u0131n i\u015f&ccedil;il\u0259rinin say h\u0259ddi art\u0131r\u0131l\u0131b Prezidentin Administrasiyas\u0131n\u0131n strukturundak\u0131 d\u0259yi\u015fiklikl\u0259r a&ccedil;\u0131qlan\u0131b. &nbsp; &quot;Ucnoqta.az&quot; APA-ya istinad\u0259n bildirir ki, Az\u0259rbaycan prezidenti \u0130lham \u018fliyev 30 may 2017-ci ild\u0259 &ldquo;Az\u0259rbaycan Respublikas\u0131 Prezidentinin Administrasiyas\u0131n\u0131n strukturunun&hellip;<\/p>\n","protected":false},"author":1,"featured_media":251278,"comment_status":"open","ping_status":"open","sticky":false,"template":"","format":"standard","meta":{"_lmt_disableupdate":"","_lmt_disable":"","footnotes":""},"categories":[],"tags":[],"class_list":["post-57459","post","type-post","status-publish","format-standard","has-post-thumbnail","hentry"],"_links":{"self":[{"href":"https:\/\/ucnoqta.az\/index.php?rest_route=\/wp\/v2\/posts\/57459","targetHints":{"allow":["GET"]}}],"collection":[{"href":"https:\/\/ucnoqta.az\/index.php?rest_route=\/wp\/v2\/posts"}],"about":[{"href":"https:\/\/ucnoqta.az\/index.php?rest_route=\/wp\/v2\/types\/post"}],"author":[{"embeddable":true,"href":"https:\/\/ucnoqta.az\/index.php?rest_route=\/wp\/v2\/users\/1"}],"replies":[{"embeddable":true,"href":"https:\/\/ucnoqta.az\/index.php?rest_route=%2Fwp%2Fv2%2Fcomments&post=57459"}],"version-history":[{"count":0,"href":"https:\/\/ucnoqta.az\/index.php?rest_route=\/wp\/v2\/posts\/57459\/revisions"}],"wp:featuredmedia":[{"embeddable":true,"href":"https:\/\/ucnoqta.az\/index.php?rest_route=\/wp\/v2\/media\/251278"}],"wp:attachment":[{"href":"https:\/\/ucnoqta.az\/index.php?rest_route=%2Fwp%2Fv2%2Fmedia&parent=57459"}],"wp:term":[{"taxonomy":"category","embeddable":true,"href":"https:\/\/ucnoqta.az\/index.php?rest_route=%2Fwp%2Fv2%2Fcategories&post=57459"},{"taxonomy":"post_tag","embeddable":true,"href":"https:\/\/ucnoqta.az\/index.php?rest_route=%2Fwp%2Fv2%2Ftags&post=57459"}],"curies":[{"name":"wp","href":"https:\/\/api.w.org\/{rel}","templated":true}]}}