{"id":57455,"date":"2018-01-24T15:01:54","date_gmt":"2018-01-24T11:01:54","guid":{"rendered":""},"modified":"-0001-11-30T00:00:00","modified_gmt":"-0001-11-29T20:00:00","slug":"","status":"publish","type":"post","link":"https:\/\/ucnoqta.az\/?p=57455","title":{"rendered":"I v\u0259 II qrup \u0259lill\u0259rl\u0259 ba\u011fl\u0131 daha bir ne\u00e7\u0259 <font color=red><b>YEN\u0130L\u0130K  <\/b><\/font>"},"content":{"rendered":"<p><strong>\u018flilliyi olan \u015f\u0259xsl\u0259ri i\u015fl\u0259 t\u0259min etm\u0259k &uuml;&ccedil;&uuml;n m&uuml;\u0259ssis\u0259, idar\u0259 v\u0259 t\u0259\u015fkilatlar kvota m&uuml;\u0259yy\u0259n ed\u0259c\u0259kl\u0259r.<\/strong><\/p>\n<p>&quot;Ucnoqta.az&quot; Modern.az-a istinad\u0259n m\u0259lumat verir ki, bu bar\u0259d\u0259 yeni haz\u0131rlanan &ldquo;\u018flilliyi olan \u015f\u0259xsl\u0259rin h&uuml;quqlar\u0131 haqq\u0131nda&rdquo; qanun layih\u0259sind\u0259 qeyd edilib.<\/p>\n<p>\n&nbsp;Yeni qanun layih\u0259sinin 22-ci madd\u0259sind\u0259 (\u018flilliyi olan \u015f\u0259xsl\u0259rin m\u0259\u015f\u011fullu\u011funun t\u0259min edilm\u0259si) g&ouml;st\u0259rilib ki, &ldquo;M\u0259\u015f\u011fulluq haqq\u0131nda&rdquo; Az\u0259rbaycan Respublikas\u0131n\u0131n Qanununa uy\u011fun olaraq, \u0259lilliyi olan \u015f\u0259xsl\u0259ri i\u015fl\u0259 t\u0259min etm\u0259k &uuml;&ccedil;&uuml;n m&uuml;\u0259ssis\u0259, idar\u0259 v\u0259 t\u0259\u015fkilatlarda kvota m&uuml;\u0259yy\u0259n edilir.<br \/>\nKvota m&uuml;\u0259yy\u0259n edilmi\u015f i\u015f yerl\u0259rin\u0259 \u0259lilliyi olan \u015f\u0259xsl\u0259r m&uuml;vafiq icra hakimiyy\u0259ti orqan\u0131n\u0131n g&ouml;st\u0259ri\u015fi il\u0259 i\u015f\u0259 q\u0259bul edilirl\u0259r.<\/p>\n<p>M&uuml;vafiq icra hakimiyy\u0259ti orqan\u0131 t\u0259r\u0259find\u0259n g&ouml;nd\u0259rilmi\u015f \u0259lilliyi olan \u015f\u0259xsl\u0259ri onlar &uuml;&ccedil;&uuml;n kvota &uuml;zr\u0259 m&uuml;\u0259yy\u0259n olunmu\u015f i\u015f yerl\u0259rin\u0259 q\u0259bul etm\u0259y\u0259n i\u015f\u0259g&ouml;t&uuml;r\u0259nl\u0259r qanunla m&uuml;\u0259yy\u0259n edilmi\u015f m\u0259suliyy\u0259t da\u015f\u0131y\u0131rlar.<br \/>\n&nbsp;<\/p>\n<p>&ldquo;\u018flilliyi olan \u015f\u0259xsl\u0259rin h&uuml;quqlar\u0131 haqq\u0131nda&rdquo; qanun layih\u0259sin\u0259 g&ouml;r\u0259, &nbsp;I v\u0259 II qrup \u0259lilliyi &nbsp;olan \u015f\u0259xsl\u0259rin \u0259m\u0259k pensiyas\u0131n\u0131n t\u0259yin edilm\u0259si &uuml;&ccedil;&uuml;n ya\u015f h\u0259ddin\u0259 &ccedil;atanad\u0259k pensiyada &nbsp;olduqlar\u0131 m&uuml;dd\u0259t onlar\u0131n s\u0131\u011forta staj\u0131na daxil edil\u0259c\u0259k.<\/p>\n<p>\n&nbsp;<br \/>\nYeni qanun layih\u0259sinin 24-c&uuml; madd\u0259sind\u0259 ( i\u015f\u0259g&ouml;t&uuml;r\u0259nl\u0259rin istehsalatda b\u0259db\u0259xt hadis\u0259l\u0259r v\u0259 ya pe\u015f\u0259 x\u0259st\u0259liyi n\u0259tic\u0259sind\u0259 \u0259lilliyi olan \u015f\u0259xsl\u0259ri i\u015f\u0259 d&uuml;z\u0259ltm\u0259k v\u0259zif\u0259l\u0259ri) qeyd edilib ki, istehsalatda b\u0259db\u0259xt hadis\u0259l\u0259r v\u0259 ya pe\u015f\u0259 x\u0259st\u0259liyi n\u0259tic\u0259sind\u0259 i\u015fl\u0259m\u0259y\u0259n &nbsp;I v\u0259 II qrup \u0259lilliyi &nbsp;olan \u015f\u0259xsl\u0259rin &ldquo;\u018fm\u0259k pensiyalar\u0131 haqq\u0131nda&rdquo; Az\u0259rbaycan Respublikas\u0131n\u0131n Qanuna \u0259sas\u0259n ya\u015fa g&ouml;r\u0259 \u0259m\u0259k pensiyas\u0131n\u0131n t\u0259yin edilm\u0259si &uuml;&ccedil;&uuml;n ya\u015f h\u0259ddin\u0259 &ccedil;atanad\u0259k pensiyada &nbsp;olduqlar\u0131 m&uuml;dd\u0259t onlar\u0131n s\u0131\u011forta staj\u0131na daxil edilir.<\/p>\n<p>&nbsp;<br \/>\nYeni qanun layih\u0259si Milli M\u0259clisin \u018fm\u0259k v\u0259 sosial siyas\u0259t komit\u0259sinin yanvar\u0131n 25-d\u0259 ke&ccedil;iril\u0259c\u0259k iclas\u0131nda m&uuml;zakir\u0259 edil\u0259c\u0259k.<\/p>\n","protected":false},"excerpt":{"rendered":"<p>\u018flilliyi olan \u015f\u0259xsl\u0259ri i\u015fl\u0259 t\u0259min etm\u0259k &uuml;&ccedil;&uuml;n m&uuml;\u0259ssis\u0259, idar\u0259 v\u0259 t\u0259\u015fkilatlar kvota m&uuml;\u0259yy\u0259n ed\u0259c\u0259kl\u0259r. &quot;Ucnoqta.az&quot; Modern.az-a istinad\u0259n m\u0259lumat verir ki, bu bar\u0259d\u0259 yeni haz\u0131rlanan &ldquo;\u018flilliyi olan \u015f\u0259xsl\u0259rin h&uuml;quqlar\u0131 haqq\u0131nda&rdquo; qanun&hellip;<\/p>\n","protected":false},"author":1,"featured_media":251278,"comment_status":"open","ping_status":"open","sticky":false,"template":"","format":"standard","meta":{"_lmt_disableupdate":"","_lmt_disable":"","footnotes":""},"categories":[],"tags":[],"class_list":["post-57455","post","type-post","status-publish","format-standard","has-post-thumbnail","hentry"],"_links":{"self":[{"href":"https:\/\/ucnoqta.az\/index.php?rest_route=\/wp\/v2\/posts\/57455","targetHints":{"allow":["GET"]}}],"collection":[{"href":"https:\/\/ucnoqta.az\/index.php?rest_route=\/wp\/v2\/posts"}],"about":[{"href":"https:\/\/ucnoqta.az\/index.php?rest_route=\/wp\/v2\/types\/post"}],"author":[{"embeddable":true,"href":"https:\/\/ucnoqta.az\/index.php?rest_route=\/wp\/v2\/users\/1"}],"replies":[{"embeddable":true,"href":"https:\/\/ucnoqta.az\/index.php?rest_route=%2Fwp%2Fv2%2Fcomments&post=57455"}],"version-history":[{"count":0,"href":"https:\/\/ucnoqta.az\/index.php?rest_route=\/wp\/v2\/posts\/57455\/revisions"}],"wp:featuredmedia":[{"embeddable":true,"href":"https:\/\/ucnoqta.az\/index.php?rest_route=\/wp\/v2\/media\/251278"}],"wp:attachment":[{"href":"https:\/\/ucnoqta.az\/index.php?rest_route=%2Fwp%2Fv2%2Fmedia&parent=57455"}],"wp:term":[{"taxonomy":"category","embeddable":true,"href":"https:\/\/ucnoqta.az\/index.php?rest_route=%2Fwp%2Fv2%2Fcategories&post=57455"},{"taxonomy":"post_tag","embeddable":true,"href":"https:\/\/ucnoqta.az\/index.php?rest_route=%2Fwp%2Fv2%2Ftags&post=57455"}],"curies":[{"name":"wp","href":"https:\/\/api.w.org\/{rel}","templated":true}]}}