{"id":57454,"date":"2018-01-24T19:38:19","date_gmt":"2018-01-24T15:38:19","guid":{"rendered":""},"modified":"-0001-11-30T00:00:00","modified_gmt":"-0001-11-29T20:00:00","slug":"","status":"publish","type":"post","link":"https:\/\/ucnoqta.az\/?p=57454","title":{"rendered":"Kolumbiya prezidenti: <font color=red><b>Tramp\u0131n bu siyas\u0259ti AB\u015e-\u0131n \u00f6z\u00fcn\u0259 ziyan vuracaq<\/b><\/font>"},"content":{"rendered":"<p><strong>AB\u015e hakimiyy\u0259tinin beyn\u0259lxalq ticar\u0259t sah\u0259sind\u0259 proteksionizm siyas\u0259ti b&uuml;t&uuml;n &ouml;lk\u0259l\u0259r\u0259 z\u0259r\u0259r ver\u0259 bil\u0259r, lakin bundan daha &ccedil;ox Birl\u0259\u015fmi\u015f \u015etatlar\u0131n &ouml;z&uuml; ziyan g&ouml;r\u0259c\u0259k.<\/strong><br \/>\n&nbsp;<\/p>\n<p>&quot;Ucnoqta.az&quot; Trend-\u0259 istinad\u0259n bildirir ki, bunu Kolumbiya prezidenti Xuan Manuel Santos Davosda D&uuml;nya \u0130qtisadi Forumu zaman\u0131 CNBC-y\u0259 m&uuml;sahib\u0259sind\u0259 deyib.<br \/>\n&nbsp;<\/p>\n<p>X.M.Santos d&uuml;zg&uuml;n v\u0259 azad ticar\u0259tin t\u0259r\u0259fdar\u0131 oldu\u011funu bildirib: &quot;Proteksionizm ham\u0131ya, x&uuml;susil\u0259 d\u0259 Birl\u0259\u015fmi\u015f \u015etatlara z\u0259r\u0259r vuracaq. &Uuml;mumilikd\u0259 is\u0259 Kolumbiya AB\u015e-la m\u0259nfi ticar\u0259t balans\u0131 olan &ouml;lk\u0259l\u0259rd\u0259n deyil, buna g&ouml;r\u0259 d\u0259 &ouml;z&uuml;n&uuml; t\u0259hl&uuml;k\u0259li v\u0259ziyy\u0259td\u0259 hiss etmir&quot;.<\/p>\n","protected":false},"excerpt":{"rendered":"<p>AB\u015e hakimiyy\u0259tinin beyn\u0259lxalq ticar\u0259t sah\u0259sind\u0259 proteksionizm siyas\u0259ti b&uuml;t&uuml;n &ouml;lk\u0259l\u0259r\u0259 z\u0259r\u0259r ver\u0259 bil\u0259r, lakin bundan daha &ccedil;ox Birl\u0259\u015fmi\u015f \u015etatlar\u0131n &ouml;z&uuml; ziyan g&ouml;r\u0259c\u0259k. &nbsp; &quot;Ucnoqta.az&quot; Trend-\u0259 istinad\u0259n bildirir ki, bunu Kolumbiya prezidenti&hellip;<\/p>\n","protected":false},"author":1,"featured_media":251278,"comment_status":"open","ping_status":"open","sticky":false,"template":"","format":"standard","meta":{"_lmt_disableupdate":"","_lmt_disable":"","footnotes":""},"categories":[89],"tags":[],"class_list":["post-57454","post","type-post","status-publish","format-standard","has-post-thumbnail","hentry","category-dunya-butun-xeberler"],"_links":{"self":[{"href":"https:\/\/ucnoqta.az\/index.php?rest_route=\/wp\/v2\/posts\/57454","targetHints":{"allow":["GET"]}}],"collection":[{"href":"https:\/\/ucnoqta.az\/index.php?rest_route=\/wp\/v2\/posts"}],"about":[{"href":"https:\/\/ucnoqta.az\/index.php?rest_route=\/wp\/v2\/types\/post"}],"author":[{"embeddable":true,"href":"https:\/\/ucnoqta.az\/index.php?rest_route=\/wp\/v2\/users\/1"}],"replies":[{"embeddable":true,"href":"https:\/\/ucnoqta.az\/index.php?rest_route=%2Fwp%2Fv2%2Fcomments&post=57454"}],"version-history":[{"count":0,"href":"https:\/\/ucnoqta.az\/index.php?rest_route=\/wp\/v2\/posts\/57454\/revisions"}],"wp:featuredmedia":[{"embeddable":true,"href":"https:\/\/ucnoqta.az\/index.php?rest_route=\/wp\/v2\/media\/251278"}],"wp:attachment":[{"href":"https:\/\/ucnoqta.az\/index.php?rest_route=%2Fwp%2Fv2%2Fmedia&parent=57454"}],"wp:term":[{"taxonomy":"category","embeddable":true,"href":"https:\/\/ucnoqta.az\/index.php?rest_route=%2Fwp%2Fv2%2Fcategories&post=57454"},{"taxonomy":"post_tag","embeddable":true,"href":"https:\/\/ucnoqta.az\/index.php?rest_route=%2Fwp%2Fv2%2Ftags&post=57454"}],"curies":[{"name":"wp","href":"https:\/\/api.w.org\/{rel}","templated":true}]}}