{"id":57453,"date":"2018-01-24T14:41:31","date_gmt":"2018-01-24T10:41:31","guid":{"rendered":""},"modified":"-0001-11-30T00:00:00","modified_gmt":"-0001-11-29T20:00:00","slug":"","status":"publish","type":"post","link":"https:\/\/ucnoqta.az\/?p=57453","title":{"rendered":"\u0130ranl\u0131 general S\u0259f\u0259vi: <font color=red><b>&#8220;YPG qrupla\u015fmas\u0131 Afrini i\u015f\u011fal edib&#8221;<\/b><\/font>"},"content":{"rendered":"<p><strong>\u0130ran\u0131n ali ruhani lideri ay\u0259tullah \u018fli Xomeneinin ali h\u0259rbi m&uuml;\u015faviri general Y\u0259hya R\u0259him S\u0259f\u0259vi T&uuml;rkiy\u0259nin Afrin \u0259m\u0259liyyat\u0131na m&uuml;nasib\u0259t bildirib.<\/strong><\/p>\n<p>&quot;Ucnoqta.az&quot; &quot;&Ouml;lk\u0259.Az&quot;a istinad\u0259n x\u0259b\u0259r verir ki, S\u0259f\u0259vi, YPG qrupla\u015fmasn\u0131n Suriyan\u0131n suverenliyini pozaraq Aral\u0131q d\u0259nizin\u0259 &ccedil;\u0131x\u0131\u015f \u0259ld\u0259 etm\u0259k &uuml;&ccedil;&uuml;n Afrini i\u015f\u011fal etdiyini bildirib.<br \/>\n&nbsp;<\/p>\n<p>&quot;Zeytin Dal\u0131&quot; \u0259m\u0259liyyat\u0131 il\u0259 ba\u011fl\u0131 suallar\u0131 cavabland\u0131ran general S\u0259f\u0259vi deyib: &quot;AB\u015e yeni ild\u0259 \u0259sas strategiyas\u0131n\u0131n &quot;regiondak\u0131 m&uuml;naqi\u015f\u0259 b&ouml;lg\u0259l\u0259rini qorumaq-oldu\u011funu bildirib. AB\u015e 30 min n\u0259f\u0259rlik yeni bir g&uuml;c yaradaraq T&uuml;rkiy\u0259nin c\u0259nubu il\u0259 \u0130raqdak\u0131 k&uuml;rdl\u0259r &uuml;&ccedil;&uuml;n muxtar bir b&ouml;lg\u0259 qurmaq ist\u0259yir. Dig\u0259r t\u0259r\u0259fd\u0259n k&uuml;rdl\u0259r bunun daimi olmas\u0131 &uuml;&ccedil;&uuml;n Aral\u0131q D\u0259nizin\u0259 &ccedil;\u0131x\u0131\u015f \u0259ld\u0259 etm\u0259k laz\u0131m oldu\u011funu bilirl\u0259r v\u0259 bu s\u0259b\u0259bd\u0259n Afrini i\u015f\u011fal etdil\u0259r. K&uuml;rdl\u0259rin bu h\u0259ml\u0259si Suriyan\u0131n suverenliyini pozmaqd\u0131r. Biz\u0259 g&ouml;r\u0259 T&uuml;rkiy\u0259 v\u0259 &nbsp;AB\u015e-\u0131n Suriya torpaqlar\u0131nda olmas\u0131 da h&uuml;quqa ziddir. Suriya ordusu v\u0259 d&ouml;vl\u0259ti buna icaz\u0259 verm\u0259y\u0259c\u0259k&quot;.<\/p>\n","protected":false},"excerpt":{"rendered":"<p>\u0130ran\u0131n ali ruhani lideri ay\u0259tullah \u018fli Xomeneinin ali h\u0259rbi m&uuml;\u015faviri general Y\u0259hya R\u0259him S\u0259f\u0259vi T&uuml;rkiy\u0259nin Afrin \u0259m\u0259liyyat\u0131na m&uuml;nasib\u0259t bildirib. &quot;Ucnoqta.az&quot; &quot;&Ouml;lk\u0259.Az&quot;a istinad\u0259n x\u0259b\u0259r verir ki, S\u0259f\u0259vi, YPG qrupla\u015fmasn\u0131n Suriyan\u0131n suverenliyini&hellip;<\/p>\n","protected":false},"author":1,"featured_media":251278,"comment_status":"open","ping_status":"open","sticky":false,"template":"","format":"standard","meta":{"_lmt_disableupdate":"","_lmt_disable":"","footnotes":""},"categories":[89],"tags":[],"class_list":["post-57453","post","type-post","status-publish","format-standard","has-post-thumbnail","hentry","category-dunya-butun-xeberler"],"_links":{"self":[{"href":"https:\/\/ucnoqta.az\/index.php?rest_route=\/wp\/v2\/posts\/57453","targetHints":{"allow":["GET"]}}],"collection":[{"href":"https:\/\/ucnoqta.az\/index.php?rest_route=\/wp\/v2\/posts"}],"about":[{"href":"https:\/\/ucnoqta.az\/index.php?rest_route=\/wp\/v2\/types\/post"}],"author":[{"embeddable":true,"href":"https:\/\/ucnoqta.az\/index.php?rest_route=\/wp\/v2\/users\/1"}],"replies":[{"embeddable":true,"href":"https:\/\/ucnoqta.az\/index.php?rest_route=%2Fwp%2Fv2%2Fcomments&post=57453"}],"version-history":[{"count":0,"href":"https:\/\/ucnoqta.az\/index.php?rest_route=\/wp\/v2\/posts\/57453\/revisions"}],"wp:featuredmedia":[{"embeddable":true,"href":"https:\/\/ucnoqta.az\/index.php?rest_route=\/wp\/v2\/media\/251278"}],"wp:attachment":[{"href":"https:\/\/ucnoqta.az\/index.php?rest_route=%2Fwp%2Fv2%2Fmedia&parent=57453"}],"wp:term":[{"taxonomy":"category","embeddable":true,"href":"https:\/\/ucnoqta.az\/index.php?rest_route=%2Fwp%2Fv2%2Fcategories&post=57453"},{"taxonomy":"post_tag","embeddable":true,"href":"https:\/\/ucnoqta.az\/index.php?rest_route=%2Fwp%2Fv2%2Ftags&post=57453"}],"curies":[{"name":"wp","href":"https:\/\/api.w.org\/{rel}","templated":true}]}}