{"id":57446,"date":"2018-01-24T13:59:09","date_gmt":"2018-01-24T09:59:09","guid":{"rendered":""},"modified":"-0001-11-30T00:00:00","modified_gmt":"-0001-11-29T20:00:00","slug":"","status":"publish","type":"post","link":"https:\/\/ucnoqta.az\/?p=57446","title":{"rendered":"\u018frdo\u011fan: <font color=red><b>\u201cObama T\u00fcrkiy\u0259ni aldatd\u0131&#8221;<\/b><\/font>"},"content":{"rendered":"<p><strong>&quot;T&uuml;rkiy\u0259 Suriyan\u0131n M&uuml;nbic b&ouml;lg\u0259sini, o c&uuml;ml\u0259d\u0259n b&uuml;t&uuml;n s\u0259rh\u0259d boyu zonalar\u0131n\u0131 PKK terror t\u0259\u015fkilat\u0131n\u0131n Suriya qolu PYD\/YPG-d\u0259n t\u0259mizl\u0259y\u0259c\u0259k&quot;.<\/strong><br \/>\n&nbsp;&nbsp;<br \/>\n&quot;Ucnoqta.az&quot; APA-ya istinad\u0259n x\u0259b\u0259r verir ki, bunu T&uuml;rkiy\u0259 prezidenti R\u0259c\u0259b Tayyib \u018frdo\u011fan bu g&uuml;n b\u0259yan edib.<br \/>\n&nbsp;<br \/>\nO, AB\u015e-\u0131n sabiq prezidenti Barak Obaman\u0131n T&uuml;rkiy\u0259ni aldatd\u0131\u011f\u0131n\u0131 deyib: &ldquo;Biz Obama d&ouml;vr&uuml;nd\u0259 &ldquo;Zeytunluq&rdquo; h\u0259r\u0259kat\u0131 ba\u015flatm\u0131\u015fd\u0131q. Ancaq &ldquo;Zeytunluq&rdquo; h\u0259r\u0259kat\u0131nda Barak Obama bizi aldatd\u0131. &ldquo;Zeytunluq&rdquo; h\u0259r\u0259kat\u0131nda m\u0259qs\u0259d M&uuml;nbici t\u0259mizl\u0259m\u0259k idi. Obama s&ouml;z&uuml;nd\u0259 durmad\u0131, biz &uuml;z\u0259rimiz\u0259 d&uuml;\u015f\u0259ni etdik, AB\u015e &uuml;z\u0259rin\u0259 d&uuml;\u015f\u0259ni etm\u0259di. Onlar s&ouml;z verdil\u0259r ki, Minbicd\u0259ki terror&ccedil;ular\u0131 F\u0259rat &ccedil;ay\u0131n\u0131n \u015f\u0259rqin\u0259 aparacaqlar. &Ccedil;&uuml;nki M&uuml;nbicin \u0259halisinin 95 faizi \u0259r\u0259bl\u0259rdir. Anaq s&ouml;zl\u0259rinin &uuml;z\u0259rind\u0259 durmad\u0131lar, &ccedil;&uuml;nki m\u0259qs\u0259dl\u0259ri yeni terror d&ouml;vl\u0259ti yaratmaq idi. Ad\u0131n\u0131 k&uuml;rd d&ouml;vl\u0259ti qoyurdular, halbuki M&uuml;nbicd\u0259 k&uuml;rdl\u0259r yox idi, \u0259halinin 95 faizi \u0259r\u0259b idi. Kobanid\u0259 d\u0259 \u0259halinin \u0259ks\u0259riyy\u0259ti \u0259r\u0259b idi, \u0259r\u0259bl\u0259ri qovub, ora terror&ccedil;ular\u0131 y\u0131\u011fd\u0131lar&rdquo;.<br \/>\n&nbsp;<br \/>\nR. T. \u018frdo\u011fan T&uuml;rkiy\u0259 ordusunun Suriyan\u0131n Afrin b&ouml;lg\u0259sini PKK terror t\u0259\u015fkilat\u0131n\u0131n Suriya qolu PYD\/YPG-d\u0259n t\u0259mizl\u0259m\u0259k &uuml;&ccedil;&uuml;n haz\u0131rda h\u0259yata ke&ccedil;irdiyi &quot;Zeytun buda\u011f\u0131&quot; \u0259m\u0259liyyat\u0131nda t&uuml;rk \u0259sg\u0259rl\u0259ri v\u0259 m&uuml;xalif Azad Suriya Ordusunun d&ouml;y&uuml;\u015f&ccedil;&uuml;l\u0259ri d\u0259 daxil olmaqla, 7-8 \u015f\u0259hidin oldu\u011funu a&ccedil;\u0131qlay\u0131b: &ldquo;M\u0259hv edil\u0259n terror&ccedil;ular\u0131n say\u0131 is\u0259 268-d\u0259n &ccedil;oxdur. Biz terror&ccedil;ular\u0131n k&ouml;k&uuml;n&uuml; o torpaqlardan qaz\u0131yaca\u011f\u0131q. Afrind\u0259 \u0259m\u0259liyyat terror&ccedil;ular\u0131n k&ouml;k&uuml; k\u0259sil\u0259n\u0259d\u0259k davam ed\u0259c\u0259k&quot;.<\/p>\n","protected":false},"excerpt":{"rendered":"<p>&quot;T&uuml;rkiy\u0259 Suriyan\u0131n M&uuml;nbic b&ouml;lg\u0259sini, o c&uuml;ml\u0259d\u0259n b&uuml;t&uuml;n s\u0259rh\u0259d boyu zonalar\u0131n\u0131 PKK terror t\u0259\u015fkilat\u0131n\u0131n Suriya qolu PYD\/YPG-d\u0259n t\u0259mizl\u0259y\u0259c\u0259k&quot;. &nbsp;&nbsp; &quot;Ucnoqta.az&quot; APA-ya istinad\u0259n x\u0259b\u0259r verir ki, bunu T&uuml;rkiy\u0259 prezidenti R\u0259c\u0259b Tayyib \u018frdo\u011fan&hellip;<\/p>\n","protected":false},"author":1,"featured_media":251278,"comment_status":"open","ping_status":"open","sticky":false,"template":"","format":"standard","meta":{"_lmt_disableupdate":"","_lmt_disable":"","footnotes":""},"categories":[89],"tags":[],"class_list":["post-57446","post","type-post","status-publish","format-standard","has-post-thumbnail","hentry","category-dunya-butun-xeberler"],"_links":{"self":[{"href":"https:\/\/ucnoqta.az\/index.php?rest_route=\/wp\/v2\/posts\/57446","targetHints":{"allow":["GET"]}}],"collection":[{"href":"https:\/\/ucnoqta.az\/index.php?rest_route=\/wp\/v2\/posts"}],"about":[{"href":"https:\/\/ucnoqta.az\/index.php?rest_route=\/wp\/v2\/types\/post"}],"author":[{"embeddable":true,"href":"https:\/\/ucnoqta.az\/index.php?rest_route=\/wp\/v2\/users\/1"}],"replies":[{"embeddable":true,"href":"https:\/\/ucnoqta.az\/index.php?rest_route=%2Fwp%2Fv2%2Fcomments&post=57446"}],"version-history":[{"count":0,"href":"https:\/\/ucnoqta.az\/index.php?rest_route=\/wp\/v2\/posts\/57446\/revisions"}],"wp:featuredmedia":[{"embeddable":true,"href":"https:\/\/ucnoqta.az\/index.php?rest_route=\/wp\/v2\/media\/251278"}],"wp:attachment":[{"href":"https:\/\/ucnoqta.az\/index.php?rest_route=%2Fwp%2Fv2%2Fmedia&parent=57446"}],"wp:term":[{"taxonomy":"category","embeddable":true,"href":"https:\/\/ucnoqta.az\/index.php?rest_route=%2Fwp%2Fv2%2Fcategories&post=57446"},{"taxonomy":"post_tag","embeddable":true,"href":"https:\/\/ucnoqta.az\/index.php?rest_route=%2Fwp%2Fv2%2Ftags&post=57446"}],"curies":[{"name":"wp","href":"https:\/\/api.w.org\/{rel}","templated":true}]}}