{"id":57445,"date":"2018-01-24T13:54:11","date_gmt":"2018-01-24T09:54:11","guid":{"rendered":""},"modified":"-0001-11-30T00:00:00","modified_gmt":"-0001-11-29T20:00:00","slug":"","status":"publish","type":"post","link":"https:\/\/ucnoqta.az\/?p=57445","title":{"rendered":"\u201cAB\u015e Putini devirm\u0259k ist\u0259yir\u201d &#8211; Davosda qalmaqall\u0131 <font color=red><b>\u00c7IXI\u015e<\/b><\/font>"},"content":{"rendered":"<p><strong>&quot;AB\u015e v\u0259 onun m&uuml;tt\u0259fiql\u0259ri Rusiyaya qar\u015f\u0131 adi ticar\u0259t m&uuml;harib\u0259si deyil, b&ouml;y&uuml;k iqtisadi m&uuml;harib\u0259 apar\u0131r. Bu m&uuml;harib\u0259nin m\u0259qs\u0259di &ouml;lk\u0259d\u0259 hakimiyy\u0259t d\u0259yi\u015fikliyin\u0259 nail olmaqd\u0131r&rdquo;.<\/strong><\/p>\n<p>&nbsp;<br \/>\n&quot;Ucnoqta.az&quot; Modern.az-a &nbsp;istinad\u0259n x\u0259b\u0259r verir ki, bu bar\u0259d\u0259 &ouml;lk\u0259nin \u0259n b&ouml;y&uuml;k banklar\u0131ndan say\u0131lan VTB-nin s\u0259dri Andrey Kostin Davos \u0130qtisadi Forumunda &ccedil;\u0131x\u0131\u015f\u0131 zaman\u0131 dan\u0131\u015f\u0131b.<br \/>\n&nbsp;<\/p>\n<p>&ldquo;D&uuml;\u015f&uuml;n&uuml;r\u0259m ki, Q\u0259rbin m\u0259qs\u0259di m\u0259hz budur. Sanksiyalar vasit\u0259sil\u0259 naraz\u0131l\u0131q yaradaraq, ruslar\u0131n h&ouml;kum\u0259ti, prezidenti onlara daha uy\u011fun \u015f\u0259xs\u0259 d\u0259yi\u015fm\u0259sini ist\u0259yirl\u0259r&rdquo;.<\/p>\n<p>&nbsp;<br \/>\nKostinin fikrinc\u0259, bu iqtisadi sanksiyalar m&uuml;harib\u0259 elan olunmas\u0131na b\u0259nz\u0259yir v\u0259 Avropada m&uuml;harib\u0259 riskini art\u0131r\u0131r. Kostin onu da bildirib ki, &nbsp;Rusiyan\u0131n AB\u015e-dak\u0131 s\u0259firi geri &ccedil;a\u011f\u0131r\u0131lmal\u0131d\u0131r. &nbsp;&nbsp;<br \/>\n&nbsp;<\/p>\n","protected":false},"excerpt":{"rendered":"<p>&quot;AB\u015e v\u0259 onun m&uuml;tt\u0259fiql\u0259ri Rusiyaya qar\u015f\u0131 adi ticar\u0259t m&uuml;harib\u0259si deyil, b&ouml;y&uuml;k iqtisadi m&uuml;harib\u0259 apar\u0131r. Bu m&uuml;harib\u0259nin m\u0259qs\u0259di &ouml;lk\u0259d\u0259 hakimiyy\u0259t d\u0259yi\u015fikliyin\u0259 nail olmaqd\u0131r&rdquo;. &nbsp; &quot;Ucnoqta.az&quot; Modern.az-a &nbsp;istinad\u0259n x\u0259b\u0259r verir ki, bu&hellip;<\/p>\n","protected":false},"author":1,"featured_media":251278,"comment_status":"open","ping_status":"open","sticky":false,"template":"","format":"standard","meta":{"_lmt_disableupdate":"","_lmt_disable":"","footnotes":""},"categories":[89],"tags":[],"class_list":["post-57445","post","type-post","status-publish","format-standard","has-post-thumbnail","hentry","category-dunya-butun-xeberler"],"_links":{"self":[{"href":"https:\/\/ucnoqta.az\/index.php?rest_route=\/wp\/v2\/posts\/57445","targetHints":{"allow":["GET"]}}],"collection":[{"href":"https:\/\/ucnoqta.az\/index.php?rest_route=\/wp\/v2\/posts"}],"about":[{"href":"https:\/\/ucnoqta.az\/index.php?rest_route=\/wp\/v2\/types\/post"}],"author":[{"embeddable":true,"href":"https:\/\/ucnoqta.az\/index.php?rest_route=\/wp\/v2\/users\/1"}],"replies":[{"embeddable":true,"href":"https:\/\/ucnoqta.az\/index.php?rest_route=%2Fwp%2Fv2%2Fcomments&post=57445"}],"version-history":[{"count":0,"href":"https:\/\/ucnoqta.az\/index.php?rest_route=\/wp\/v2\/posts\/57445\/revisions"}],"wp:featuredmedia":[{"embeddable":true,"href":"https:\/\/ucnoqta.az\/index.php?rest_route=\/wp\/v2\/media\/251278"}],"wp:attachment":[{"href":"https:\/\/ucnoqta.az\/index.php?rest_route=%2Fwp%2Fv2%2Fmedia&parent=57445"}],"wp:term":[{"taxonomy":"category","embeddable":true,"href":"https:\/\/ucnoqta.az\/index.php?rest_route=%2Fwp%2Fv2%2Fcategories&post=57445"},{"taxonomy":"post_tag","embeddable":true,"href":"https:\/\/ucnoqta.az\/index.php?rest_route=%2Fwp%2Fv2%2Ftags&post=57445"}],"curies":[{"name":"wp","href":"https:\/\/api.w.org\/{rel}","templated":true}]}}