{"id":57435,"date":"2018-01-24T12:37:10","date_gmt":"2018-01-24T08:37:10","guid":{"rendered":""},"modified":"-0001-11-30T00:00:00","modified_gmt":"-0001-11-29T20:00:00","slug":"","status":"publish","type":"post","link":"https:\/\/ucnoqta.az\/?p=57435","title":{"rendered":"Temperatur a\u015fa\u011f\u0131 en\u0259c\u0259k, qar ya\u011facaq &#8211; <font color=red><b>X\u0259b\u0259rdarl\u0131q<\/b><\/font>"},"content":{"rendered":"<p><strong>&nbsp;Sabah, yanvar\u0131n 25-d\u0259 g&ouml;zl\u0259nil\u0259n hava proqnozu a&ccedil;\u0131qlan\u0131b.<\/strong><\/p>\n<p>&quot;Ucnoqta.az&quot; Ekologiya v\u0259 T\u0259bii S\u0259rv\u0259tl\u0259r Nazirliyinin Milli Hidrometeorologiya Departamentin\u0259 istinad\u0259n x\u0259b\u0259r verir ki, sabah Bak\u0131da v\u0259 Ab\u015feron yar\u0131madas\u0131nda buludlu hava \u015f\u0259raitinin &uuml;st&uuml;nl&uuml;k t\u0259\u015fkil ed\u0259c\u0259yi g&ouml;zl\u0259nilir. S\u0259h\u0259r b\u0259zi yerl\u0259rd\u0259 z\u0259if duman, &ccedil;iskin olacaq. \u015eimal-q\u0259rb k&uuml;l\u0259yi \u0259s\u0259c\u0259k, g&uuml;nd&uuml;z&nbsp; arabir&nbsp; g&uuml;cl\u0259n\u0259c\u0259k. Havan\u0131n temperaturunun Bak\u0131da v\u0259&nbsp; Ab\u015feron yar\u0131madas\u0131nda gec\u0259 1-3, g&uuml;nd&uuml;z 5-7 d\u0259r\u0259c\u0259 isti olaca\u011f\u0131 g&ouml;zl\u0259nilir. Atmosfer t\u0259zyiqi normadan y&uuml;ks\u0259k 765 mm civ\u0259 s&uuml;tunundan 770 mm civ\u0259 s&uuml;tununa y&uuml;ks\u0259l\u0259c\u0259k, nisbi r&uuml;tub\u0259t 70-80 faiz t\u0259\u015fkil ed\u0259c\u0259k.<\/p>\n<p>Az\u0259rbaycan\u0131n rayonlar\u0131na g\u0259linc\u0259 sabah&nbsp;hava \u015f\u0259raitinin arabir ya\u011f\u0131nt\u0131l\u0131 olaca\u011f\u0131, da\u011fl\u0131q \u0259razil\u0259rd\u0259 qar ya\u011faca\u011f\u0131 g&ouml;zl\u0259nilir. Ayr\u0131-ayr\u0131 yerl\u0259rd\u0259 duman olacaq. \u015eimal-\u015f\u0259rq k&uuml;l\u0259yi \u0259s\u0259c\u0259k, ayr\u0131-ayr\u0131 yerl\u0259rd\u0259 arabir g&uuml;cl\u0259n\u0259c\u0259k.&nbsp;<br \/>\nHavan\u0131n temperaturunun gec\u0259 0-4, g&uuml;nd&uuml;z 5-8 d\u0259r\u0259c\u0259 isti, da\u011flarda gec\u0259 3-8 d\u0259r\u0259c\u0259 \u015faxta, g&uuml;nd&uuml;z 0-3 d\u0259r\u0259c\u0259 isti olaca\u011f\u0131 g&ouml;zl\u0259nilir.<\/p>\n<p><strong>X\u0259b\u0259rdarl\u0131q<\/strong><\/p>\n<p>Yanvar\u0131n 25-i ax\u015fam \u015fimal v\u0259 q\u0259rb rayonlar\u0131ndan ba\u015flayaraq yanvar\u0131n 28-d\u0259k &ouml;lk\u0259 \u0259razisind\u0259 hava \u015f\u0259raitinin qeyri-sabit ke&ccedil;\u0259c\u0259yi, arabir ya\u011f\u0131nt\u0131l\u0131 olaca\u011f\u0131, qar ya\u011faca\u011f\u0131, b\u0259zi yerl\u0259rd\u0259 intensiv olaca\u011f\u0131 g&ouml;zl\u0259nilir. \u015eimal-\u015f\u0259rq k&uuml;l\u0259yi \u0259s\u0259c\u0259k, ayr\u0131-ayr\u0131 yerl\u0259rd\u0259 arabir g&uuml;cl\u0259n\u0259c\u0259k. Havan\u0131n temperaturu &ouml;t\u0259n g&uuml;nl\u0259rl\u0259 m&uuml;qayis\u0259d\u0259 t\u0259dric\u0259n 4-7 d\u0259r\u0259c\u0259 a\u015fa\u011f\u0131 en\u0259c\u0259k. Da\u011fl\u0131q rayonlarda yollar\u0131n buz ba\u011flayaca\u011f\u0131 ehtimal\u0131 var.&nbsp;<\/p>\n","protected":false},"excerpt":{"rendered":"<p>&nbsp;Sabah, yanvar\u0131n 25-d\u0259 g&ouml;zl\u0259nil\u0259n hava proqnozu a&ccedil;\u0131qlan\u0131b. &quot;Ucnoqta.az&quot; Ekologiya v\u0259 T\u0259bii S\u0259rv\u0259tl\u0259r Nazirliyinin Milli Hidrometeorologiya Departamentin\u0259 istinad\u0259n x\u0259b\u0259r verir ki, sabah Bak\u0131da v\u0259 Ab\u015feron yar\u0131madas\u0131nda buludlu hava \u015f\u0259raitinin &uuml;st&uuml;nl&uuml;k t\u0259\u015fkil&hellip;<\/p>\n","protected":false},"author":1,"featured_media":251278,"comment_status":"open","ping_status":"open","sticky":false,"template":"","format":"standard","meta":{"_lmt_disableupdate":"","_lmt_disable":"","footnotes":""},"categories":[91],"tags":[],"class_list":["post-57435","post","type-post","status-publish","format-standard","has-post-thumbnail","hentry","category-olkeici"],"_links":{"self":[{"href":"https:\/\/ucnoqta.az\/index.php?rest_route=\/wp\/v2\/posts\/57435","targetHints":{"allow":["GET"]}}],"collection":[{"href":"https:\/\/ucnoqta.az\/index.php?rest_route=\/wp\/v2\/posts"}],"about":[{"href":"https:\/\/ucnoqta.az\/index.php?rest_route=\/wp\/v2\/types\/post"}],"author":[{"embeddable":true,"href":"https:\/\/ucnoqta.az\/index.php?rest_route=\/wp\/v2\/users\/1"}],"replies":[{"embeddable":true,"href":"https:\/\/ucnoqta.az\/index.php?rest_route=%2Fwp%2Fv2%2Fcomments&post=57435"}],"version-history":[{"count":0,"href":"https:\/\/ucnoqta.az\/index.php?rest_route=\/wp\/v2\/posts\/57435\/revisions"}],"wp:featuredmedia":[{"embeddable":true,"href":"https:\/\/ucnoqta.az\/index.php?rest_route=\/wp\/v2\/media\/251278"}],"wp:attachment":[{"href":"https:\/\/ucnoqta.az\/index.php?rest_route=%2Fwp%2Fv2%2Fmedia&parent=57435"}],"wp:term":[{"taxonomy":"category","embeddable":true,"href":"https:\/\/ucnoqta.az\/index.php?rest_route=%2Fwp%2Fv2%2Fcategories&post=57435"},{"taxonomy":"post_tag","embeddable":true,"href":"https:\/\/ucnoqta.az\/index.php?rest_route=%2Fwp%2Fv2%2Ftags&post=57435"}],"curies":[{"name":"wp","href":"https:\/\/api.w.org\/{rel}","templated":true}]}}