{"id":57434,"date":"2018-01-24T12:33:12","date_gmt":"2018-01-24T08:33:12","guid":{"rendered":""},"modified":"-0001-11-30T00:00:00","modified_gmt":"-0001-11-29T20:00:00","slug":"","status":"publish","type":"post","link":"https:\/\/ucnoqta.az\/?p=57434","title":{"rendered":"Allah\u015f\u00fck\u00fcr Pa\u015fazad\u0259 AB\u015e s\u0259firi il\u0259 g\u00f6r\u00fc\u015f\u00fcb &#8211; <font color=red><b>FOTO<\/b><\/font>"},"content":{"rendered":"<p><strong>Qafqaz M&uuml;s\u0259lmanlar\u0131 \u0130dar\u0259sinin (QM\u0130) s\u0259dri, \u015feyx&uuml;lislam Allah\u015f&uuml;k&uuml;r Pa\u015fazad\u0259 AB\u015e-\u0131n Az\u0259rbaycandak\u0131 f&ouml;vq\u0259lad\u0259 v\u0259 s\u0259lahiyy\u0259tli s\u0259firi Robert Sekutan\u0131 q\u0259bul edib.<\/strong><\/p>\n<p>&quot;Ucnoqta.az&quot; \u0130dar\u0259d\u0259n &quot;Report&quot;a veril\u0259n m\u0259lumata istinad\u0259n bildirir ki, A.Pa\u015fazad\u0259 Az\u0259rbaycanda d&ouml;vl\u0259t-din m&uuml;nasib\u0259tl\u0259rinin y&uuml;ks\u0259k s\u0259viyy\u0259si, d&ouml;vl\u0259tin dini d\u0259y\u0259rl\u0259r\u0259, dini abid\u0259l\u0259r\u0259 v\u0259 m\u0259n\u0259vi irs\u0259 qay\u011f\u0131 v\u0259 diqq\u0259ti bar\u0259d\u0259, habel\u0259 dini m\u0259rk\u0259z olan Qafqaz M&uuml;s\u0259lmanlar\u0131 \u0130dar\u0259sinin dinl\u0259raras\u0131 dialoq istiqam\u0259tind\u0259 h\u0259yata ke&ccedil;irdiyi t\u0259dbirl\u0259r bar\u0259d\u0259 dan\u0131\u015f\u0131b.&nbsp;<\/p>\n<p>QM\u0130 s\u0259dri Az\u0259rbaycan Respublikas\u0131n\u0131n Prezidenti \u0130lham \u018fliyevin s\u0259r\u0259ncam\u0131na uy\u011fun olaraq elan olunmu\u015f &quot;\u0130slam H\u0259mr\u0259yliyi \u0130li&quot;nin yekunla\u015fmas\u0131 il\u0259 ba\u011fl\u0131 21 dekabr 2017-ci il tarixind\u0259 Bak\u0131 \u015f\u0259h\u0259rind\u0259 &quot;2017-\u0130slam H\u0259mr\u0259yliyi \u0130li: Dinl\u0259r v\u0259 m\u0259d\u0259niyy\u0259tl\u0259raras\u0131 dialoq&quot; m&ouml;vzusunda ke&ccedil;irilmi\u015f Beyn\u0259lxalq Konfrans\u0131n do\u011furdu\u011fu beyn\u0259lxalq rezonans bar\u0259d\u0259 s\u0259firi m\u0259lumatland\u0131r\u0131b.<\/p>\n<p>\u015eeyx&uuml;lislam x&uuml;susi vur\u011fulay\u0131b ki, narahat d&uuml;nyam\u0131zda m&ouml;vcud t\u0259hdidl\u0259rd\u0259n b\u0259\u015f\u0259r ail\u0259si yaln\u0131z s\u0259yl\u0259rini birl\u0259\u015fdirm\u0259kl\u0259, \u0130slamdaxili h\u0259mr\u0259ylik v\u0259 m&uuml;xt\u0259lif dinl\u0259r aras\u0131nda \u0259m\u0259kda\u015fl\u0131q say\u0259sind\u0259 xilas ola bil\u0259r. QM\u0130 s\u0259dri bildirib ki, Bak\u0131 Beyn\u0259lxalq Konfrans\u0131n\u0131n i\u015ftirak&ccedil;\u0131lar\u0131 m&uuml;asir d&uuml;nyada m&ouml;vcud olan problem v\u0259 &ccedil;a\u011f\u0131r\u0131\u015flar\u0131 n\u0259z\u0259r\u0259 alaraq, dinl\u0259r v\u0259 m\u0259d\u0259niyy\u0259tl\u0259raras\u0131 dialoqun inki\u015faf etdirilm\u0259sini z\u0259ruri sayaraq bu prosesin davaml\u0131l\u0131\u011f\u0131n\u0131 t\u0259min etm\u0259k m\u0259ram\u0131 il\u0259 &quot;Dialoqdan h\u0259mr\u0259yliy\u0259: dinl\u0259r v\u0259 sivilizasiyalararas\u0131 \u0259m\u0259kda\u015fl\u0131q&quot; M\u0259rk\u0259zi yarad\u0131lmas\u0131 bar\u0259d\u0259 q\u0259rara g\u0259libl\u0259r.<\/p>\n<p>Az\u0259rbaycanda, Qafqaz M&uuml;s\u0259lmanlar\u0131 \u0130dar\u0259si yan\u0131nda daimi f\u0259aliyy\u0259t g&ouml;st\u0259r\u0259c\u0259k M\u0259rk\u0259zin Himay\u0259darlar \u015euras\u0131nda v\u0259 M\u0259\u015fv\u0259r\u0259t \u015euras\u0131nda m&uuml;xt\u0259lif d&uuml;nya dinl\u0259rinin t\u0259msil&ccedil;il\u0259rinin yer ald\u0131\u011f\u0131n\u0131 bildir\u0259n A.Pa\u015fazad\u0259 AB\u015e-dan da 2 n&uuml;may\u0259nd\u0259nin burada &uuml;zv oldu\u011funu s\u0259firin diqq\u0259tin\u0259 &ccedil;atd\u0131r\u0131b.<\/p>\n<p>R.Sekuta, &ouml;z n&ouml;vb\u0259sind\u0259, d&uuml;nyada ged\u0259n prosesl\u0259r fonunda, dini v\u0259 milli z\u0259mind\u0259 ekstremizmin t&uuml;\u011fyan etm\u0259sin\u0259 t\u0259kan ver\u0259n faci\u0259vi hadis\u0259l\u0259rin s\u0259ngim\u0259diyi bir zamanda Az\u0259rbaycan\u0131n multikulturalizm diyar\u0131 kimi b\u0259\u015f\u0259riyy\u0259t\u0259 t\u0259qdim etdiyi n&uuml;mun\u0259vi dinl\u0259raras\u0131 dialoq v\u0259 \u0259m\u0259kda\u015fl\u0131q modelinin \u0259h\u0259miyy\u0259tini x&uuml;susi qeyd edib . O, AB\u015e-dan bu &ouml;n\u0259mli t\u0259cr&uuml;b\u0259nin &ouml;yr\u0259nilm\u0259si m\u0259ram\u0131 il\u0259 x&uuml;susi n&uuml;may\u0259nd\u0259 hey\u0259tinin &ouml;lk\u0259miz\u0259 ba\u015f tutmu\u015f s\u0259f\u0259ri bar\u0259d\u0259 m\u0259lumat verib. Az\u0259rbaycanda, b&ouml;lg\u0259d\u0259 s&uuml;lh, dinl\u0259raras\u0131 dialoq m&uuml;hitinin t\u0259min olunmas\u0131 i\u015find\u0259 \u0130slam d&uuml;nyas\u0131n\u0131n n&uuml;fuzlu \u015f\u0259xsiyy\u0259tl\u0259rind\u0259n biri kimi d\u0259y\u0259rl\u0259ndirdiyi A.Pa\u015fazad\u0259nin b&ouml;y&uuml;k rolu oldu\u011funu bildir\u0259n s\u0259fir &ouml;t\u0259n ilin sentyabr\u0131nda Qafqaz M&uuml;s\u0259lmanlar\u0131 \u0130dar\u0259si s\u0259drinin B&uuml;t&uuml;n erm\u0259nil\u0259rin Katolikos-Patriarx\u0131 II Qareginl\u0259 Moskvada ba\u015f tutan g&ouml;r&uuml;\u015f&uuml;n&uuml;n d\u0259 bu bax\u0131mdan x&uuml;susi &ouml;n\u0259mini vur\u011fulay\u0131b. AT\u018fT-in Minsk Qrupunun h\u0259ms\u0259dr d&ouml;vl\u0259ti kimi Erm\u0259nistan-Az\u0259rbaycan Da\u011fl\u0131q Qaraba\u011f m&uuml;naqi\u015f\u0259sinin s&uuml;lh yolu il\u0259 nizamlamas\u0131 i\u015fin\u0259 xidm\u0259t ed\u0259n bel\u0259 &uuml;nsiyy\u0259tl\u0259ri y&uuml;ks\u0259k d\u0259y\u0259rl\u0259ndirdikl\u0259rini \u015feyx&uuml;lislam\u0131n diqq\u0259tin\u0259 &ccedil;atd\u0131r\u0131b.<\/p>\n<p>G&ouml;r&uuml;\u015f&uuml;n sonunda qona\u011fa xatir\u0259 h\u0259diyy\u0259si t\u0259qdim olunub.<\/p>\n","protected":false},"excerpt":{"rendered":"<p>Qafqaz M&uuml;s\u0259lmanlar\u0131 \u0130dar\u0259sinin (QM\u0130) s\u0259dri, \u015feyx&uuml;lislam Allah\u015f&uuml;k&uuml;r Pa\u015fazad\u0259 AB\u015e-\u0131n Az\u0259rbaycandak\u0131 f&ouml;vq\u0259lad\u0259 v\u0259 s\u0259lahiyy\u0259tli s\u0259firi Robert Sekutan\u0131 q\u0259bul edib. &quot;Ucnoqta.az&quot; \u0130dar\u0259d\u0259n &quot;Report&quot;a veril\u0259n m\u0259lumata istinad\u0259n bildirir ki, A.Pa\u015fazad\u0259 Az\u0259rbaycanda d&ouml;vl\u0259t-din m&uuml;nasib\u0259tl\u0259rinin&hellip;<\/p>\n","protected":false},"author":1,"featured_media":251278,"comment_status":"open","ping_status":"open","sticky":false,"template":"","format":"standard","meta":{"_lmt_disableupdate":"","_lmt_disable":"","footnotes":""},"categories":[86],"tags":[],"class_list":["post-57434","post","type-post","status-publish","format-standard","has-post-thumbnail","hentry","category-siyaset"],"_links":{"self":[{"href":"https:\/\/ucnoqta.az\/index.php?rest_route=\/wp\/v2\/posts\/57434","targetHints":{"allow":["GET"]}}],"collection":[{"href":"https:\/\/ucnoqta.az\/index.php?rest_route=\/wp\/v2\/posts"}],"about":[{"href":"https:\/\/ucnoqta.az\/index.php?rest_route=\/wp\/v2\/types\/post"}],"author":[{"embeddable":true,"href":"https:\/\/ucnoqta.az\/index.php?rest_route=\/wp\/v2\/users\/1"}],"replies":[{"embeddable":true,"href":"https:\/\/ucnoqta.az\/index.php?rest_route=%2Fwp%2Fv2%2Fcomments&post=57434"}],"version-history":[{"count":0,"href":"https:\/\/ucnoqta.az\/index.php?rest_route=\/wp\/v2\/posts\/57434\/revisions"}],"wp:featuredmedia":[{"embeddable":true,"href":"https:\/\/ucnoqta.az\/index.php?rest_route=\/wp\/v2\/media\/251278"}],"wp:attachment":[{"href":"https:\/\/ucnoqta.az\/index.php?rest_route=%2Fwp%2Fv2%2Fmedia&parent=57434"}],"wp:term":[{"taxonomy":"category","embeddable":true,"href":"https:\/\/ucnoqta.az\/index.php?rest_route=%2Fwp%2Fv2%2Fcategories&post=57434"},{"taxonomy":"post_tag","embeddable":true,"href":"https:\/\/ucnoqta.az\/index.php?rest_route=%2Fwp%2Fv2%2Ftags&post=57434"}],"curies":[{"name":"wp","href":"https:\/\/api.w.org\/{rel}","templated":true}]}}