{"id":57426,"date":"2018-01-24T12:14:11","date_gmt":"2018-01-24T08:14:11","guid":{"rendered":""},"modified":"-0001-11-30T00:00:00","modified_gmt":"-0001-11-29T20:00:00","slug":"","status":"publish","type":"post","link":"https:\/\/ucnoqta.az\/?p=57426","title":{"rendered":"\u018ffqan\u0131standa \u201cSave the Children\u201d t\u0259\u015fkilat\u0131n\u0131n ofisin\u0259 silahl\u0131 h\u00fccum &#8211; <font color=red><b>11 yaral\u0131<\/b><\/font>"},"content":{"rendered":"<p><strong>\u018ffqan\u0131stan\u0131n C\u0259lalabad \u015f\u0259h\u0259rind\u0259 silahl\u0131 \u015f\u0259xsl\u0259r &quot;Save the Children&rdquo; beyn\u0259lxalq t\u0259\u015fkilat\u0131n\u0131n ofisin\u0259 h&uuml;cum edib.<\/strong><br \/>\n&nbsp;<\/p>\n<p>&quot;Ucnoqta.az&quot; &ldquo;Qafqazinfo&rdquo;ya istinad\u0259n x\u0259b\u0259r verir ki, n\u0259tic\u0259d\u0259 11 n\u0259f\u0259r yaralan\u0131b.&nbsp;<br \/>\n&nbsp;<\/p>\n<p>Bu g&uuml;n s\u0259h\u0259r terror&ccedil;u-kamikadz\u0259 binan\u0131n giri\u015fi qar\u015f\u0131s\u0131nda partlay\u0131c\u0131n\u0131 i\u015f\u0259 sal\u0131b. Daha sonra ofisin \u0259razisin\u0259 silahl\u0131 \u015f\u0259xsl\u0259r daxil olublar. &nbsp;\u018fyal\u0259t qubernatorunun s&ouml;zl\u0259rin\u0259 g&ouml;r\u0259, silahl\u0131 \u015f\u0259xsl\u0259rl\u0259 h&uuml;quq-m&uuml;hafiz\u0259 orqanlar\u0131 \u0259m\u0259kda\u015flar\u0131 aras\u0131nda qar\u015f\u0131durma davam edir.&nbsp;<br \/>\n&nbsp;<\/p>\n<p>Qeyd edilir ki, h&uuml;quq m&uuml;dafi\u0259&ccedil;il\u0259rinin ofisl\u0259rinin yax\u0131nl\u0131\u011f\u0131nda m\u0259kt\u0259b yerl\u0259\u015fir. At\u0131\u015fma zaman\u0131 b\u0259zi u\u015faqlar \u0259razini t\u0259rk edibl\u0259r.&nbsp;<\/p>\n","protected":false},"excerpt":{"rendered":"<p>\u018ffqan\u0131stan\u0131n C\u0259lalabad \u015f\u0259h\u0259rind\u0259 silahl\u0131 \u015f\u0259xsl\u0259r &quot;Save the Children&rdquo; beyn\u0259lxalq t\u0259\u015fkilat\u0131n\u0131n ofisin\u0259 h&uuml;cum edib. &nbsp; &quot;Ucnoqta.az&quot; &ldquo;Qafqazinfo&rdquo;ya istinad\u0259n x\u0259b\u0259r verir ki, n\u0259tic\u0259d\u0259 11 n\u0259f\u0259r yaralan\u0131b.&nbsp; &nbsp; Bu g&uuml;n s\u0259h\u0259r terror&ccedil;u-kamikadz\u0259 binan\u0131n&hellip;<\/p>\n","protected":false},"author":1,"featured_media":251278,"comment_status":"open","ping_status":"open","sticky":false,"template":"","format":"standard","meta":{"_lmt_disableupdate":"","_lmt_disable":"","footnotes":""},"categories":[89],"tags":[],"class_list":["post-57426","post","type-post","status-publish","format-standard","has-post-thumbnail","hentry","category-dunya-butun-xeberler"],"_links":{"self":[{"href":"https:\/\/ucnoqta.az\/index.php?rest_route=\/wp\/v2\/posts\/57426","targetHints":{"allow":["GET"]}}],"collection":[{"href":"https:\/\/ucnoqta.az\/index.php?rest_route=\/wp\/v2\/posts"}],"about":[{"href":"https:\/\/ucnoqta.az\/index.php?rest_route=\/wp\/v2\/types\/post"}],"author":[{"embeddable":true,"href":"https:\/\/ucnoqta.az\/index.php?rest_route=\/wp\/v2\/users\/1"}],"replies":[{"embeddable":true,"href":"https:\/\/ucnoqta.az\/index.php?rest_route=%2Fwp%2Fv2%2Fcomments&post=57426"}],"version-history":[{"count":0,"href":"https:\/\/ucnoqta.az\/index.php?rest_route=\/wp\/v2\/posts\/57426\/revisions"}],"wp:featuredmedia":[{"embeddable":true,"href":"https:\/\/ucnoqta.az\/index.php?rest_route=\/wp\/v2\/media\/251278"}],"wp:attachment":[{"href":"https:\/\/ucnoqta.az\/index.php?rest_route=%2Fwp%2Fv2%2Fmedia&parent=57426"}],"wp:term":[{"taxonomy":"category","embeddable":true,"href":"https:\/\/ucnoqta.az\/index.php?rest_route=%2Fwp%2Fv2%2Fcategories&post=57426"},{"taxonomy":"post_tag","embeddable":true,"href":"https:\/\/ucnoqta.az\/index.php?rest_route=%2Fwp%2Fv2%2Ftags&post=57426"}],"curies":[{"name":"wp","href":"https:\/\/api.w.org\/{rel}","templated":true}]}}