{"id":57424,"date":"2018-01-24T12:07:34","date_gmt":"2018-01-24T08:07:34","guid":{"rendered":""},"modified":"-0001-11-30T00:00:00","modified_gmt":"-0001-11-29T20:00:00","slug":"","status":"publish","type":"post","link":"https:\/\/ucnoqta.az\/?p=57424","title":{"rendered":"Prezident Davosda \u201cIBM\u201d \u015firk\u0259tinin ba\u015f icra\u00e7\u0131 direktoru il\u0259 g\u00f6r\u00fc\u015f\u00fcb &#8211; <font color=red><b>YEN\u0130L\u018fN\u0130B<\/b><\/font>"},"content":{"rendered":"<p><strong>Az\u0259rbaycan prezidenti \u0130lham \u018fliyev Davosda &ldquo;IBM&rdquo; \u015firk\u0259tinin ba\u015f icra&ccedil;\u0131 direktoru xan\u0131m Cinni Rometti il\u0259 g&ouml;r&uuml;\u015f&uuml;b.<\/strong><br \/>\n&nbsp;<br \/>\n&quot;Ucnoqta.az&quot; APA-ya istinad\u0259n x\u0259b\u0259r verir ki, Cinni Rometti Az\u0259rbaycan il\u0259 \u0259m\u0259kda\u015fl\u0131\u011f\u0131n u\u011furlu oldu\u011funu, &ldquo;IBM&rdquo; \u015firk\u0259tinin C\u0259nubi Qafqaz regionunda ilk d\u0259f\u0259 Az\u0259rbaycanda birg\u0259 m&uuml;\u0259ssis\u0259 yaratd\u0131\u011f\u0131n\u0131 vur\u011fulay\u0131b.<br \/>\n&nbsp;<br \/>\nBunun da &ouml;lk\u0259mizin co\u011frafi m&ouml;vqeyi, u\u011furlu inki\u015faf\u0131 v\u0259 innovasiyaya y&uuml;ks\u0259k qiym\u0259t verm\u0259si il\u0259 ba\u011fl\u0131 oldu\u011funu dey\u0259n C. Rometti bu m&uuml;\u0259ssis\u0259nin yarad\u0131lmas\u0131 il\u0259 Az\u0259rbaycanda insan kapital\u0131n\u0131n daha da inki\u015faf ed\u0259c\u0259yin\u0259 \u0259minliyini ifad\u0259 edib.<br \/>\n&nbsp;<br \/>\nPrezident \u0130lham \u018fliyev is\u0259 &ldquo;IBM&rdquo; \u015firk\u0259tinin &ouml;lk\u0259mizd\u0259ki f\u0259aliyy\u0259tinin u\u011furlu oldu\u011funu, m&ouml;vcud \u0259m\u0259kda\u015fl\u0131\u011f\u0131n g\u0259l\u0259c\u0259k \u0259laq\u0259l\u0259rin inki\u015faf\u0131na t&ouml;hf\u0259 ver\u0259c\u0259yini vur\u011fulay\u0131b.<br \/>\n&nbsp;<br \/>\nQeyd ed\u0259k ki, &ldquo;IBM&rdquo; \u015firk\u0259tinin Az\u0259rbaycana yat\u0131rd\u0131\u011f\u0131 investisiya n\u0259tic\u0259sind\u0259 y&uuml;ks\u0259k ixtisasl\u0131 kadrlardan ibar\u0259t yeni i\u015f yerl\u0259ri a&ccedil;\u0131lacaq, SOCAR-&ldquo;IBM&rdquo; \u0259m\u0259kda\u015fl\u0131\u011f\u0131 n\u0259tic\u0259sind\u0259 \u0259n m&uuml;asir texnologiyalardan istifad\u0259y\u0259 geni\u015f imkan yarad\u0131lacaq, SOCAR-\u0131n \u0259m\u0259kda\u015flar\u0131 m&uuml;asir texnologiyalardan istifad\u0259 ed\u0259r\u0259k bilik v\u0259 bacar\u0131qlar\u0131n\u0131 t\u0259kmill\u0259\u015fdir\u0259c\u0259kl\u0259r. Layih\u0259 &uuml;z\u0259rind\u0259 1500-d\u0259k i\u015f&ccedil;i &ccedil;al\u0131\u015facaq ki, bu da d&uuml;nya s\u0259viyy\u0259li m&uuml;t\u0259x\u0259ssisl\u0259rin haz\u0131rlanmas\u0131na r\u0259vac ver\u0259c\u0259k. Layih\u0259d\u0259 Bak\u0131 Ali Neft M\u0259kt\u0259binin, o c&uuml;ml\u0259d\u0259n Az\u0259rbaycan\u0131n dig\u0259r universitetl\u0259rinin i\u015ftirak\u0131 da t\u0259min olunacaq. Bu layih\u0259nin icras\u0131 n\u0259tic\u0259sind\u0259 &ouml;lk\u0259mizin regionda innovasiyalar\u0131n t\u0259tbiqi sah\u0259sind\u0259 n&uuml;fuzu daha da artacaq.<\/p>\n","protected":false},"excerpt":{"rendered":"<p>Az\u0259rbaycan prezidenti \u0130lham \u018fliyev Davosda &ldquo;IBM&rdquo; \u015firk\u0259tinin ba\u015f icra&ccedil;\u0131 direktoru xan\u0131m Cinni Rometti il\u0259 g&ouml;r&uuml;\u015f&uuml;b. &nbsp; &quot;Ucnoqta.az&quot; APA-ya istinad\u0259n x\u0259b\u0259r verir ki, Cinni Rometti Az\u0259rbaycan il\u0259 \u0259m\u0259kda\u015fl\u0131\u011f\u0131n u\u011furlu oldu\u011funu, &ldquo;IBM&rdquo;&hellip;<\/p>\n","protected":false},"author":1,"featured_media":251278,"comment_status":"open","ping_status":"open","sticky":false,"template":"","format":"standard","meta":{"_lmt_disableupdate":"","_lmt_disable":"","footnotes":""},"categories":[86],"tags":[],"class_list":["post-57424","post","type-post","status-publish","format-standard","has-post-thumbnail","hentry","category-siyaset"],"_links":{"self":[{"href":"https:\/\/ucnoqta.az\/index.php?rest_route=\/wp\/v2\/posts\/57424","targetHints":{"allow":["GET"]}}],"collection":[{"href":"https:\/\/ucnoqta.az\/index.php?rest_route=\/wp\/v2\/posts"}],"about":[{"href":"https:\/\/ucnoqta.az\/index.php?rest_route=\/wp\/v2\/types\/post"}],"author":[{"embeddable":true,"href":"https:\/\/ucnoqta.az\/index.php?rest_route=\/wp\/v2\/users\/1"}],"replies":[{"embeddable":true,"href":"https:\/\/ucnoqta.az\/index.php?rest_route=%2Fwp%2Fv2%2Fcomments&post=57424"}],"version-history":[{"count":0,"href":"https:\/\/ucnoqta.az\/index.php?rest_route=\/wp\/v2\/posts\/57424\/revisions"}],"wp:featuredmedia":[{"embeddable":true,"href":"https:\/\/ucnoqta.az\/index.php?rest_route=\/wp\/v2\/media\/251278"}],"wp:attachment":[{"href":"https:\/\/ucnoqta.az\/index.php?rest_route=%2Fwp%2Fv2%2Fmedia&parent=57424"}],"wp:term":[{"taxonomy":"category","embeddable":true,"href":"https:\/\/ucnoqta.az\/index.php?rest_route=%2Fwp%2Fv2%2Fcategories&post=57424"},{"taxonomy":"post_tag","embeddable":true,"href":"https:\/\/ucnoqta.az\/index.php?rest_route=%2Fwp%2Fv2%2Ftags&post=57424"}],"curies":[{"name":"wp","href":"https:\/\/api.w.org\/{rel}","templated":true}]}}