{"id":57421,"date":"2018-01-24T23:10:17","date_gmt":"2018-01-24T19:10:17","guid":{"rendered":""},"modified":"-0001-11-30T00:00:00","modified_gmt":"-0001-11-29T20:00:00","slug":"","status":"publish","type":"post","link":"https:\/\/ucnoqta.az\/?p=57421","title":{"rendered":"Filippin &#8220;c\u0259h\u0259nn\u0259m odunda&#8221; &#8211; <font color=red><b>Vulkan lavan\u0131 5000 metr\u0259d\u0259k havaya sovurur<\/b><\/font>"},"content":{"rendered":"<p><strong>Filippind\u0259 Mayon vulkan\u0131n\u0131n p&uuml;sk&uuml;rm\u0259 t\u0259hl&uuml;k\u0259si il\u0259 \u0259laq\u0259dar h\u0259l\u0259 d\u0259 t\u0259xliy\u0259l\u0259r davam edir.<\/strong><\/p>\n<p>&quot;Ucnoqta.az&quot; Trend-\u0259 istinad\u0259n bildirir ki, t\u0259xliy\u0259 il\u0259 ba\u011fl\u0131 son r\u0259q\u0259m 60 min adam\u0131 ke&ccedil;ib.<br \/>\n&nbsp;<\/p>\n<p>Qeyd ed\u0259k ki, daha &ouml;nc\u0259 vilay\u0259t qubernatoru Albay Alya Frensis Bi&ccedil;aru 40 min sakinin \u0259razil\u0259rd\u0259n t\u0259xliy\u0259 edilyini bildirmi\u015fdi.<br \/>\n&nbsp;<\/p>\n<p>H&ouml;kum\u0259t evl\u0259rini t\u0259rk etmi\u015f sakinl\u0259ri h\u0259l\u0259 d\u0259 geri qay\u0131tmama\u011f &ccedil;a\u011f\u0131r\u0131b.<br \/>\n&nbsp;<\/p>\n<p>Vulkan\u0131n haz\u0131rk\u0131 durumu il\u0259 ba\u011fl\u0131 son m\u0259lumata g&ouml;r\u0259, art\u0131q &ouml;t\u0259n gec\u0259 vulkan\u0131n g&uuml;cl&uuml; p&uuml;sk&uuml;rm\u0259si n\u0259tic\u0259sind\u0259 k&uuml;l v\u0259 lava qat\u0131 3 min-5 min metr h&uuml;nd&uuml;rl&uuml;y\u0259 sovrulub. Qeyd ed\u0259k ki, bir g&uuml;n &ouml;nc\u0259 bu r\u0259q\u0259m yaln\u0131z 600-700 metr olmu\u015fdu.<br \/>\n&nbsp;<\/p>\n<p>17 \u015f\u0259h\u0259r v\u0259 rayonda m\u0259kt\u0259bl\u0259r ba\u011flan\u0131b. Beyn\u0259lxalq aeroportlarda 50-d\u0259n art\u0131q xarici v\u0259 daxili reys l\u0259\u011fv edilib.<\/p>\n","protected":false},"excerpt":{"rendered":"<p>Filippind\u0259 Mayon vulkan\u0131n\u0131n p&uuml;sk&uuml;rm\u0259 t\u0259hl&uuml;k\u0259si il\u0259 \u0259laq\u0259dar h\u0259l\u0259 d\u0259 t\u0259xliy\u0259l\u0259r davam edir. &quot;Ucnoqta.az&quot; Trend-\u0259 istinad\u0259n bildirir ki, t\u0259xliy\u0259 il\u0259 ba\u011fl\u0131 son r\u0259q\u0259m 60 min adam\u0131 ke&ccedil;ib. &nbsp; Qeyd ed\u0259k ki,&hellip;<\/p>\n","protected":false},"author":1,"featured_media":251278,"comment_status":"open","ping_status":"open","sticky":false,"template":"","format":"standard","meta":{"_lmt_disableupdate":"","_lmt_disable":"","footnotes":""},"categories":[89],"tags":[],"class_list":["post-57421","post","type-post","status-publish","format-standard","has-post-thumbnail","hentry","category-dunya-butun-xeberler"],"_links":{"self":[{"href":"https:\/\/ucnoqta.az\/index.php?rest_route=\/wp\/v2\/posts\/57421","targetHints":{"allow":["GET"]}}],"collection":[{"href":"https:\/\/ucnoqta.az\/index.php?rest_route=\/wp\/v2\/posts"}],"about":[{"href":"https:\/\/ucnoqta.az\/index.php?rest_route=\/wp\/v2\/types\/post"}],"author":[{"embeddable":true,"href":"https:\/\/ucnoqta.az\/index.php?rest_route=\/wp\/v2\/users\/1"}],"replies":[{"embeddable":true,"href":"https:\/\/ucnoqta.az\/index.php?rest_route=%2Fwp%2Fv2%2Fcomments&post=57421"}],"version-history":[{"count":0,"href":"https:\/\/ucnoqta.az\/index.php?rest_route=\/wp\/v2\/posts\/57421\/revisions"}],"wp:featuredmedia":[{"embeddable":true,"href":"https:\/\/ucnoqta.az\/index.php?rest_route=\/wp\/v2\/media\/251278"}],"wp:attachment":[{"href":"https:\/\/ucnoqta.az\/index.php?rest_route=%2Fwp%2Fv2%2Fmedia&parent=57421"}],"wp:term":[{"taxonomy":"category","embeddable":true,"href":"https:\/\/ucnoqta.az\/index.php?rest_route=%2Fwp%2Fv2%2Fcategories&post=57421"},{"taxonomy":"post_tag","embeddable":true,"href":"https:\/\/ucnoqta.az\/index.php?rest_route=%2Fwp%2Fv2%2Ftags&post=57421"}],"curies":[{"name":"wp","href":"https:\/\/api.w.org\/{rel}","templated":true}]}}