{"id":57419,"date":"2018-01-24T11:43:05","date_gmt":"2018-01-24T07:43:05","guid":{"rendered":""},"modified":"-0001-11-30T00:00:00","modified_gmt":"-0001-11-29T20:00:00","slug":"","status":"publish","type":"post","link":"https:\/\/ucnoqta.az\/?p=57419","title":{"rendered":"T\u00fcrkiy\u0259 ordusu: <font color=red><b>&#8220;Afrind\u0259 300 terror\u00e7u m\u0259hv edilib&#8221;<\/b><\/font>"},"content":{"rendered":"<p><strong>T&uuml;rkiy\u0259 ordu ba\u015f q\u0259rargah\u0131 &quot;Zeytin Dal\u0131&quot; \u0259m\u0259liyyat\u0131 il\u0259 ba\u011fl\u0131 yeni a&ccedil;\u0131qlama verib.<\/strong><\/p>\n<p>&quot;Ucnoqta.az&quot; &quot;&Ouml;lk\u0259.Az&quot;a istinad\u0259n x\u0259b\u0259r verir ki, a&ccedil;\u0131qlamaya \u0259sas\u0259n, 20 yanvar tarixind\u0259n ba\u015flayan \u0259m\u0259liyyat &ccedil;\u0259r&ccedil;iv\u0259sind\u0259 \u0259n az\u0131 260 terror&ccedil;u m\u0259hv edilib. Bununla yana\u015f\u0131 t&uuml;rk ordusu da \u015f\u0259hid verib.<br \/>\n&nbsp;<\/p>\n<p>Ordu q\u0259rargah\u0131n\u0131n a&ccedil;\u0131qlamas\u0131nda deyilir: &quot;\u018fm\u0259liyyat &ccedil;\u0259r&ccedil;iv\u0259sind\u0259 23 yanvar tarixind\u0259 terror&ccedil;ularla toqqu\u015fma zaman\u0131 bir \u0259sk\u0259rimiz \u015f\u0259hid olub, dig\u0259ri is\u0259 yaralan\u0131b. Bu g&uuml;n\u0259 q\u0259d\u0259r \u0259n az\u0131 260 terror&ccedil;u m\u0259hv edilib. \u018fm\u0259liyyat davam edir&quot;.<\/p>\n","protected":false},"excerpt":{"rendered":"<p>T&uuml;rkiy\u0259 ordu ba\u015f q\u0259rargah\u0131 &quot;Zeytin Dal\u0131&quot; \u0259m\u0259liyyat\u0131 il\u0259 ba\u011fl\u0131 yeni a&ccedil;\u0131qlama verib. &quot;Ucnoqta.az&quot; &quot;&Ouml;lk\u0259.Az&quot;a istinad\u0259n x\u0259b\u0259r verir ki, a&ccedil;\u0131qlamaya \u0259sas\u0259n, 20 yanvar tarixind\u0259n ba\u015flayan \u0259m\u0259liyyat &ccedil;\u0259r&ccedil;iv\u0259sind\u0259 \u0259n az\u0131 260 terror&ccedil;u&hellip;<\/p>\n","protected":false},"author":1,"featured_media":251278,"comment_status":"open","ping_status":"open","sticky":false,"template":"","format":"standard","meta":{"_lmt_disableupdate":"","_lmt_disable":"","footnotes":""},"categories":[89],"tags":[],"class_list":["post-57419","post","type-post","status-publish","format-standard","has-post-thumbnail","hentry","category-dunya-butun-xeberler"],"_links":{"self":[{"href":"https:\/\/ucnoqta.az\/index.php?rest_route=\/wp\/v2\/posts\/57419","targetHints":{"allow":["GET"]}}],"collection":[{"href":"https:\/\/ucnoqta.az\/index.php?rest_route=\/wp\/v2\/posts"}],"about":[{"href":"https:\/\/ucnoqta.az\/index.php?rest_route=\/wp\/v2\/types\/post"}],"author":[{"embeddable":true,"href":"https:\/\/ucnoqta.az\/index.php?rest_route=\/wp\/v2\/users\/1"}],"replies":[{"embeddable":true,"href":"https:\/\/ucnoqta.az\/index.php?rest_route=%2Fwp%2Fv2%2Fcomments&post=57419"}],"version-history":[{"count":0,"href":"https:\/\/ucnoqta.az\/index.php?rest_route=\/wp\/v2\/posts\/57419\/revisions"}],"wp:featuredmedia":[{"embeddable":true,"href":"https:\/\/ucnoqta.az\/index.php?rest_route=\/wp\/v2\/media\/251278"}],"wp:attachment":[{"href":"https:\/\/ucnoqta.az\/index.php?rest_route=%2Fwp%2Fv2%2Fmedia&parent=57419"}],"wp:term":[{"taxonomy":"category","embeddable":true,"href":"https:\/\/ucnoqta.az\/index.php?rest_route=%2Fwp%2Fv2%2Fcategories&post=57419"},{"taxonomy":"post_tag","embeddable":true,"href":"https:\/\/ucnoqta.az\/index.php?rest_route=%2Fwp%2Fv2%2Ftags&post=57419"}],"curies":[{"name":"wp","href":"https:\/\/api.w.org\/{rel}","templated":true}]}}