{"id":57418,"date":"2018-01-24T11:36:05","date_gmt":"2018-01-24T07:36:05","guid":{"rendered":""},"modified":"-0001-11-30T00:00:00","modified_gmt":"-0001-11-29T20:00:00","slug":"","status":"publish","type":"post","link":"https:\/\/ucnoqta.az\/?p=57418","title":{"rendered":"T\u0259hsil Nazirliyind\u0259n YEN\u0130 T\u018fKL\u0130F: <font color=red><b>Summativl\u0259rin l\u0259\u011fvi il\u0259 ba\u011fl\u0131<\/b><\/font>"},"content":{"rendered":"<p><strong>2018-2019-cu t\u0259dris ilind\u0259n orta m\u0259kt\u0259bl\u0259rd\u0259 summativ qiym\u0259tl\u0259ndirm\u0259 il\u0259 ba\u011fl\u0131 d\u0259yi\u015fiklikl\u0259rin edil\u0259, 1-ci sinifl\u0259rd\u0259 is\u0259 summativ qiym\u0259tl\u0259ndirilm\u0259 &uuml;mumiyy\u0259tl\u0259 l\u0259\u011fv edil\u0259 bil\u0259r.<\/strong><br \/>\n&nbsp;<\/p>\n<p>&quot;Ucnoqta.az&quot; x\u0259b\u0259r verir ki, bu bar\u0259d\u0259 T\u0259hsil Nazirliyi Trend-in sor\u011fusuna cavab olaraq, bildirib.<br \/>\n&nbsp;<\/p>\n<p>Nazirlikd\u0259n bildirilib ki, summativ qiym\u0259tl\u0259ndirm\u0259 il\u0259 ba\u011fl\u0131 s\u0259n\u0259d t\u0259hsil m&uuml;t\u0259x\u0259ssisl\u0259ri il\u0259 birg\u0259 m&uuml;zakir\u0259 olunur. Haz\u0131rda layih\u0259 s\u0259n\u0259di m&uuml;zakir\u0259 m\u0259rh\u0259l\u0259sind\u0259dir.<br \/>\n&nbsp;<\/p>\n<p>S\u0259n\u0259d\u0259 \u0259sas\u0259n, birinci sinifl\u0259rd\u0259 summativ qiym\u0259tl\u0259ndirm\u0259nin, 2-ci v\u0259 4-c&uuml; sinifl\u0259rd\u0259 is\u0259 b&ouml;y&uuml;k summativ qiym\u0259tl\u0259ndirm\u0259nin l\u0259\u011fv olunmas\u0131, yaln\u0131z ki&ccedil;ik summativl\u0259rin saxlan\u0131lmas\u0131 t\u0259klif olunur.<br \/>\n&nbsp;<\/p>\n<p>5-9-cu sinifl\u0259rd\u0259 b&uuml;t&uuml;n f\u0259nl\u0259r &uuml;zr\u0259 ki&ccedil;ik summativl\u0259rin, yaln\u0131z burax\u0131l\u0131\u015f imtahanlar\u0131na daxil olan f\u0259nl\u0259r &uuml;zr\u0259 b&ouml;y&uuml;k summativl\u0259rin apar\u0131lmas\u0131 t\u0259klif edilir.<br \/>\nLisey, gimnaziya, m\u0259kt\u0259b-liseyl\u0259rd\u0259 Pedaqoji \u015euran\u0131n q\u0259rar\u0131na \u0259sas\u0259n m&uuml;xt\u0259lif sinifl\u0259rd\u0259 ayr\u0131-ayr\u0131 f\u0259nl\u0259r &uuml;z\u0259 b&ouml;y&uuml;k summativl\u0259r ke&ccedil;iril\u0259 bil\u0259r. 10-11-ci t\u0259may&uuml;l sinifl\u0259rd\u0259 t\u0259may&uuml;l f\u0259nl\u0259r &uuml;zr\u0259 b&ouml;y&uuml;k summativ qiym\u0259tl\u0259ndirm\u0259nin ke&ccedil;irilm\u0259si t\u0259klif olunur:<br \/>\n&nbsp;<\/p>\n<p>&quot;H\u0259l\u0259lik bunlar t\u0259klif \u015f\u0259klind\u0259 m&uuml;zakir\u0259d\u0259dir. Layih\u0259 t\u0259sdiq olunaca\u011f\u0131 halda o, 2018-2019-cu t\u0259dris ilind\u0259 t\u0259tbiq edil\u0259c\u0259k&quot;.<br \/>\n&nbsp;<\/p>\n<p>Qeyd ed\u0259k ki, kurrikulumun t\u0259tbiqi il\u0259 \u0259laq\u0259dar orta m\u0259kt\u0259bl\u0259rd\u0259 \u015fagird nailiyy\u0259tl\u0259ri 3 formada &#8211; diaqnostik, formativ v\u0259 summativ qiym\u0259tl\u0259ndirm\u0259 formas\u0131nda qiym\u0259tl\u0259ndirilir.<br \/>\n&nbsp;<\/p>\n<p>Summativ qiym\u0259tl\u0259dnrim\u0259 t\u0259hsilin h\u0259r hans\u0131 m\u0259rh\u0259l\u0259sind\u0259 (t\u0259dris vahidinin, yar\u0131milin v\u0259 ilin sonunda) \u015fagirdl\u0259rin \u0259ld\u0259 etdikl\u0259ri nailiyy\u0259tl\u0259rin qiym\u0259tl\u0259ndirm\u0259sidir. Summativ qiym\u0259tl\u0259ndirm\u0259 \u0259sas\u0259\u0131nda \u015fagirdl\u0259rin illik qiym\u0259tl\u0259ri formala\u015f\u0131r.<\/p>\n","protected":false},"excerpt":{"rendered":"<p>2018-2019-cu t\u0259dris ilind\u0259n orta m\u0259kt\u0259bl\u0259rd\u0259 summativ qiym\u0259tl\u0259ndirm\u0259 il\u0259 ba\u011fl\u0131 d\u0259yi\u015fiklikl\u0259rin edil\u0259, 1-ci sinifl\u0259rd\u0259 is\u0259 summativ qiym\u0259tl\u0259ndirilm\u0259 &uuml;mumiyy\u0259tl\u0259 l\u0259\u011fv edil\u0259 bil\u0259r. &nbsp; &quot;Ucnoqta.az&quot; x\u0259b\u0259r verir ki, bu bar\u0259d\u0259 T\u0259hsil Nazirliyi Trend-in&hellip;<\/p>\n","protected":false},"author":1,"featured_media":251278,"comment_status":"open","ping_status":"open","sticky":false,"template":"","format":"standard","meta":{"_lmt_disableupdate":"","_lmt_disable":"","footnotes":""},"categories":[],"tags":[],"class_list":["post-57418","post","type-post","status-publish","format-standard","has-post-thumbnail","hentry"],"_links":{"self":[{"href":"https:\/\/ucnoqta.az\/index.php?rest_route=\/wp\/v2\/posts\/57418","targetHints":{"allow":["GET"]}}],"collection":[{"href":"https:\/\/ucnoqta.az\/index.php?rest_route=\/wp\/v2\/posts"}],"about":[{"href":"https:\/\/ucnoqta.az\/index.php?rest_route=\/wp\/v2\/types\/post"}],"author":[{"embeddable":true,"href":"https:\/\/ucnoqta.az\/index.php?rest_route=\/wp\/v2\/users\/1"}],"replies":[{"embeddable":true,"href":"https:\/\/ucnoqta.az\/index.php?rest_route=%2Fwp%2Fv2%2Fcomments&post=57418"}],"version-history":[{"count":0,"href":"https:\/\/ucnoqta.az\/index.php?rest_route=\/wp\/v2\/posts\/57418\/revisions"}],"wp:featuredmedia":[{"embeddable":true,"href":"https:\/\/ucnoqta.az\/index.php?rest_route=\/wp\/v2\/media\/251278"}],"wp:attachment":[{"href":"https:\/\/ucnoqta.az\/index.php?rest_route=%2Fwp%2Fv2%2Fmedia&parent=57418"}],"wp:term":[{"taxonomy":"category","embeddable":true,"href":"https:\/\/ucnoqta.az\/index.php?rest_route=%2Fwp%2Fv2%2Fcategories&post=57418"},{"taxonomy":"post_tag","embeddable":true,"href":"https:\/\/ucnoqta.az\/index.php?rest_route=%2Fwp%2Fv2%2Ftags&post=57418"}],"curies":[{"name":"wp","href":"https:\/\/api.w.org\/{rel}","templated":true}]}}