{"id":57407,"date":"2018-01-24T10:30:44","date_gmt":"2018-01-24T06:30:44","guid":{"rendered":""},"modified":"-0001-11-30T00:00:00","modified_gmt":"-0001-11-29T20:00:00","slug":"","status":"publish","type":"post","link":"https:\/\/ucnoqta.az\/?p=57407","title":{"rendered":"Nazir: &#8220;Zeytun buda\u011f\u0131&#8221; YPG v\u0259 PYD terror\u00e7ular\u0131n\u0131n sonunun ba\u015flan\u011f\u0131c\u0131 olacaq"},"content":{"rendered":"<p><strong>T&uuml;rkiy\u0259 Silahl\u0131 Q&uuml;vv\u0259l\u0259ri t\u0259r\u0259find\u0259n Suriyan\u0131n \u015fimal\u0131nda apar\u0131lan &quot;Zeytun buda\u011f\u0131&quot; \u0259m\u0259liyyat\u0131 YPG v\u0259 PYD terror t\u0259\u015fkilatlar\u0131n\u0131n sonunun ba\u015flan\u011f\u0131c\u0131 olacaq.<\/strong><br \/>\n&nbsp;<\/p>\n<p>&quot;Ucnoqta.az&quot; Trend-\u0259 istinad\u0259n bildirir ki, bunu T&uuml;rkiy\u0259nin milli m&uuml;dafi\u0259 naziri Nur\u0259ddin Canikli b\u0259yan edib.<br \/>\n&nbsp;<\/p>\n<p>Nazir bildirib ki, bu h\u0259rbi \u0259m\u0259liyyat k&uuml;rd xalq\u0131na qar\u015f\u0131 deyil, b&uuml;t&uuml;n region &uuml;&ccedil;&uuml;n t\u0259hdid olan terror&ccedil;ular\u0131n \u0259leyhin\u0259 y&ouml;n\u0259lib.<br \/>\n&nbsp;<\/p>\n<p>Xat\u0131rladaq ki, yanvar\u0131n 20-d\u0259 T&uuml;rkiy\u0259 Silahl\u0131 Q&uuml;vv\u0259l\u0259ri Suriyan\u0131n Afrin \u015f\u0259h\u0259rind\u0259 PYD v\u0259 YPG terror&ccedil;ular\u0131na qar\u015f\u0131 \u0259m\u0259liyyata ba\u015flay\u0131b. &quot;Zeytun buda\u011f\u0131&quot; ad\u0131 alt\u0131nda ke&ccedil;iril\u0259n \u0259m\u0259liyyatlara T&uuml;rkiy\u0259 H\u0259rbi Hava Q&uuml;vv\u0259l\u0259rinin &quot;F-16&quot; t\u0259yyar\u0259l\u0259ri d\u0259 c\u0259lb olunub.<\/p>\n","protected":false},"excerpt":{"rendered":"<p>T&uuml;rkiy\u0259 Silahl\u0131 Q&uuml;vv\u0259l\u0259ri t\u0259r\u0259find\u0259n Suriyan\u0131n \u015fimal\u0131nda apar\u0131lan &quot;Zeytun buda\u011f\u0131&quot; \u0259m\u0259liyyat\u0131 YPG v\u0259 PYD terror t\u0259\u015fkilatlar\u0131n\u0131n sonunun ba\u015flan\u011f\u0131c\u0131 olacaq. &nbsp; &quot;Ucnoqta.az&quot; Trend-\u0259 istinad\u0259n bildirir ki, bunu T&uuml;rkiy\u0259nin milli m&uuml;dafi\u0259 naziri Nur\u0259ddin&hellip;<\/p>\n","protected":false},"author":1,"featured_media":251278,"comment_status":"open","ping_status":"open","sticky":false,"template":"","format":"standard","meta":{"_lmt_disableupdate":"","_lmt_disable":"","footnotes":""},"categories":[89],"tags":[],"class_list":["post-57407","post","type-post","status-publish","format-standard","has-post-thumbnail","hentry","category-dunya-butun-xeberler"],"_links":{"self":[{"href":"https:\/\/ucnoqta.az\/index.php?rest_route=\/wp\/v2\/posts\/57407","targetHints":{"allow":["GET"]}}],"collection":[{"href":"https:\/\/ucnoqta.az\/index.php?rest_route=\/wp\/v2\/posts"}],"about":[{"href":"https:\/\/ucnoqta.az\/index.php?rest_route=\/wp\/v2\/types\/post"}],"author":[{"embeddable":true,"href":"https:\/\/ucnoqta.az\/index.php?rest_route=\/wp\/v2\/users\/1"}],"replies":[{"embeddable":true,"href":"https:\/\/ucnoqta.az\/index.php?rest_route=%2Fwp%2Fv2%2Fcomments&post=57407"}],"version-history":[{"count":0,"href":"https:\/\/ucnoqta.az\/index.php?rest_route=\/wp\/v2\/posts\/57407\/revisions"}],"wp:featuredmedia":[{"embeddable":true,"href":"https:\/\/ucnoqta.az\/index.php?rest_route=\/wp\/v2\/media\/251278"}],"wp:attachment":[{"href":"https:\/\/ucnoqta.az\/index.php?rest_route=%2Fwp%2Fv2%2Fmedia&parent=57407"}],"wp:term":[{"taxonomy":"category","embeddable":true,"href":"https:\/\/ucnoqta.az\/index.php?rest_route=%2Fwp%2Fv2%2Fcategories&post=57407"},{"taxonomy":"post_tag","embeddable":true,"href":"https:\/\/ucnoqta.az\/index.php?rest_route=%2Fwp%2Fv2%2Ftags&post=57407"}],"curies":[{"name":"wp","href":"https:\/\/api.w.org\/{rel}","templated":true}]}}