{"id":57405,"date":"2018-01-24T10:19:35","date_gmt":"2018-01-24T06:19:35","guid":{"rendered":""},"modified":"-0001-11-30T00:00:00","modified_gmt":"-0001-11-29T20:00:00","slug":"","status":"publish","type":"post","link":"https:\/\/ucnoqta.az\/?p=57405","title":{"rendered":"S\u0259m\u0259d Seyidov: &#8220;A\u015ePA-n\u0131n yeni prezidentind\u0259n g\u00f6zl\u0259ntil\u0259rimiz islahatlar\u0131n apar\u0131lmas\u0131d\u0131r&#8221;"},"content":{"rendered":"<p><strong>&quot;Bizim A\u015ePA-n\u0131n yeni se&ccedil;ilmi\u015f prezidentind\u0259n g&ouml;zl\u0259ntil\u0259rimiz islahatlar\u0131n apar\u0131lmas\u0131d\u0131r&quot;.<\/strong><\/p>\n<p>&quot;Ucnoqta.az&quot; x\u0259b\u0259r verir ki, bunu &quot;Report&quot;un Q\u0259rbi Avropa b&uuml;rosuna a&ccedil;\u0131qlamas\u0131nda Az\u0259rbaycan\u0131n Avropa \u015euras\u0131 Parlament Assamleyas\u0131ndak\u0131 (A\u015ePA) n&uuml;may\u0259nd\u0259 hey\u0259tinin r\u0259hb\u0259ri, Milli M\u0259clisin Beyn\u0259lxalq m&uuml;nasib\u0259tl\u0259r v\u0259 parlamentl\u0259raras\u0131 \u0259laq\u0259l\u0259r komit\u0259sinin s\u0259dri S\u0259m\u0259d Seyidov deyib.&nbsp;<\/p>\n<p>&quot;Mikele Nikoletti Avropa \u015euras\u0131nda &ccedil;ox b&ouml;y&uuml;k n&uuml;fuza v\u0259 t\u0259cr&uuml;b\u0259y\u0259 malik insanlardand\u0131r. O, A\u015ePA prezidentliyin\u0259 yegan\u0259 namiz\u0259d oldu v\u0259 yekdillikl\u0259 q\u0259bul edildi. Bu missiyan\u0131 h\u0259yata ke&ccedil;irm\u0259y\u0259 ba\u015fqa namiz\u0259d yox idi. Bizim A\u015ePA-n\u0131n yeni se&ccedil;ilmi\u015f prezidentind\u0259n g&ouml;zl\u0259diyimiz islahatlar\u0131n apar\u0131lmas\u0131d\u0131r. Avropa \u015euras\u0131nda islahatlar d&ouml;vr&uuml; &ccedil;oxdan ba\u015flamal\u0131 idi. Burada islahatlara ehtiyac &ccedil;ox b&ouml;y&uuml;kd&uuml;r. Bunu Az\u0259rbaycan n&uuml;may\u0259nd\u0259 hey\u0259ti d\u0259f\u0259l\u0259rd\u0259 onlar\u0131n n\u0259z\u0259rin\u0259 &ccedil;atd\u0131r\u0131b.<\/p>\n<p>Hesab edir\u0259m ki, b&ouml;y&uuml;k n&uuml;fuza, t\u0259cr&uuml;b\u0259y\u0259 v\u0259 y&uuml;ks\u0259k intellektual s\u0259viyy\u0259y\u0259 malik A\u015ePA-n\u0131n yeni prezidenti bu islahatlar\u0131 h\u0259yata ke&ccedil;irm\u0259y\u0259 nail olacaq&quot;, &#8211; S.Seyidov \u0259lav\u0259 edib.<\/p>\n<p>S.Seyidov deyib ki, bu islahatlar yaln\u0131z Avropa \u015euras\u0131nda deyil, dig\u0259r beyn\u0259lxalq t\u0259\u015fkilatlarda da h\u0259yata ke&ccedil;irilm\u0259lidir: &quot;Biz Avropa \u015euras\u0131nda i\u015fl\u0259diyimiz &uuml;&ccedil;&uuml;n buran\u0131n n&ouml;qsanlar\u0131ndan agah\u0131q. B\u0259zi &ouml;lk\u0259l\u0259r &ouml;z &uuml;zvl&uuml;k haqlar\u0131n\u0131 verm\u0259kd\u0259n imtina edirl\u0259r. \u0130kili standartlar m&ouml;vcuddur. Qeyri-obyektiv yana\u015fmalar var. T\u0259bii ki, b&uuml;t&uuml;n bunlar \u0259b\u0259s yer\u0259 yaranm\u0131r. Bu t\u0259\u015fkilat\u0131n t\u0259rkibind\u0259 bir b&ouml;hran var v\u0259 bundan yegan\u0259 &ccedil;\u0131x\u0131\u015f yolu islahatlar\u0131n h\u0259yata ke&ccedil;irilm\u0259sidir&quot;.<\/p>\n","protected":false},"excerpt":{"rendered":"<p>&quot;Bizim A\u015ePA-n\u0131n yeni se&ccedil;ilmi\u015f prezidentind\u0259n g&ouml;zl\u0259ntil\u0259rimiz islahatlar\u0131n apar\u0131lmas\u0131d\u0131r&quot;. &quot;Ucnoqta.az&quot; x\u0259b\u0259r verir ki, bunu &quot;Report&quot;un Q\u0259rbi Avropa b&uuml;rosuna a&ccedil;\u0131qlamas\u0131nda Az\u0259rbaycan\u0131n Avropa \u015euras\u0131 Parlament Assamleyas\u0131ndak\u0131 (A\u015ePA) n&uuml;may\u0259nd\u0259 hey\u0259tinin r\u0259hb\u0259ri, Milli M\u0259clisin Beyn\u0259lxalq&hellip;<\/p>\n","protected":false},"author":1,"featured_media":251278,"comment_status":"open","ping_status":"open","sticky":false,"template":"","format":"standard","meta":{"_lmt_disableupdate":"","_lmt_disable":"","footnotes":""},"categories":[],"tags":[],"class_list":["post-57405","post","type-post","status-publish","format-standard","has-post-thumbnail","hentry"],"_links":{"self":[{"href":"https:\/\/ucnoqta.az\/index.php?rest_route=\/wp\/v2\/posts\/57405","targetHints":{"allow":["GET"]}}],"collection":[{"href":"https:\/\/ucnoqta.az\/index.php?rest_route=\/wp\/v2\/posts"}],"about":[{"href":"https:\/\/ucnoqta.az\/index.php?rest_route=\/wp\/v2\/types\/post"}],"author":[{"embeddable":true,"href":"https:\/\/ucnoqta.az\/index.php?rest_route=\/wp\/v2\/users\/1"}],"replies":[{"embeddable":true,"href":"https:\/\/ucnoqta.az\/index.php?rest_route=%2Fwp%2Fv2%2Fcomments&post=57405"}],"version-history":[{"count":0,"href":"https:\/\/ucnoqta.az\/index.php?rest_route=\/wp\/v2\/posts\/57405\/revisions"}],"wp:featuredmedia":[{"embeddable":true,"href":"https:\/\/ucnoqta.az\/index.php?rest_route=\/wp\/v2\/media\/251278"}],"wp:attachment":[{"href":"https:\/\/ucnoqta.az\/index.php?rest_route=%2Fwp%2Fv2%2Fmedia&parent=57405"}],"wp:term":[{"taxonomy":"category","embeddable":true,"href":"https:\/\/ucnoqta.az\/index.php?rest_route=%2Fwp%2Fv2%2Fcategories&post=57405"},{"taxonomy":"post_tag","embeddable":true,"href":"https:\/\/ucnoqta.az\/index.php?rest_route=%2Fwp%2Fv2%2Ftags&post=57405"}],"curies":[{"name":"wp","href":"https:\/\/api.w.org\/{rel}","templated":true}]}}