{"id":57403,"date":"2018-01-24T21:00:07","date_gmt":"2018-01-24T17:00:07","guid":{"rendered":""},"modified":"-0001-11-30T00:00:00","modified_gmt":"-0001-11-29T20:00:00","slug":"","status":"publish","type":"post","link":"https:\/\/ucnoqta.az\/?p=57403","title":{"rendered":"Tan\u0131nm\u0131\u015f futbol\u00e7u \u0130ngilt\u0259r\u0259nin qad\u0131nlardan ibar\u0259t millisinin ba\u015f m\u0259\u015fq\u00e7isi t\u0259yin olunub"},"content":{"rendered":"<p><strong>&ldquo;Man&ccedil;ester Yunayted&rdquo; klubunun sabiq futbol&ccedil;usu Fil Nevill \u0130ngilt\u0259r\u0259nin qad\u0131nlardan ibar\u0259t milli komandas\u0131na ba\u015f m\u0259\u015fq&ccedil;i t\u0259yin edilib.<\/strong><\/p>\n<p>&quot;Ucnoqta.az&quot; &ldquo;Report&rdquo;a istinad\u0259n bildirir ki, 41 ya\u015fl\u0131 britaniyal\u0131 m&uuml;t\u0259x\u0259ssisl\u0259 2021-ci il Avropa &ccedil;empionat\u0131n\u0131n sonuna q\u0259d\u0259r m&uuml;qavil\u0259 ba\u011flan\u0131l\u0131b.<\/p>\n<p>Qeyd ed\u0259k ki, Fill Nevill karyeras\u0131 \u0259rzind\u0259 v\u0259t\u0259nind\u0259 &ldquo;Man&ccedil;ester Yunayted&rdquo;l\u0259 yana\u015f\u0131 &ldquo;Everton&rdquo;da &ccedil;\u0131x\u0131\u015f edib. O, daha \u0259vv\u0259l &ldquo;q\u0131rm\u0131z\u0131 \u015feytanlar&rdquo;\u0131n v\u0259 \u0130spaniyan\u0131n &ldquo;Valensiya&rdquo; klubunun m\u0259\u015fq&ccedil;il\u0259r korpusunda yer al\u0131b.<\/p>\n","protected":false},"excerpt":{"rendered":"<p>&ldquo;Man&ccedil;ester Yunayted&rdquo; klubunun sabiq futbol&ccedil;usu Fil Nevill \u0130ngilt\u0259r\u0259nin qad\u0131nlardan ibar\u0259t milli komandas\u0131na ba\u015f m\u0259\u015fq&ccedil;i t\u0259yin edilib. &quot;Ucnoqta.az&quot; &ldquo;Report&rdquo;a istinad\u0259n bildirir ki, 41 ya\u015fl\u0131 britaniyal\u0131 m&uuml;t\u0259x\u0259ssisl\u0259 2021-ci il Avropa &ccedil;empionat\u0131n\u0131n sonuna&hellip;<\/p>\n","protected":false},"author":1,"featured_media":251278,"comment_status":"open","ping_status":"open","sticky":false,"template":"","format":"standard","meta":{"_lmt_disableupdate":"","_lmt_disable":"","footnotes":""},"categories":[89],"tags":[],"class_list":["post-57403","post","type-post","status-publish","format-standard","has-post-thumbnail","hentry","category-dunya-butun-xeberler"],"_links":{"self":[{"href":"https:\/\/ucnoqta.az\/index.php?rest_route=\/wp\/v2\/posts\/57403","targetHints":{"allow":["GET"]}}],"collection":[{"href":"https:\/\/ucnoqta.az\/index.php?rest_route=\/wp\/v2\/posts"}],"about":[{"href":"https:\/\/ucnoqta.az\/index.php?rest_route=\/wp\/v2\/types\/post"}],"author":[{"embeddable":true,"href":"https:\/\/ucnoqta.az\/index.php?rest_route=\/wp\/v2\/users\/1"}],"replies":[{"embeddable":true,"href":"https:\/\/ucnoqta.az\/index.php?rest_route=%2Fwp%2Fv2%2Fcomments&post=57403"}],"version-history":[{"count":0,"href":"https:\/\/ucnoqta.az\/index.php?rest_route=\/wp\/v2\/posts\/57403\/revisions"}],"wp:featuredmedia":[{"embeddable":true,"href":"https:\/\/ucnoqta.az\/index.php?rest_route=\/wp\/v2\/media\/251278"}],"wp:attachment":[{"href":"https:\/\/ucnoqta.az\/index.php?rest_route=%2Fwp%2Fv2%2Fmedia&parent=57403"}],"wp:term":[{"taxonomy":"category","embeddable":true,"href":"https:\/\/ucnoqta.az\/index.php?rest_route=%2Fwp%2Fv2%2Fcategories&post=57403"},{"taxonomy":"post_tag","embeddable":true,"href":"https:\/\/ucnoqta.az\/index.php?rest_route=%2Fwp%2Fv2%2Ftags&post=57403"}],"curies":[{"name":"wp","href":"https:\/\/api.w.org\/{rel}","templated":true}]}}