{"id":57402,"date":"2018-01-24T10:11:52","date_gmt":"2018-01-24T06:11:52","guid":{"rendered":""},"modified":"-0001-11-30T00:00:00","modified_gmt":"-0001-11-29T20:00:00","slug":"","status":"publish","type":"post","link":"https:\/\/ucnoqta.az\/?p=57402","title":{"rendered":"Bu g\u00fcn UEFA Mill\u0259tl\u0259r Liqas\u0131n\u0131n p\u00fc\u015fk\u00fc at\u0131lacaq"},"content":{"rendered":"<p><strong>Bu g&uuml;n UEFA-n\u0131n yeni t\u0259sis etdiyi Mill\u0259tl\u0259r Liqas\u0131n\u0131n p&uuml;\u015fk&uuml; at\u0131lacaq.<\/strong><\/p>\n<p>&quot;Ucnoqta.az&quot; &ldquo;Report&rdquo;a istinad\u0259n x\u0259b\u0259r verir ki, \u0130sve&ccedil;r\u0259nin Lozanna \u015f\u0259h\u0259rind\u0259 ba\u015f tutacaq m\u0259rasim Bak\u0131 vaxt\u0131 il\u0259 saat 15:00-da start g&ouml;t&uuml;r\u0259c\u0259k.<br \/>\nT\u0259dbird\u0259 Az\u0259rbaycan\u0131 AFFA-n\u0131n ba\u015f katibi Elxan M\u0259mm\u0259dov v\u0259 milli komandan\u0131n ba\u015f m\u0259\u015fq&ccedil;isi Qurban Qurbanov t\u0259msil ed\u0259c\u0259k.<\/p>\n<p>UEFA-ya &uuml;zv olan 55 &ouml;lk\u0259nin y\u0131\u011fma komandalar\u0131 qit\u0259 futbol qurumunun reytinqind\u0259 yer ald\u0131qlar\u0131 m&ouml;vqey\u0259 uy\u011fun olaraq 4 liqaya v\u0259 s\u0259b\u0259tl\u0259r\u0259 b&ouml;l&uuml;n&uuml;bl\u0259r. 1 &ndash; 12-ci yerl\u0259r A, 13 &ndash; 24-c&uuml; yerl\u0259r B, 25 &ndash; 39-cu yerl\u0259r C, 40 &ndash; 55-ci yerl\u0259r is\u0259 D liqas\u0131na d&uuml;\u015f&uuml;bl\u0259r.<\/p>\n<p>A liqas\u0131nda 4 qrupun qalibi olacaq kollektivl\u0259r 2019-cu ilin iyununda ke&ccedil;iril\u0259c\u0259k final m\u0259rh\u0259l\u0259sin\u0259 v\u0259siq\u0259 qazanacaqlar. Burada yar\u0131mfinal, 3-c&uuml; yer u\u011frunda mat&ccedil; v\u0259 final oynan\u0131lacaq. B, C v\u0259 D liqalar\u0131n\u0131n qrup qalibl\u0259ri is\u0259 &uuml;st liqaya v\u0259siq\u0259 qazanacaqlar. A, B v\u0259 C liqas\u0131nda sonuncu yeri tutanlar is\u0259 a\u015fa\u011f\u0131 liqaya d&uuml;\u015f\u0259c\u0259kl\u0259r.<\/p>\n<p>Daha &ouml;n\u0259mli m\u0259qam is\u0259 odur ki, A, B, C v\u0259 D liqalar\u0131n\u0131n qalibl\u0259ri AVRO-2020-y\u0259 v\u0259siq\u0259 qazanacaqlar. Qalibl\u0259r h\u0259r liqada qrup birincil\u0259ri aras\u0131nda t\u0259\u015fkil olunacaq &ldquo;D&ouml;rdl\u0259r final\u0131&rdquo;nda m&uuml;\u0259yy\u0259nl\u0259\u015f\u0259c\u0259k. Burada bir mat&ccedil;dan ibar\u0259t yar\u0131mfinal v\u0259 final olacaq.<\/p>\n<p>UEFA \u0130craiyy\u0259 Komit\u0259sinin q&uuml;vv\u0259d\u0259 olan q\u0259rar\u0131na \u0259sas\u0259n, &ouml;lk\u0259l\u0259r aras\u0131ndak\u0131 m&uuml;nasib\u0259tl\u0259r\u0259 g&ouml;r\u0259 Az\u0259rbaycan v\u0259 Erm\u0259nistan, el\u0259c\u0259 d\u0259 Rusiya il\u0259 Ukrayna eyni qrupa d&uuml;\u015f\u0259 bilm\u0259zl\u0259r. Lakin bu &ouml;lk\u0259l\u0259ri t\u0259msil ed\u0259n y\u0131\u011fmalar\u0131n pley-off m\u0259rh\u0259l\u0259sind\u0259 &uuml;z-&uuml;z\u0259 g\u0259lm\u0259l\u0259ri qa&ccedil;\u0131lmaz olacaq.<\/p>\n<p>P&uuml;\u015fk zaman\u0131 milli komandalar\u0131n uzaq m\u0259saf\u0259 q\u0259t etm\u0259l\u0259rini &ouml;nl\u0259m\u0259k d\u0259 n\u0259z\u0259r\u0259 al\u0131n\u0131b. Bu da Az\u0259rbaycan\u0131n yer ald\u0131\u011f\u0131 D qrupu il\u0259 ba\u011fl\u0131d\u0131r. UEFA Az\u0259rbaycan &#8211; C\u0259b\u0259ll&uuml;tariq, Qazax\u0131stan -C\u0259b\u0259ll&uuml;tariq, Qazax\u0131stan &#8211; Andorra v\u0259 Qazax\u0131stan &#8211; Farer adalar\u0131 c&uuml;tl\u0259rini uzaq m\u0259saf\u0259li say\u0131b. Bu 4 c&uuml;td\u0259n yaln\u0131z biri eyni qrupda yer alacaq. Y\u0259ni Az\u0259rbaycan C\u0259b\u0259ll&uuml;tariql\u0259 yaln\u0131z o halda d&uuml;\u015f\u0259 bil\u0259r ki, Qazax\u0131stan ba\u015fqa qrupda yer als\u0131n.<br \/>\nP&uuml;\u015fk zaman\u0131 q\u0131\u015f yar\u0131\u015f\u0131 m\u0259kan\u0131na sahib &ouml;lk\u0259l\u0259r &uuml;&ccedil;&uuml;n d\u0259 m\u0259hdudiyy\u0259t t\u0259tbiq olunacaq. Bu s\u0259b\u0259bd\u0259n C liqas\u0131nda Norve&ccedil;, Finlandiya, Estoniya v\u0259 Litva &ldquo;d&ouml;rdl&uuml;y&rdquo;&uuml;nd\u0259n yaln\u0131z ikisi eyni qrupda yer alacaq.<\/p>\n<p>Qeyd ed\u0259k ki, p&uuml;\u015fkatma Az\u0259rbaycan millisinin yer ald\u0131\u011f\u0131 D Liqas\u0131n\u0131n I s\u0259b\u0259tind\u0259n ba\u015flayacaq.<br \/>\n&nbsp;<br \/>\nA liqas\u0131<br \/>\nI s\u0259b\u0259t: Almaniya, Portuqaliya, Bel&ccedil;ika, \u0130spaniya<br \/>\nII s\u0259b\u0259t: Fransa, \u0130ngilt\u0259r\u0259, \u0130sve&ccedil;r\u0259, \u0130taliya<br \/>\nIII s\u0259b\u0259t: Pol\u015fa, \u0130slandiya, Xorvatiya, Hollandiya<\/p>\n<p>\n&nbsp;<br \/>\nB liqas\u0131<br \/>\nI s\u0259b\u0259t: Avstriya, Uels, Rusiya, Slovakiya<br \/>\nII s\u0259b\u0259t: \u0130sve&ccedil;, Ukrayna, \u0130rlandiya, Bosniya v\u0259 Herseqovina<br \/>\nIII s\u0259b\u0259t: \u015eimali \u0130rlandiya, Danimarka, &Ccedil;exiya, T&uuml;rkiy\u0259<\/p>\n<p>&nbsp;<br \/>\nC liqas\u0131<br \/>\nI s\u0259b\u0259t: Macar\u0131stan, Rum\u0131niya, \u015eotlandiya, Sloveniya<br \/>\nII s\u0259b\u0259t: Yunan\u0131stan, Serbiya, Almaniya, Norve&ccedil;<br \/>\nIII s\u0259b\u0259t: Monteneqro, \u0130srail, Bolqar\u0131stan, Finlandiya<br \/>\nIV s\u0259b\u0259t: Kipr, Estoniya, Litva<\/p>\n<p>\n&nbsp;<br \/>\nD liqas\u0131<br \/>\nI s\u0259b\u0259t: AZ\u018fRBAYCAN, Makedoniya, Belarus, G&uuml;rc&uuml;stan<br \/>\nII s\u0259b\u0259t: Erm\u0259nistan, Latviya, Farer adalar\u0131, L&uuml;ksemburq<br \/>\nIII s\u0259b\u0259t: Qazax\u0131stan, Moldova, Lixten\u015fteyn, Malta<br \/>\nIV s\u0259b\u0259t: Andorra, Kosovo, San Marino, C\u0259b\u0259ll&uuml;tariq<\/p>\n<p>\nMill\u0259tl\u0259r Liqas\u0131n\u0131n t\u0259qvimi<\/p>\n<p>\nQrup m\u0259rh\u0259l\u0259si<\/p>\n<p>\nI tur: 6 &#8211; 8 sentyabr 2018-ci il<br \/>\nII tur: 9 &#8211; 11 sentyabr 2018-ci il<br \/>\nIII tur: 11 &#8211; 13 oktyabr 2018-ci il<br \/>\nIV tur: 14 &#8211; 16 oktyabr 2018-ci il<br \/>\nV tur: 15 &#8211; 17 noyabr 2018-ci il<br \/>\nVI tur: 18 &#8211; 20 noyabr 2018-ci il<\/p>\n<p>\nFinal m\u0259rh\u0259l\u0259sinin p&uuml;\u015fk&uuml;: 2018-ci il dekabr\u0131n \u0259vv\u0259li<\/p>\n<p>\nFinal m\u0259rh\u0259l\u0259si: 5 &#8211; 9 iyun 2019-ci il<\/p>\n<p>\nAVRO-2020-nin pley-off m\u0259rh\u0259l\u0259sinin p&uuml;\u015fk&uuml;: 22 noyabr 2019-cu il<\/p>\n<p>\nAVRO-2020-nin pley-off m\u0259rh\u0259l\u0259sinin oyunlar\u0131: 26 &#8211; 31 mart 2020-ci il<\/p>\n","protected":false},"excerpt":{"rendered":"<p>Bu g&uuml;n UEFA-n\u0131n yeni t\u0259sis etdiyi Mill\u0259tl\u0259r Liqas\u0131n\u0131n p&uuml;\u015fk&uuml; at\u0131lacaq. &quot;Ucnoqta.az&quot; &ldquo;Report&rdquo;a istinad\u0259n x\u0259b\u0259r verir ki, \u0130sve&ccedil;r\u0259nin Lozanna \u015f\u0259h\u0259rind\u0259 ba\u015f tutacaq m\u0259rasim Bak\u0131 vaxt\u0131 il\u0259 saat 15:00-da start g&ouml;t&uuml;r\u0259c\u0259k. T\u0259dbird\u0259&hellip;<\/p>\n","protected":false},"author":1,"featured_media":251278,"comment_status":"open","ping_status":"open","sticky":false,"template":"","format":"standard","meta":{"_lmt_disableupdate":"","_lmt_disable":"","footnotes":""},"categories":[],"tags":[],"class_list":["post-57402","post","type-post","status-publish","format-standard","has-post-thumbnail","hentry"],"_links":{"self":[{"href":"https:\/\/ucnoqta.az\/index.php?rest_route=\/wp\/v2\/posts\/57402","targetHints":{"allow":["GET"]}}],"collection":[{"href":"https:\/\/ucnoqta.az\/index.php?rest_route=\/wp\/v2\/posts"}],"about":[{"href":"https:\/\/ucnoqta.az\/index.php?rest_route=\/wp\/v2\/types\/post"}],"author":[{"embeddable":true,"href":"https:\/\/ucnoqta.az\/index.php?rest_route=\/wp\/v2\/users\/1"}],"replies":[{"embeddable":true,"href":"https:\/\/ucnoqta.az\/index.php?rest_route=%2Fwp%2Fv2%2Fcomments&post=57402"}],"version-history":[{"count":0,"href":"https:\/\/ucnoqta.az\/index.php?rest_route=\/wp\/v2\/posts\/57402\/revisions"}],"wp:featuredmedia":[{"embeddable":true,"href":"https:\/\/ucnoqta.az\/index.php?rest_route=\/wp\/v2\/media\/251278"}],"wp:attachment":[{"href":"https:\/\/ucnoqta.az\/index.php?rest_route=%2Fwp%2Fv2%2Fmedia&parent=57402"}],"wp:term":[{"taxonomy":"category","embeddable":true,"href":"https:\/\/ucnoqta.az\/index.php?rest_route=%2Fwp%2Fv2%2Fcategories&post=57402"},{"taxonomy":"post_tag","embeddable":true,"href":"https:\/\/ucnoqta.az\/index.php?rest_route=%2Fwp%2Fv2%2Ftags&post=57402"}],"curies":[{"name":"wp","href":"https:\/\/api.w.org\/{rel}","templated":true}]}}