{"id":57397,"date":"2018-01-24T09:55:58","date_gmt":"2018-01-24T05:55:58","guid":{"rendered":""},"modified":"-0001-11-30T00:00:00","modified_gmt":"-0001-11-29T20:00:00","slug":"","status":"publish","type":"post","link":"https:\/\/ucnoqta.az\/?p=57397","title":{"rendered":"Liviyada terror akt\u0131 \u2014 <font color=red><b>33 \u00f6l\u00fc<\/b><\/font>"},"content":{"rendered":"<p><strong>Liviyan\u0131n Benqazi \u015f\u0259h\u0259rind\u0259 dalbadal terror akt\u0131 t&ouml;r\u0259dilib.<\/strong><\/p>\n<p>&quot;Ucnoqta.az&quot; &quot;&Ouml;lk\u0259.Az&quot;a istinad\u0259n x\u0259b\u0259r verir ki, insident n\u0259tic\u0259sind\u0259 33 n\u0259f\u0259r h\u0259lak olub, 70 n\u0259f\u0259r x\u0259sar\u0259t al\u0131b.<br \/>\n&nbsp;<\/p>\n<p>\u018fvv\u0259lc\u0259 28 n\u0259f\u0259rin &ouml;ld&uuml;y&uuml; bar\u0259d\u0259 x\u0259b\u0259r yay\u0131lm\u0131\u015fd\u0131. Amma &nbsp;x\u0259st\u0259xanaya yerl\u0259\u015fdiril\u0259n yaral\u0131lardan 5 n\u0259f\u0259r d\u0259 ke&ccedil;indiyi &uuml;&ccedil;&uuml;n &ouml;l&uuml; say\u0131 art\u0131b. H\u0259lak olanlar aras\u0131nda polis \u0259m\u0259kda\u015flar\u0131 v\u0259 m&uuml;lki v\u0259t\u0259nda\u015flar da var.<br \/>\n&nbsp;<\/p>\n<p>Qeyd edilir ki, x\u0259sar\u0259t alanlar\u0131n &ccedil;oxunun v\u0259ziyy\u0259ti a\u011f\u0131rd\u0131r. Liviya \u0259ks-k\u0259\u015ffiyyat\u0131n\u0131n direktoru Mahdi Falah da terror akt\u0131 n\u0259tic\u0259sind\u0259 x\u0259sar\u0259t al\u0131b.<br \/>\n&nbsp;<\/p>\n<p>Qeyd ed\u0259k ki, terror akt\u0131 d&uuml;n\u0259n t&ouml;r\u0259dilib. Benqazi \u015f\u0259h\u0259rind\u0259 qeydiyyat idar\u0259si v\u0259 m\u0259scid yax\u0131nl\u0131\u011f\u0131nda avtomobil\u0259 qura\u015fd\u0131r\u0131lm\u0131\u015f bomba i\u015f\u0259 d&uuml;\u015f&uuml;b. Hadis\u0259 yerin\u0259 polis, t\u0259cili tibbi yard\u0131m g\u0259l\u0259nd\u0259 ikinci avtomobil d\u0259 partlay\u0131b.<\/p>\n","protected":false},"excerpt":{"rendered":"<p>Liviyan\u0131n Benqazi \u015f\u0259h\u0259rind\u0259 dalbadal terror akt\u0131 t&ouml;r\u0259dilib. &quot;Ucnoqta.az&quot; &quot;&Ouml;lk\u0259.Az&quot;a istinad\u0259n x\u0259b\u0259r verir ki, insident n\u0259tic\u0259sind\u0259 33 n\u0259f\u0259r h\u0259lak olub, 70 n\u0259f\u0259r x\u0259sar\u0259t al\u0131b. &nbsp; \u018fvv\u0259lc\u0259 28 n\u0259f\u0259rin &ouml;ld&uuml;y&uuml; bar\u0259d\u0259 x\u0259b\u0259r&hellip;<\/p>\n","protected":false},"author":1,"featured_media":251278,"comment_status":"open","ping_status":"open","sticky":false,"template":"","format":"standard","meta":{"_lmt_disableupdate":"","_lmt_disable":"","footnotes":""},"categories":[89],"tags":[],"class_list":["post-57397","post","type-post","status-publish","format-standard","has-post-thumbnail","hentry","category-dunya-butun-xeberler"],"_links":{"self":[{"href":"https:\/\/ucnoqta.az\/index.php?rest_route=\/wp\/v2\/posts\/57397","targetHints":{"allow":["GET"]}}],"collection":[{"href":"https:\/\/ucnoqta.az\/index.php?rest_route=\/wp\/v2\/posts"}],"about":[{"href":"https:\/\/ucnoqta.az\/index.php?rest_route=\/wp\/v2\/types\/post"}],"author":[{"embeddable":true,"href":"https:\/\/ucnoqta.az\/index.php?rest_route=\/wp\/v2\/users\/1"}],"replies":[{"embeddable":true,"href":"https:\/\/ucnoqta.az\/index.php?rest_route=%2Fwp%2Fv2%2Fcomments&post=57397"}],"version-history":[{"count":0,"href":"https:\/\/ucnoqta.az\/index.php?rest_route=\/wp\/v2\/posts\/57397\/revisions"}],"wp:featuredmedia":[{"embeddable":true,"href":"https:\/\/ucnoqta.az\/index.php?rest_route=\/wp\/v2\/media\/251278"}],"wp:attachment":[{"href":"https:\/\/ucnoqta.az\/index.php?rest_route=%2Fwp%2Fv2%2Fmedia&parent=57397"}],"wp:term":[{"taxonomy":"category","embeddable":true,"href":"https:\/\/ucnoqta.az\/index.php?rest_route=%2Fwp%2Fv2%2Fcategories&post=57397"},{"taxonomy":"post_tag","embeddable":true,"href":"https:\/\/ucnoqta.az\/index.php?rest_route=%2Fwp%2Fv2%2Ftags&post=57397"}],"curies":[{"name":"wp","href":"https:\/\/api.w.org\/{rel}","templated":true}]}}