{"id":57396,"date":"2018-01-24T09:44:01","date_gmt":"2018-01-24T05:44:01","guid":{"rendered":""},"modified":"-0001-11-30T00:00:00","modified_gmt":"-0001-11-29T20:00:00","slug":"","status":"publish","type":"post","link":"https:\/\/ucnoqta.az\/?p=57396","title":{"rendered":"\u018frdo\u011fanla Tramp g\u00f6r\u00fc\u015f\u0259c\u0259k \u2014 <font color=red><b>Raz\u0131l\u0131q \u0259ld\u0259 olundu<\/b><\/font>"},"content":{"rendered":"<p><strong>Bu g&uuml;n T&uuml;rkiy\u0259nin xarici i\u015fl\u0259r naziri M&ouml;vlud &Ccedil;avu\u015fo\u011flu Parisd\u0259 AB\u015e-\u0131n d&ouml;vl\u0259t katibi Reks Tillerson il\u0259 g&ouml;r&uuml;\u015f&uuml;b.<\/strong><\/p>\n<p>&quot;Ucnoqta.az&quot; &ldquo;&Ouml;lk\u0259.Az&rdquo;a istinad\u0259n x\u0259b\u0259r verir ki, bu bar\u0259d\u0259 T&uuml;rkiy\u0259 m\u0259tbuat\u0131 m\u0259lumat yay\u0131b. Veril\u0259n m\u0259lumata g&ouml;r\u0259, g&ouml;r&uuml;\u015f zaman\u0131 iki &ouml;lk\u0259 b&ouml;lg\u0259d\u0259ki v\u0259ziyy\u0259tl\u0259 ba\u011fl\u0131 m&uuml;zakir\u0259 apar\u0131b. S&ouml;hb\u0259t \u0259snas\u0131nda kimy\u0259vi silahdan istifad\u0259 etm\u0259m\u0259k v\u0259 dig\u0259r m\u0259s\u0259l\u0259l\u0259r, el\u0259c\u0259 d\u0259 terrorla m&uuml;bariz\u0259 m&uuml;zakir\u0259 edilib.<br \/>\n&nbsp;<\/p>\n<p>Dan\u0131\u015f\u0131q \u0259snas\u0131nda M&ouml;vlud &Ccedil;avu\u015fo\u011flu AB\u015e-dan YPG k&uuml;rd terror&ccedil;ular\u0131na d\u0259st\u0259k verm\u0259m\u0259yi xahi\u015f edib: &ldquo;\u018fg\u0259r AB\u015e T&uuml;rkiy\u0259ni &ouml;z&uuml;n\u0259 m&uuml;tt\u0259fiq say\u0131rsa, onun ist\u0259kl\u0259rini n\u0259z\u0259r\u0259 almal\u0131d\u0131r. Amerika terror&ccedil;ulara yard\u0131m\u0131 dayand\u0131rmal\u0131d\u0131r. \u018fg\u0259r Suriyada birg\u0259 \u0259m\u0259kda\u015fl\u0131\u011f\u0131 davam etdirm\u0259k ist\u0259yirsinizs\u0259, terror&ccedil;ulara yard\u0131m\u0131 dayand\u0131r\u0131n&rdquo;.<\/p>\n<p>&nbsp;<\/p>\n<p>Dan\u0131\u015f\u0131q \u0259r\u0259f\u0259sind\u0259 iki &ouml;lk\u0259 liderinin &ccedil;ar\u015f\u0259nb\u0259 g&uuml;n&uuml; g&ouml;r&uuml;\u015f\u0259c\u0259kl\u0259ri bar\u0259d\u0259 raz\u0131l\u0131q \u0259ld\u0259 olunub.&nbsp;<\/p>\n","protected":false},"excerpt":{"rendered":"<p>Bu g&uuml;n T&uuml;rkiy\u0259nin xarici i\u015fl\u0259r naziri M&ouml;vlud &Ccedil;avu\u015fo\u011flu Parisd\u0259 AB\u015e-\u0131n d&ouml;vl\u0259t katibi Reks Tillerson il\u0259 g&ouml;r&uuml;\u015f&uuml;b. &quot;Ucnoqta.az&quot; &ldquo;&Ouml;lk\u0259.Az&rdquo;a istinad\u0259n x\u0259b\u0259r verir ki, bu bar\u0259d\u0259 T&uuml;rkiy\u0259 m\u0259tbuat\u0131 m\u0259lumat yay\u0131b. Veril\u0259n m\u0259lumata&hellip;<\/p>\n","protected":false},"author":1,"featured_media":251278,"comment_status":"open","ping_status":"open","sticky":false,"template":"","format":"standard","meta":{"_lmt_disableupdate":"","_lmt_disable":"","footnotes":""},"categories":[89],"tags":[],"class_list":["post-57396","post","type-post","status-publish","format-standard","has-post-thumbnail","hentry","category-dunya-butun-xeberler"],"_links":{"self":[{"href":"https:\/\/ucnoqta.az\/index.php?rest_route=\/wp\/v2\/posts\/57396","targetHints":{"allow":["GET"]}}],"collection":[{"href":"https:\/\/ucnoqta.az\/index.php?rest_route=\/wp\/v2\/posts"}],"about":[{"href":"https:\/\/ucnoqta.az\/index.php?rest_route=\/wp\/v2\/types\/post"}],"author":[{"embeddable":true,"href":"https:\/\/ucnoqta.az\/index.php?rest_route=\/wp\/v2\/users\/1"}],"replies":[{"embeddable":true,"href":"https:\/\/ucnoqta.az\/index.php?rest_route=%2Fwp%2Fv2%2Fcomments&post=57396"}],"version-history":[{"count":0,"href":"https:\/\/ucnoqta.az\/index.php?rest_route=\/wp\/v2\/posts\/57396\/revisions"}],"wp:featuredmedia":[{"embeddable":true,"href":"https:\/\/ucnoqta.az\/index.php?rest_route=\/wp\/v2\/media\/251278"}],"wp:attachment":[{"href":"https:\/\/ucnoqta.az\/index.php?rest_route=%2Fwp%2Fv2%2Fmedia&parent=57396"}],"wp:term":[{"taxonomy":"category","embeddable":true,"href":"https:\/\/ucnoqta.az\/index.php?rest_route=%2Fwp%2Fv2%2Fcategories&post=57396"},{"taxonomy":"post_tag","embeddable":true,"href":"https:\/\/ucnoqta.az\/index.php?rest_route=%2Fwp%2Fv2%2Ftags&post=57396"}],"curies":[{"name":"wp","href":"https:\/\/api.w.org\/{rel}","templated":true}]}}