{"id":57393,"date":"2018-01-24T19:50:36","date_gmt":"2018-01-24T15:50:36","guid":{"rendered":""},"modified":"-0001-11-30T00:00:00","modified_gmt":"-0001-11-29T20:00:00","slug":"","status":"publish","type":"post","link":"https:\/\/ucnoqta.az\/?p=57393","title":{"rendered":"Dilq\u0259m v\u0259 \u015eahbaz\u0131n i\u015fg\u0259nc\u0259 verildiyi \u015f\u0259kill\u0259r A\u015ePA-da n\u00fcmayi\u015f olundu"},"content":{"rendered":"<p><strong>Mill\u0259t v\u0259kili Q\u0259nir\u0259 Pa\u015fayeva A\u015ePA-da Dilq\u0259m \u018fsg\u0259rov v\u0259 \u015eahbaz Quliyev\u0259 qar\u015f\u0131 Erm\u0259nistan\u0131n t&ouml;r\u0259tdiyi v\u0259h\u015filiyin fotolar\u0131n\u0131 n&uuml;mayi\u015f etdirib v\u0259 Nazirl\u0259r Komit\u0259sinin yeni s\u0259drini onlar\u0131n azadl\u0131\u011fa burax\u0131lmas\u0131 &uuml;&ccedil;&uuml;n add\u0131mlar atma\u011fa &ccedil;a\u011f\u0131r\u0131b.<\/strong><\/p>\n<p>&quot;Ucnoqta.az&quot; &quot;&Ouml;lk\u0259.Az&quot;a istinad\u0259n x\u0259b\u0259r verir ki, bu g&uuml;n A\u015e Nazirl\u0259r Komit\u0259sinin yeni s\u0259dri, Danimarkan\u0131n xarici i\u015fl\u0259r naziri Andres Samuelsen A\u015ePA-da &ccedil;\u0131x\u0131\u015f edib v\u0259 mill\u0259t v\u0259kill\u0259rinin suallar\u0131n\u0131 cavabland\u0131r\u0131b.<br \/>\n&nbsp;<\/p>\n<p>Az\u0259rbaycan\u0131n A\u015ePA-dak\u0131 n&uuml;may\u0259nd\u0259 hey\u0259tinin &uuml;zv&uuml; Q\u0259nir\u0259 Pa\u015fayeva Assambleyada Dilq\u0259m \u018fsg\u0259rov v\u0259 \u015eahbaz Quliyevin girov g&ouml;t&uuml;r&uuml;lm\u0259 fotolar\u0131n\u0131, Erm\u0259nistan\u0131n onlara qar\u015f\u0131 g&ouml;st\u0259rdiyi v\u0259h\u015filiyi n&uuml;mayi\u015f etdir\u0259n fotolar\u0131 n&uuml;mayi\u015f edib v\u0259 Nazirl\u0259r Komit\u0259si qar\u015f\u0131s\u0131nda Erm\u0259nistan\u0131n qeyri-qanuni olaraq girov saxlad\u0131\u011f\u0131, i\u015fg\u0259nc\u0259 verdiyi v\u0259 beyn\u0259lxalq &ccedil;a\u011f\u0131r\u0131\u015flara da m\u0259h\u0259l qoymayaraq azad etm\u0259diyi Diq\u0259m \u018fsg\u0259rov v\u0259 \u015eahbaz Quliyev m\u0259s\u0259l\u0259sini v\u0259 r\u0259smi \u0130r\u0259van\u0131n A\u015ePA q\u0259tnam\u0259l\u0259rin\u0259 d\u0259 m\u0259h\u0259l qoymayaraq &ouml;z evl\u0259rin\u0259 d&ouml;nm\u0259l\u0259rin\u0259 izn verm\u0259diyi az\u0259rbaycanl\u0131 qa&ccedil;q\u0131n v\u0259 m\u0259cburi k&ouml;&ccedil;k&uuml;nl\u0259rin pozulan insan haqlar\u0131n\u0131 qald\u0131r\u0131b v\u0259 sualla m&uuml;raci\u0259t edib: &rdquo;Nazirl\u0259r Komit\u0259sinin yeni s\u0259dri kimi ne&ccedil;\u0259 aylard\u0131r, Erm\u0259nistan\u0131n qanunsuz olaraq girov saxlad\u0131\u011f\u0131 2 az\u0259rbaycanl\u0131n\u0131n, \u015eahbaz Quliyev v\u0259 Dilq\u0259m \u018fsg\u0259rovun azad edilm\u0259si istiqam\u0259tind\u0259 onlar\u0131n ail\u0259si sizd\u0259n d\u0259st\u0259k g&ouml;zl\u0259yir. Bu istiqam\u0259td\u0259 hans\u0131 add\u0131mlar ataca\u011f\u0131n\u0131z\u0131 g&ouml;zl\u0259y\u0259 bil\u0259rl\u0259r? Eyni zamanda 1 milyon az\u0259rbaycanl\u0131 qa&ccedil;q\u0131n v\u0259 m\u0259cburi k&ouml;&ccedil;k&uuml;n Erm\u0259nistan\u0131n Az\u0259rbaycan torpaqlar\u0131n\u0131 i\u015f\u011falda saxlamas\u0131 s\u0259b\u0259bind\u0259n 25 ildir, &ouml;z evl\u0259rin\u0259 d&ouml;n\u0259 bilmirl\u0259r. Bir s\u0259dr kimi sizd\u0259n d\u0259 d\u0259st\u0259k g&ouml;zl\u0259y\u0259n bu insanlara buradan n\u0259 s&ouml;yl\u0259m\u0259k ist\u0259rdiniz?&rdquo;<br \/>\n&nbsp;<\/p>\n<p>Bu m&uuml;naqi\u015f\u0259 il\u0259 ba\u011fl\u0131 vasit\u0259&ccedil;ilik AT\u018fT-in Minsk Qrupunun s\u0259lahiyy\u0259tl\u0259ri daxilind\u0259dir dey\u0259n A\u015e Nazirl\u0259r Komit\u0259sinin yeni s\u0259dri, Danimarkan\u0131n xarici i\u015fl\u0259r naziri Andres Samuelsen bildirib ki, Avropa \u015euras\u0131 t\u0259r\u0259fl\u0259r aras\u0131nda s&uuml;lh &uuml;&ccedil;&uuml;n z\u0259ruri olan inam \u015f\u0259raitinin formala\u015fmas\u0131na d\u0259st\u0259k ola bil\u0259r.<\/p>\n","protected":false},"excerpt":{"rendered":"<p>Mill\u0259t v\u0259kili Q\u0259nir\u0259 Pa\u015fayeva A\u015ePA-da Dilq\u0259m \u018fsg\u0259rov v\u0259 \u015eahbaz Quliyev\u0259 qar\u015f\u0131 Erm\u0259nistan\u0131n t&ouml;r\u0259tdiyi v\u0259h\u015filiyin fotolar\u0131n\u0131 n&uuml;mayi\u015f etdirib v\u0259 Nazirl\u0259r Komit\u0259sinin yeni s\u0259drini onlar\u0131n azadl\u0131\u011fa burax\u0131lmas\u0131 &uuml;&ccedil;&uuml;n add\u0131mlar atma\u011fa &ccedil;a\u011f\u0131r\u0131b. &quot;Ucnoqta.az&quot;&hellip;<\/p>\n","protected":false},"author":1,"featured_media":251278,"comment_status":"open","ping_status":"open","sticky":false,"template":"","format":"standard","meta":{"_lmt_disableupdate":"","_lmt_disable":"","footnotes":""},"categories":[],"tags":[],"class_list":["post-57393","post","type-post","status-publish","format-standard","has-post-thumbnail","hentry"],"_links":{"self":[{"href":"https:\/\/ucnoqta.az\/index.php?rest_route=\/wp\/v2\/posts\/57393","targetHints":{"allow":["GET"]}}],"collection":[{"href":"https:\/\/ucnoqta.az\/index.php?rest_route=\/wp\/v2\/posts"}],"about":[{"href":"https:\/\/ucnoqta.az\/index.php?rest_route=\/wp\/v2\/types\/post"}],"author":[{"embeddable":true,"href":"https:\/\/ucnoqta.az\/index.php?rest_route=\/wp\/v2\/users\/1"}],"replies":[{"embeddable":true,"href":"https:\/\/ucnoqta.az\/index.php?rest_route=%2Fwp%2Fv2%2Fcomments&post=57393"}],"version-history":[{"count":0,"href":"https:\/\/ucnoqta.az\/index.php?rest_route=\/wp\/v2\/posts\/57393\/revisions"}],"wp:featuredmedia":[{"embeddable":true,"href":"https:\/\/ucnoqta.az\/index.php?rest_route=\/wp\/v2\/media\/251278"}],"wp:attachment":[{"href":"https:\/\/ucnoqta.az\/index.php?rest_route=%2Fwp%2Fv2%2Fmedia&parent=57393"}],"wp:term":[{"taxonomy":"category","embeddable":true,"href":"https:\/\/ucnoqta.az\/index.php?rest_route=%2Fwp%2Fv2%2Fcategories&post=57393"},{"taxonomy":"post_tag","embeddable":true,"href":"https:\/\/ucnoqta.az\/index.php?rest_route=%2Fwp%2Fv2%2Ftags&post=57393"}],"curies":[{"name":"wp","href":"https:\/\/api.w.org\/{rel}","templated":true}]}}