{"id":57387,"date":"2018-01-24T09:22:20","date_gmt":"2018-01-24T05:22:20","guid":{"rendered":""},"modified":"-0001-11-30T00:00:00","modified_gmt":"-0001-11-29T20:00:00","slug":"","status":"publish","type":"post","link":"https:\/\/ucnoqta.az\/?p=57387","title":{"rendered":"Ba\u015f nazir qaydalara d\u0259yi\u015fiklik etdi"},"content":{"rendered":"<p><strong>Ba\u015f nazir Artur Rasizad\u0259 &ldquo;&Ccedil;a\u011f\u0131r\u0131\u015f&ccedil;\u0131lar\u0131n v\u0259 h\u0259rbi v\u0259zif\u0259lil\u0259rin h\u0259rbi qeydiyyat\u0131n\u0131n apar\u0131lmas\u0131 Qaydas\u0131&rdquo;nda d\u0259yi\u015fiklikl\u0259r ediib.<\/strong><br \/>\n&nbsp;<\/p>\n<p>&quot;Ucnoqta.az&quot; &ldquo;Qafqazinfo&rdquo;ya istinad\u0259n x\u0259b\u0259r verir ki, qaydalarda a\u015fa\u011f\u0131dak\u0131 d\u0259yi\u015fiklikl\u0259r olunub.<br \/>\n&nbsp;<\/p>\n<p>1. 1.4-c&uuml; b\u0259nd\u0259 &ldquo;h\u0259rbi v\u0259zif\u0259lil\u0259r&rdquo; s&ouml;zl\u0259rind\u0259n sonra &ldquo;(bu Qaydan\u0131n 1.7-ci b\u0259ndind\u0259 n\u0259z\u0259rd\u0259 tutulmu\u015f h\u0259rbi v\u0259zif\u0259lil\u0259r istisna olmaqla)&rdquo; s&ouml;zl\u0259ri \u0259lav\u0259 edilsin.&nbsp;<br \/>\n&nbsp;<\/p>\n<p>2. A\u015fa\u011f\u0131dak\u0131 m\u0259zmunda 1.7-ci b\u0259nd \u0259lav\u0259 edilsin:&nbsp;<br \/>\n&nbsp;<\/p>\n<p>&ldquo;1.7. Az\u0259rbaycan Respublikas\u0131- n\u0131n D&ouml;vl\u0259t T\u0259hl&uuml;k\u0259sizliyi Xidm\u0259tind\u0259n v\u0259 Az\u0259rbaycan Respublikas\u0131n\u0131n Xarici K\u0259\u015ffiyyat Xidm\u0259tind\u0259n ehtiyata ke&ccedil;irilmi\u015f h\u0259rbi v\u0259zif\u0259lil\u0259rin h\u0259rbi qeydiyyat\u0131 h\u0259min orqanlar t\u0259r\u0259find\u0259n apar\u0131l\u0131r.&rdquo;.<\/p>\n","protected":false},"excerpt":{"rendered":"<p>Ba\u015f nazir Artur Rasizad\u0259 &ldquo;&Ccedil;a\u011f\u0131r\u0131\u015f&ccedil;\u0131lar\u0131n v\u0259 h\u0259rbi v\u0259zif\u0259lil\u0259rin h\u0259rbi qeydiyyat\u0131n\u0131n apar\u0131lmas\u0131 Qaydas\u0131&rdquo;nda d\u0259yi\u015fiklikl\u0259r ediib. &nbsp; &quot;Ucnoqta.az&quot; &ldquo;Qafqazinfo&rdquo;ya istinad\u0259n x\u0259b\u0259r verir ki, qaydalarda a\u015fa\u011f\u0131dak\u0131 d\u0259yi\u015fiklikl\u0259r olunub. &nbsp; 1. 1.4-c&uuml; b\u0259nd\u0259 &ldquo;h\u0259rbi&hellip;<\/p>\n","protected":false},"author":1,"featured_media":251278,"comment_status":"open","ping_status":"open","sticky":false,"template":"","format":"standard","meta":{"_lmt_disableupdate":"","_lmt_disable":"","footnotes":""},"categories":[86],"tags":[],"class_list":["post-57387","post","type-post","status-publish","format-standard","has-post-thumbnail","hentry","category-siyaset"],"_links":{"self":[{"href":"https:\/\/ucnoqta.az\/index.php?rest_route=\/wp\/v2\/posts\/57387","targetHints":{"allow":["GET"]}}],"collection":[{"href":"https:\/\/ucnoqta.az\/index.php?rest_route=\/wp\/v2\/posts"}],"about":[{"href":"https:\/\/ucnoqta.az\/index.php?rest_route=\/wp\/v2\/types\/post"}],"author":[{"embeddable":true,"href":"https:\/\/ucnoqta.az\/index.php?rest_route=\/wp\/v2\/users\/1"}],"replies":[{"embeddable":true,"href":"https:\/\/ucnoqta.az\/index.php?rest_route=%2Fwp%2Fv2%2Fcomments&post=57387"}],"version-history":[{"count":0,"href":"https:\/\/ucnoqta.az\/index.php?rest_route=\/wp\/v2\/posts\/57387\/revisions"}],"wp:featuredmedia":[{"embeddable":true,"href":"https:\/\/ucnoqta.az\/index.php?rest_route=\/wp\/v2\/media\/251278"}],"wp:attachment":[{"href":"https:\/\/ucnoqta.az\/index.php?rest_route=%2Fwp%2Fv2%2Fmedia&parent=57387"}],"wp:term":[{"taxonomy":"category","embeddable":true,"href":"https:\/\/ucnoqta.az\/index.php?rest_route=%2Fwp%2Fv2%2Fcategories&post=57387"},{"taxonomy":"post_tag","embeddable":true,"href":"https:\/\/ucnoqta.az\/index.php?rest_route=%2Fwp%2Fv2%2Ftags&post=57387"}],"curies":[{"name":"wp","href":"https:\/\/api.w.org\/{rel}","templated":true}]}}