{"id":57385,"date":"2018-01-23T17:43:40","date_gmt":"2018-01-23T13:43:40","guid":{"rendered":""},"modified":"-0001-11-30T00:00:00","modified_gmt":"-0001-11-29T20:00:00","slug":"","status":"publish","type":"post","link":"https:\/\/ucnoqta.az\/?p=57385","title":{"rendered":"Prezidenti: &#8220;\u0130qtisadiyyat\u0131n diversifikasiyas\u0131 bizim \u0259sas m\u0259qs\u0259dimizdir&#8221;"},"content":{"rendered":"<p><strong>&quot;\u0130qtisadiyyat\u0131n diversifikasiyas\u0131 bizim \u0259sas m\u0259qs\u0259dimizdir. D&uuml;\u015f&uuml;n&uuml;r\u0259m ki, bu istiqam\u0259td\u0259 yax\u0131\u015f u\u011furlar \u0259ld\u0259 etmi\u015fik&quot;.<\/strong><br \/>\n&nbsp;<br \/>\n&quot;Ucnoqta.az&quot; APA-ya istinad\u0259n bildirir ki, bunun Az\u0259rbaycan prezidenti \u0130lham \u018fliyev Davos D&uuml;nya iqtisadi Forumu &ccedil;\u0259r&ccedil;iv\u0259sind\u0259 &ldquo;Strateji perspektivl\u0259r: Avrasiya&rdquo; adl\u0131 panel m&uuml;zakir\u0259l\u0259rind\u0259 deyib.<br \/>\n&nbsp;<br \/>\n&quot;Neftin qiym\u0259ti d&uuml;\u015f\u0259nd\u0259 Az\u0259rbaycanda elan etdim ki, art\u0131q postneft d&ouml;vr&uuml; ba\u015flad\u0131, biz neft v\u0259 qaz\u0131 unutmal\u0131y\u0131q. M&ouml;vcud neft-qaz layih\u0259l\u0259rini davam etm\u0259liyik, lakin \u0259sas g\u0259lir kimi texnologiya, innovasiya, s\u0259naye, sahibkarl\u0131q, k\u0259nd t\u0259s\u0259rr&uuml;fat\u0131na diqq\u0259t\u0259 yetirm\u0259liyik.<br \/>\n&nbsp;<br \/>\nBiz bu istiqam\u0259td\u0259 ciddi islahatlar h\u0259yata ke&ccedil;irdik v\u0259 yax\u015f\u0131 n\u0259tic\u0259l\u0259r \u0259ld\u0259 olundu. &Ouml;t\u0259n il &ouml;lk\u0259d\u0259 qeyri-neft iqtisadiyyat\u0131 3 faiz v\u0259 qeyri-neft s\u0259nayesi 4 faizi artd\u0131. \u0130qtisadiyyat\u0131m\u0131z\u0131n diversifkasiyas\u0131 prosesi gedir v\u0259 bizim dayanmaq plan\u0131m\u0131z yoxdur. Haz\u0131rda neft qiym\u0259ti art\u0131r, lakin bu, sad\u0259c\u0259, bizim ehtiyatlar\u0131m\u0131z\u0131 art\u0131racaq&quot;.<\/p>\n","protected":false},"excerpt":{"rendered":"<p>&quot;\u0130qtisadiyyat\u0131n diversifikasiyas\u0131 bizim \u0259sas m\u0259qs\u0259dimizdir. D&uuml;\u015f&uuml;n&uuml;r\u0259m ki, bu istiqam\u0259td\u0259 yax\u0131\u015f u\u011furlar \u0259ld\u0259 etmi\u015fik&quot;. &nbsp; &quot;Ucnoqta.az&quot; APA-ya istinad\u0259n bildirir ki, bunun Az\u0259rbaycan prezidenti \u0130lham \u018fliyev Davos D&uuml;nya iqtisadi Forumu &ccedil;\u0259r&ccedil;iv\u0259sind\u0259 &ldquo;Strateji&hellip;<\/p>\n","protected":false},"author":1,"featured_media":251278,"comment_status":"open","ping_status":"open","sticky":false,"template":"","format":"standard","meta":{"_lmt_disableupdate":"","_lmt_disable":"","footnotes":""},"categories":[],"tags":[],"class_list":["post-57385","post","type-post","status-publish","format-standard","has-post-thumbnail","hentry"],"_links":{"self":[{"href":"https:\/\/ucnoqta.az\/index.php?rest_route=\/wp\/v2\/posts\/57385","targetHints":{"allow":["GET"]}}],"collection":[{"href":"https:\/\/ucnoqta.az\/index.php?rest_route=\/wp\/v2\/posts"}],"about":[{"href":"https:\/\/ucnoqta.az\/index.php?rest_route=\/wp\/v2\/types\/post"}],"author":[{"embeddable":true,"href":"https:\/\/ucnoqta.az\/index.php?rest_route=\/wp\/v2\/users\/1"}],"replies":[{"embeddable":true,"href":"https:\/\/ucnoqta.az\/index.php?rest_route=%2Fwp%2Fv2%2Fcomments&post=57385"}],"version-history":[{"count":0,"href":"https:\/\/ucnoqta.az\/index.php?rest_route=\/wp\/v2\/posts\/57385\/revisions"}],"wp:featuredmedia":[{"embeddable":true,"href":"https:\/\/ucnoqta.az\/index.php?rest_route=\/wp\/v2\/media\/251278"}],"wp:attachment":[{"href":"https:\/\/ucnoqta.az\/index.php?rest_route=%2Fwp%2Fv2%2Fmedia&parent=57385"}],"wp:term":[{"taxonomy":"category","embeddable":true,"href":"https:\/\/ucnoqta.az\/index.php?rest_route=%2Fwp%2Fv2%2Fcategories&post=57385"},{"taxonomy":"post_tag","embeddable":true,"href":"https:\/\/ucnoqta.az\/index.php?rest_route=%2Fwp%2Fv2%2Ftags&post=57385"}],"curies":[{"name":"wp","href":"https:\/\/api.w.org\/{rel}","templated":true}]}}