{"id":57384,"date":"2018-01-23T17:36:22","date_gmt":"2018-01-23T13:36:22","guid":{"rendered":""},"modified":"-0001-11-30T00:00:00","modified_gmt":"-0001-11-29T20:00:00","slug":"","status":"publish","type":"post","link":"https:\/\/ucnoqta.az\/?p=57384","title":{"rendered":"Prezident: <font color=red><b>&#8220;Az\u0259rbaycan \u00f6z\u00fcn\u00fc \u0259sl m\u00fcst\u0259qil \u00f6lk\u0259 kimi t\u0259sdiq ed\u0259 bilib&#8221;<\/b><\/font>"},"content":{"rendered":"<p><strong>&quot;Az\u0259rbaycanda daxili t\u0259hdidl\u0259r v\u0259 riskl\u0259r yoxdur&quot;.<\/strong><br \/>\n&nbsp;<br \/>\n&quot;Ucnoqta.az&quot; APA-ya istinad\u0259n bildirir ki, bu s&ouml;zl\u0259ri Az\u0259rbaycan prezidenti \u0130lham \u018fliyev Davos D&uuml;nya iqtisadi Forumu &ccedil;\u0259r&ccedil;iv\u0259sind\u0259 &ldquo;Strateji perspektivl\u0259r: Avrasiya&rdquo; adl\u0131 panel m&uuml;zakir\u0259l\u0259rind\u0259 &ccedil;\u0131x\u0131\u015f\u0131nda deyib.<br \/>\n&nbsp;<br \/>\n&Ouml;lk\u0259 ba\u015f&ccedil;\u0131s\u0131 bildirib ki, bununla bel\u0259, Az\u0259rbaycan s\u0259rh\u0259dl\u0259rind\u0259 d\u0259 t\u0259hl&uuml;k\u0259sizliyini t\u0259min etm\u0259lidir: &ldquo;Qon\u015fularla m&uuml;nasib\u0259tl\u0259r h\u0259r bir &ouml;lk\u0259 &uuml;&ccedil;&uuml;n prioritet olmal\u0131d\u0131r. Bu, x&uuml;susil\u0259 bizim region &uuml;&ccedil;&uuml;n aktuald\u0131r. Qon\u015fularla a&ccedil;\u0131q &uuml;r\u0259kli v\u0259 praqmatik m&uuml;nasib\u0259tl\u0259r qurmaq laz\u0131md\u0131r. Bu, h\u0259m &ouml;z&uuml;n&uuml;n milli maraqlar\u0131n\u0131 m&uuml;dafi\u0259 etm\u0259, h\u0259m d\u0259 qon\u015fular\u0131n milli maraqlar\u0131n\u0131 n\u0259z\u0259r\u0259 alma \u0259sas\u0131nda olmal\u0131d\u0131r. &nbsp;<br \/>\n&nbsp;<br \/>\nAz\u0259rbaycan m\u0259hz bel\u0259 m&uuml;nasib\u0259tl\u0259r qura bilib.<br \/>\n&nbsp;<br \/>\nAz\u0259rbaycan\u0131n torpaqlar\u0131n\u0131n 20 faizini i\u015f\u011fal ed\u0259n Erm\u0259nistandan ba\u015fqa b&uuml;t&uuml;n qon\u015fular\u0131 il\u0259 yax\u015f\u0131 m&uuml;nasib\u0259tl\u0259ri var. Bizim X\u0259z\u0259r d\u0259nizi v\u0259 quru yolu il\u0259 b&uuml;t&uuml;n qon\u015fularla x&uuml;susi \u0259m\u0259kda\u015fl\u0131q m&uuml;nasib\u0259tl\u0259rimiz m&ouml;vcuddur. &Ouml;lk\u0259miz g\u0259ncdir, c\u0259mi 26 ya\u015f\u0131 var. Lakin Az\u0259rbaycan &ouml;z&uuml;n&uuml; \u0259sl m&uuml;st\u0259qil &ouml;lk\u0259 kimi t\u0259sdiq ed\u0259 bilib. Az\u0259rbaycan m&uuml;st\u0259qil xarici siyas\u0259t formala\u015fd\u0131ra bilib. Bu xarici siyas\u0259t bizim milli maraqlar\u0131m\u0131za uy\u011fundur v\u0259 qon\u015fular\u0131m\u0131z\u0131n maraqlar\u0131na zidd deyil.<br \/>\n&nbsp;<br \/>\nHesab edir\u0259m ki, qon\u015fular\u0131n\u0131n \u0259ks\u0259riyy\u0259tind\u0259n ki&ccedil;ik &ouml;lk\u0259 &uuml;&ccedil;&uuml;n bel\u0259 bir uy\u011fun balans\u0131 tapmaq v\u0259 bu qon\u015fuluqdan fayda \u0259ld\u0259 etm\u0259k &ccedil;ox vacibdir. B&ouml;y&uuml;k qon\u015fu b&ouml;y&uuml;k bazard\u0131r. Bizim &uuml;&ccedil;&uuml;n \u0259n yax\u015f\u0131 bazar qon\u015fulard\u0131r. &Ouml;lk\u0259l\u0259rimiz aras\u0131nda qar\u015f\u0131l\u0131ql\u0131 maraqlar m&ouml;vcuddur. T\u0259bii ki, bir-birimizin daxili i\u015fin\u0259 qar\u0131\u015fm\u0131r\u0131q. Qon\u015fular\u0131 il\u0259 \u0259m\u0259kda\u015fl\u0131qda praqmatik v\u0259 praktik yana\u015fma &ouml;lk\u0259mizin u\u011furunun, daxili stabilliyinin v\u0259 g\u0259l\u0259c\u0259k &uuml;&ccedil;&uuml;n yax\u015f\u0131 perspektivin \u0259sas s\u0259b\u0259bidir&rdquo;.<\/p>\n","protected":false},"excerpt":{"rendered":"<p>&quot;Az\u0259rbaycanda daxili t\u0259hdidl\u0259r v\u0259 riskl\u0259r yoxdur&quot;. &nbsp; &quot;Ucnoqta.az&quot; APA-ya istinad\u0259n bildirir ki, bu s&ouml;zl\u0259ri Az\u0259rbaycan prezidenti \u0130lham \u018fliyev Davos D&uuml;nya iqtisadi Forumu &ccedil;\u0259r&ccedil;iv\u0259sind\u0259 &ldquo;Strateji perspektivl\u0259r: Avrasiya&rdquo; adl\u0131 panel m&uuml;zakir\u0259l\u0259rind\u0259 &ccedil;\u0131x\u0131\u015f\u0131nda&hellip;<\/p>\n","protected":false},"author":1,"featured_media":251278,"comment_status":"open","ping_status":"open","sticky":false,"template":"","format":"standard","meta":{"_lmt_disableupdate":"","_lmt_disable":"","footnotes":""},"categories":[],"tags":[],"class_list":["post-57384","post","type-post","status-publish","format-standard","has-post-thumbnail","hentry"],"_links":{"self":[{"href":"https:\/\/ucnoqta.az\/index.php?rest_route=\/wp\/v2\/posts\/57384","targetHints":{"allow":["GET"]}}],"collection":[{"href":"https:\/\/ucnoqta.az\/index.php?rest_route=\/wp\/v2\/posts"}],"about":[{"href":"https:\/\/ucnoqta.az\/index.php?rest_route=\/wp\/v2\/types\/post"}],"author":[{"embeddable":true,"href":"https:\/\/ucnoqta.az\/index.php?rest_route=\/wp\/v2\/users\/1"}],"replies":[{"embeddable":true,"href":"https:\/\/ucnoqta.az\/index.php?rest_route=%2Fwp%2Fv2%2Fcomments&post=57384"}],"version-history":[{"count":0,"href":"https:\/\/ucnoqta.az\/index.php?rest_route=\/wp\/v2\/posts\/57384\/revisions"}],"wp:featuredmedia":[{"embeddable":true,"href":"https:\/\/ucnoqta.az\/index.php?rest_route=\/wp\/v2\/media\/251278"}],"wp:attachment":[{"href":"https:\/\/ucnoqta.az\/index.php?rest_route=%2Fwp%2Fv2%2Fmedia&parent=57384"}],"wp:term":[{"taxonomy":"category","embeddable":true,"href":"https:\/\/ucnoqta.az\/index.php?rest_route=%2Fwp%2Fv2%2Fcategories&post=57384"},{"taxonomy":"post_tag","embeddable":true,"href":"https:\/\/ucnoqta.az\/index.php?rest_route=%2Fwp%2Fv2%2Ftags&post=57384"}],"curies":[{"name":"wp","href":"https:\/\/api.w.org\/{rel}","templated":true}]}}