{"id":57383,"date":"2018-01-23T17:32:31","date_gmt":"2018-01-23T13:32:31","guid":{"rendered":""},"modified":"-0001-11-30T00:00:00","modified_gmt":"-0001-11-29T20:00:00","slug":"","status":"publish","type":"post","link":"https:\/\/ucnoqta.az\/?p=57383","title":{"rendered":"Az\u0259rbaycan v\u0259 Almaniya aras\u0131nda siyasi m\u0259sl\u0259h\u0259tl\u0259\u015fm\u0259l\u0259r ke\u00e7irilib"},"content":{"rendered":"<p><strong>Bak\u0131da Az\u0259rbaycan v\u0259 Almaniya aras\u0131nda xarici i\u015fl\u0259r nazirlikl\u0259ri s\u0259viyy\u0259sind\u0259 n&ouml;vb\u0259ti siyasi m\u0259sl\u0259h\u0259tl\u0259\u015fm\u0259l\u0259r ke&ccedil;irilib.<\/strong><\/p>\n<p>&quot;Ucnoqta.az&quot; x\u0259b\u0259r verir ki, bu bar\u0259d\u0259 &quot;Report&quot;a Xarici \u0130\u015fl\u0259r Nazirliyinin m\u0259tbuat xidm\u0259tind\u0259n m\u0259lumat verilib.&nbsp;<\/p>\n<p>M\u0259sl\u0259h\u0259tl\u0259\u015fm\u0259l\u0259rd\u0259 Az\u0259rbaycan xarici i\u015fl\u0259r nazirinin m&uuml;avini X\u0259l\u0259f X\u0259l\u0259fov, Almaniya Federativ Respublikas\u0131n\u0131 is\u0259 Xarici \u0130\u015fl\u0259r Nazirliyinin \u015e\u0259rqi Avropa, Qafqaz v\u0259 M\u0259rk\u0259zi Asiya &uuml;zr\u0259 m&uuml;v\u0259kkili Andreas Pe\u015fke t\u0259msil edib.<\/p>\n<p>\nX.X\u0259l\u0259fov xarici i\u015fl\u0259r nazirlikl\u0259ri &ccedil;\u0259r&ccedil;iv\u0259sind\u0259 siyasi m\u0259sl\u0259h\u0259tl\u0259\u015fm\u0259l\u0259rin daimi \u0259sasda apar\u0131lmas\u0131n\u0131n \u0259n\u0259n\u0259 kimi q\u0259bul edildiyini v\u0259 bu \u0259n\u0259n\u0259nin iki &ouml;lk\u0259 aras\u0131nda \u0259laq\u0259l\u0259rin inki\u015faf etdirilm\u0259si v\u0259 \u015fax\u0259l\u0259ndirilm\u0259si bax\u0131m\u0131ndan faydal\u0131 platforma oldu\u011funu bildirib.<\/p>\n<p>A.Pe\u015fke Az\u0259rbaycan v\u0259 Almaniya aras\u0131nda ikit\u0259r\u0259fli \u0259laq\u0259l\u0259rin &ccedil;ox y&uuml;ks\u0259k s\u0259viyy\u0259d\u0259 oldu\u011funu qeyd ed\u0259r\u0259k, bu bax\u0131mdan y&uuml;ks\u0259k s\u0259viyy\u0259li qar\u015f\u0131l\u0131ql\u0131 s\u0259f\u0259rl\u0259rin, Ticar\u0259t v\u0259 \u0130nvestisiya Qrupunun s\u0259f\u0259ri, el\u0259c\u0259 d\u0259 G&ouml;the M\u0259rk\u0259zinin Bak\u0131da n&uuml;may\u0259nd\u0259liyinin a&ccedil;\u0131lmas\u0131n\u0131n \u0259m\u0259kda\u015fl\u0131\u011f\u0131n m&uuml;xt\u0259lif s\u0259viyy\u0259l\u0259rd\u0259 inki\u015faf\u0131n\u0131n m&uuml;sb\u0259t g&ouml;st\u0259ricisi oldu\u011funu vur\u011fulay\u0131b.&nbsp;<\/p>\n<p>\nX.X\u0259l\u0259fov ikit\u0259r\u0259fli iqtisadi v\u0259 m\u0259d\u0259ni \u0259laq\u0259l\u0259rin s\u0259viyy\u0259sind\u0259n m\u0259mnunluq ifad\u0259 ed\u0259r\u0259k, Az\u0259rbaycan\u0131n Almaniyan\u0131n regionlar\u0131 il\u0259 \u0259laq\u0259l\u0259r\u0259 d\u0259 b&ouml;y&uuml;k &ouml;n\u0259m verdiyini, Federal H&ouml;kum\u0259tin d\u0259st\u0259yi il\u0259 bu sah\u0259d\u0259 ir\u0259lil\u0259yi\u015f \u0259ld\u0259 edil\u0259c\u0259yin\u0259 &uuml;midvar oldu\u011funu bildirib. H\u0259m&ccedil;inin qar\u015f\u0131 t\u0259r\u0259fl\u0259 qeyri-neft sektorunun inki\u015faf\u0131, n\u0259qliyyat v\u0259 logistika sah\u0259sind\u0259 birg\u0259 investisiya layih\u0259l\u0259rinin realla\u015fd\u0131r\u0131lmas\u0131, habel\u0259 turizm sah\u0259sind\u0259 \u0259m\u0259kda\u015fl\u0131q m\u0259s\u0259l\u0259l\u0259ri m&uuml;zakir\u0259 edilib.<br \/>\nX.X\u0259l\u0259fov Erm\u0259nistan-Az\u0259rbaycan Da\u011fl\u0131q Qaraba\u011f m&uuml;naqi\u015f\u0259sin\u0259 toxunaraq, separat&ccedil;\u0131 rejimin n&uuml;may\u0259nd\u0259l\u0259rin\u0259 Almaniya h&ouml;kum\u0259ti t\u0259r\u0259find\u0259n viza verilm\u0259m\u0259si il\u0259 ba\u011fl\u0131 q\u0259rar\u0131n\u0131n Almaniyan\u0131n m&uuml;naqi\u015f\u0259nin h\u0259lli prosesin\u0259 v\u0259 Az\u0259rbaycan\u0131n \u0259razi b&uuml;t&ouml;vl&uuml;y&uuml;n\u0259 d\u0259st\u0259yi kimi y&uuml;ks\u0259k qiym\u0259tl\u0259ndirildiyini diqq\u0259t\u0259 &ccedil;atd\u0131r\u0131b.<\/p>\n<p>\nA.Pe\u015fke Almaniyan\u0131n Erm\u0259nistan-Az\u0259rbaycan m&uuml;naqi\u015f\u0259si il\u0259 ba\u011fl\u0131 m&ouml;vqeyinin birm\u0259nal\u0131 oldu\u011funu, m&uuml;naqi\u015f\u0259nin Helsinki Yekun Akt\u0131n\u0131n prinsipl\u0259ri \u0259sas\u0131nda h\u0259llini d\u0259st\u0259kl\u0259diyini diqq\u0259t\u0259 &ccedil;atd\u0131r\u0131b. O, Almaniyan\u0131n AT\u018fT-\u0259 s\u0259drliyi d&ouml;vr&uuml;nd\u0259 m&uuml;naqi\u015f\u0259nin h\u0259llind\u0259 ir\u0259lil\u0259yi\u015f\u0259 nail olunmas\u0131 istiqam\u0259tind\u0259 s\u0259yl\u0259r g&ouml;st\u0259rdiyini d\u0259 \u0259lav\u0259 edib.<\/p>\n<p>A.Pe\u015fke 2018-ci ilin Az\u0259rbaycanda alman m\u0259sk\u0259nl\u0259rinin sal\u0131nmas\u0131n\u0131n 200 illiyi il\u0259 \u0259lam\u0259tdar oldu\u011funu bildir\u0259r\u0259k, bu &ccedil;\u0259r&ccedil;iv\u0259d\u0259 m&uuml;xt\u0259lif m\u0259d\u0259ni t\u0259dbirl\u0259rin ke&ccedil;irilm\u0259sinin planla\u015fd\u0131r\u0131ld\u0131\u011f\u0131n\u0131 bildirib.<\/p>\n<p>\nG&ouml;r&uuml;\u015fd\u0259 h\u0259m&ccedil;inin Az\u0259rbaycan v\u0259 Avropa \u0130ttifaq\u0131 aras\u0131nda m&uuml;nasib\u0259tl\u0259rin cari v\u0259ziyy\u0259ti, readmissiya, miqrasiya m\u0259s\u0259l\u0259l\u0259ri d\u0259 daxil olmaqla, qar\u015f\u0131l\u0131ql\u0131 maraq do\u011furan m\u0259s\u0259l\u0259l\u0259r \u0259traf\u0131nda geni\u015f fikir m&uuml;badil\u0259si apar\u0131l\u0131b.<\/p>\n","protected":false},"excerpt":{"rendered":"<p>Bak\u0131da Az\u0259rbaycan v\u0259 Almaniya aras\u0131nda xarici i\u015fl\u0259r nazirlikl\u0259ri s\u0259viyy\u0259sind\u0259 n&ouml;vb\u0259ti siyasi m\u0259sl\u0259h\u0259tl\u0259\u015fm\u0259l\u0259r ke&ccedil;irilib. &quot;Ucnoqta.az&quot; x\u0259b\u0259r verir ki, bu bar\u0259d\u0259 &quot;Report&quot;a Xarici \u0130\u015fl\u0259r Nazirliyinin m\u0259tbuat xidm\u0259tind\u0259n m\u0259lumat verilib.&nbsp; M\u0259sl\u0259h\u0259tl\u0259\u015fm\u0259l\u0259rd\u0259 Az\u0259rbaycan xarici&hellip;<\/p>\n","protected":false},"author":1,"featured_media":251278,"comment_status":"open","ping_status":"open","sticky":false,"template":"","format":"standard","meta":{"_lmt_disableupdate":"","_lmt_disable":"","footnotes":""},"categories":[],"tags":[],"class_list":["post-57383","post","type-post","status-publish","format-standard","has-post-thumbnail","hentry"],"_links":{"self":[{"href":"https:\/\/ucnoqta.az\/index.php?rest_route=\/wp\/v2\/posts\/57383","targetHints":{"allow":["GET"]}}],"collection":[{"href":"https:\/\/ucnoqta.az\/index.php?rest_route=\/wp\/v2\/posts"}],"about":[{"href":"https:\/\/ucnoqta.az\/index.php?rest_route=\/wp\/v2\/types\/post"}],"author":[{"embeddable":true,"href":"https:\/\/ucnoqta.az\/index.php?rest_route=\/wp\/v2\/users\/1"}],"replies":[{"embeddable":true,"href":"https:\/\/ucnoqta.az\/index.php?rest_route=%2Fwp%2Fv2%2Fcomments&post=57383"}],"version-history":[{"count":0,"href":"https:\/\/ucnoqta.az\/index.php?rest_route=\/wp\/v2\/posts\/57383\/revisions"}],"wp:featuredmedia":[{"embeddable":true,"href":"https:\/\/ucnoqta.az\/index.php?rest_route=\/wp\/v2\/media\/251278"}],"wp:attachment":[{"href":"https:\/\/ucnoqta.az\/index.php?rest_route=%2Fwp%2Fv2%2Fmedia&parent=57383"}],"wp:term":[{"taxonomy":"category","embeddable":true,"href":"https:\/\/ucnoqta.az\/index.php?rest_route=%2Fwp%2Fv2%2Fcategories&post=57383"},{"taxonomy":"post_tag","embeddable":true,"href":"https:\/\/ucnoqta.az\/index.php?rest_route=%2Fwp%2Fv2%2Ftags&post=57383"}],"curies":[{"name":"wp","href":"https:\/\/api.w.org\/{rel}","templated":true}]}}