{"id":57377,"date":"2018-01-23T16:18:15","date_gmt":"2018-01-23T12:18:15","guid":{"rendered":""},"modified":"-0001-11-30T00:00:00","modified_gmt":"-0001-11-29T20:00:00","slug":"","status":"publish","type":"post","link":"https:\/\/ucnoqta.az\/?p=57377","title":{"rendered":"Bakcell n\u00f6vb\u0259ti d\u0259f\u0259 \u201cSocially Devoted\u201d sertifikat\u0131na layiq g\u00f6r\u00fcl\u00fcb"},"content":{"rendered":"<p><strong>Az\u0259rbaycan\u0131n \u0130lk Mobil Operatoru v\u0259 Apar\u0131c\u0131 Mobil \u0130nternet Provayderi Bakcell \u015firk\u0259ti 2017-ci ilin son r&uuml;b&uuml; &uuml;zr\u0259 &ldquo;Socially Devoted&rdquo; sertifikat\u0131 il\u0259 t\u0259ltif olunub.<\/strong><\/p>\n<p>X&uuml;susi analitik platforma vasit\u0259sil\u0259 d&uuml;nya &uuml;zr\u0259 m\u0259\u015fhur \u015firk\u0259tl\u0259rin sosial \u015f\u0259b\u0259k\u0259l\u0259rd\u0259ki f\u0259aliyy\u0259tinin monitorinqi il\u0259 m\u0259\u015f\u011ful olan tan\u0131nm\u0131\u015f &ldquo;Socialbakers&rdquo; \u015firk\u0259ti Az\u0259rbaycanda f\u0259aliyy\u0259t g&ouml;st\u0259r\u0259n \u015firk\u0259tl\u0259rin &ldquo;Facebook&rdquo; \u015f\u0259b\u0259k\u0259sind\u0259 2017-ci ilin 01 oktyabr tarixind\u0259n 31 dekabr tarixin\u0259 q\u0259d\u0259r olan f\u0259aliyy\u0259tl\u0259rini n\u0259z\u0259rd\u0259n ke&ccedil;irib. Bakcell b&ouml;y&uuml;k m\u0259mnuniyy\u0259tl\u0259 bildirir ki, h\u0259min monitorinqin n\u0259tic\u0259l\u0259rin\u0259 \u0259sas\u0259n, \u015firk\u0259t &ouml;z&uuml;n&uuml;n r\u0259smi &ldquo;Facebook&rdquo; s\u0259hif\u0259sin\u0259 daxil olmu\u015f m&uuml;raci\u0259tl\u0259rin 100%-ni cavabland\u0131r\u0131b. S\u0259hif\u0259 2017-ci ild\u0259 d&ouml;rd d\u0259f\u0259 abun\u0259&ccedil;i sor\u011fular\u0131n\u0131n cavabland\u0131r\u0131lmas\u0131 &uuml;zr\u0259 &ldquo;Socially Devoted&rdquo; sertifikat\u0131na layiq g&ouml;r&uuml;l&uuml;b.&nbsp;<br \/>\n&ldquo;Bakcell&rdquo;in &ldquo;Facebook&rdquo; s\u0259hif\u0259sinin 400 mind\u0259n art\u0131q istifad\u0259&ccedil;isinin olmas\u0131 bu nailiyy\u0259ti daha da&nbsp; vacib v\u0259 t\u0259qdir\u0259layiq&nbsp; edir.&nbsp;<br \/>\nSosial media vasit\u0259l\u0259ri m\u0259hsul v\u0259 xidm\u0259tl\u0259r haqq\u0131nda m\u0259lumatlar\u0131n geni\u015f abun\u0259&ccedil;i bazas\u0131na daha effektiv \u015f\u0259kild\u0259 &ccedil;atd\u0131r\u0131lmas\u0131 v\u0259 m&uuml;\u015ft\u0259ril\u0259rin suallar\u0131n\u0131n cavabland\u0131r\u0131lmas\u0131 bax\u0131m\u0131ndan &ldquo;Bakcell&rdquo;in vacib kommunikasiya vasit\u0259l\u0259rind\u0259n biridir. \u015eirk\u0259tin bir &ccedil;ox sosial \u015f\u0259b\u0259k\u0259d\u0259 r\u0259smi s\u0259hif\u0259si f\u0259aliyy\u0259t g&ouml;st\u0259rir.<br \/>\nY&uuml;ks\u0259k keyfiyy\u0259tli xidm\u0259tin g&ouml;st\u0259rilm\u0259si v\u0259 m&uuml;\u015ft\u0259ri m\u0259mnuniyy\u0259ti Bakcell \u015firk\u0259tinin &uuml;mumi f\u0259aliyy\u0259tin prioritet istiqam\u0259tl\u0259rind\u0259ndir. \u015eirk\u0259tin m&uuml;\u015ft\u0259ri m\u0259mnuniyy\u0259ti strategiyas\u0131 d&uuml;nyan\u0131n apar\u0131c\u0131 \u015firk\u0259tl\u0259ri v\u0259 \u0259halinin b&uuml;t&uuml;n t\u0259b\u0259q\u0259l\u0259rinin t\u0259l\u0259b v\u0259 ehtiyaclar\u0131n\u0131n n\u0259z\u0259r\u0259 al\u0131nmas\u0131 il\u0259 yana\u015f\u0131 yerli bazar\u0131n t\u0259l\u0259bl\u0259rin\u0259 \u0259saslan\u0131r.&nbsp;<br \/>\n&ldquo;Bakcell&rdquo; abun\u0259&ccedil;il\u0259ri&nbsp; \u015firk\u0259tin h\u0259ft\u0259nin 7 g&uuml;n&uuml;, g&uuml;n&uuml;n 24 saat\u0131 \u0259rzind\u0259 abun\u0259&ccedil;il\u0259r\u0259 y&uuml;ks\u0259k keyfiyy\u0259tli xidm\u0259t g&ouml;st\u0259r\u0259n &ldquo;555&rdquo; M\u0259lumat M\u0259rk\u0259zin\u0259 v\u0259 ya sor\u011fular\u0131n 100% cavabland\u0131r\u0131lmas\u0131n\u0131 t\u0259min ed\u0259n&nbsp; &ldquo;Facebook&rdquo;&nbsp; s\u0259hif\u0259sin\u0259 m&uuml;raci\u0259t ed\u0259 bil\u0259rl\u0259r.&nbsp;<\/p>\n<p>&nbsp;<\/p>\n","protected":false},"excerpt":{"rendered":"<p>Az\u0259rbaycan\u0131n \u0130lk Mobil Operatoru v\u0259 Apar\u0131c\u0131 Mobil \u0130nternet Provayderi Bakcell \u015firk\u0259ti 2017-ci ilin son r&uuml;b&uuml; &uuml;zr\u0259 &ldquo;Socially Devoted&rdquo; sertifikat\u0131 il\u0259 t\u0259ltif olunub. X&uuml;susi analitik platforma vasit\u0259sil\u0259 d&uuml;nya &uuml;zr\u0259 m\u0259\u015fhur \u015firk\u0259tl\u0259rin&hellip;<\/p>\n","protected":false},"author":1,"featured_media":251278,"comment_status":"open","ping_status":"open","sticky":false,"template":"","format":"standard","meta":{"_lmt_disableupdate":"","_lmt_disable":"","footnotes":""},"categories":[],"tags":[],"class_list":["post-57377","post","type-post","status-publish","format-standard","has-post-thumbnail","hentry"],"_links":{"self":[{"href":"https:\/\/ucnoqta.az\/index.php?rest_route=\/wp\/v2\/posts\/57377","targetHints":{"allow":["GET"]}}],"collection":[{"href":"https:\/\/ucnoqta.az\/index.php?rest_route=\/wp\/v2\/posts"}],"about":[{"href":"https:\/\/ucnoqta.az\/index.php?rest_route=\/wp\/v2\/types\/post"}],"author":[{"embeddable":true,"href":"https:\/\/ucnoqta.az\/index.php?rest_route=\/wp\/v2\/users\/1"}],"replies":[{"embeddable":true,"href":"https:\/\/ucnoqta.az\/index.php?rest_route=%2Fwp%2Fv2%2Fcomments&post=57377"}],"version-history":[{"count":0,"href":"https:\/\/ucnoqta.az\/index.php?rest_route=\/wp\/v2\/posts\/57377\/revisions"}],"wp:featuredmedia":[{"embeddable":true,"href":"https:\/\/ucnoqta.az\/index.php?rest_route=\/wp\/v2\/media\/251278"}],"wp:attachment":[{"href":"https:\/\/ucnoqta.az\/index.php?rest_route=%2Fwp%2Fv2%2Fmedia&parent=57377"}],"wp:term":[{"taxonomy":"category","embeddable":true,"href":"https:\/\/ucnoqta.az\/index.php?rest_route=%2Fwp%2Fv2%2Fcategories&post=57377"},{"taxonomy":"post_tag","embeddable":true,"href":"https:\/\/ucnoqta.az\/index.php?rest_route=%2Fwp%2Fv2%2Ftags&post=57377"}],"curies":[{"name":"wp","href":"https:\/\/api.w.org\/{rel}","templated":true}]}}