{"id":57376,"date":"2018-01-23T16:36:45","date_gmt":"2018-01-23T12:36:45","guid":{"rendered":""},"modified":"-0001-11-30T00:00:00","modified_gmt":"-0001-11-29T20:00:00","slug":"","status":"publish","type":"post","link":"https:\/\/ucnoqta.az\/?p=57376","title":{"rendered":"Milli M\u0259clisin \u0130ntizam komissiyas\u0131n\u0131n yeni t\u0259rkibi \u2014<font color=red><b> S\u0130YAHI<\/b><\/font>"},"content":{"rendered":"<p><strong>Az\u0259rbaycan Milli M\u0259clisinin \u0130ntizam komissiyas\u0131n\u0131n yeni t\u0259rkibi m\u0259lum olub.<\/strong><\/p>\n<p>&quot;Ucnoqta.az&quot; &ldquo;Report&rdquo;a istinad\u0259n x\u0259b\u0259r verir ki, \u0130ntizam komissiyas\u0131n\u0131n yeni t\u0259rkibin\u0259 deputat A\u011facan \u018fbiyev, M\u0259lah\u0259t \u0130brahimq\u0131z\u0131, Xanlar F\u0259tiyev, Mirkaz\u0131m Kaz\u0131mov, S\u0259ttar Mehbal\u0131yev, Fazil Mustafa v\u0259 Kamran N\u0259bizad\u0259 daxildir.<\/p>\n<p>Parlamentin Hesablay\u0131c\u0131 komissiyas\u0131n\u0131n t\u0259rkibi d\u0259 yenid\u0259n formala\u015fd\u0131r\u0131lacaq. Komissiyan\u0131n t\u0259rkibin\u0259 deputat F\u0259ttah Heyd\u0259rov, Q&uuml;dr\u0259t H\u0259s\u0259nquliyev, Rafael H&uuml;seynov, Xanh&uuml;seyn Kaz\u0131ml\u0131, Zahid Oruc, S\u0259daq\u0259t V\u0259liyeva v\u0259 Mixail Zabelin daxil edilir.<\/p>\n<p>\u0130ntizam komissiyas\u0131 v\u0259 Hesablay\u0131c\u0131 komissiyan\u0131n t\u0259rkibi d\u0259yi\u015fdirilm\u0259y\u0259c\u0259k.<\/p>\n<p>Layih\u0259l\u0259r Milli M\u0259clisin yaz sessiyas\u0131n\u0131n fevral\u0131n 1-d\u0259 ke&ccedil;iril\u0259c\u0259k ilk iclas\u0131nda m&uuml;zakir\u0259y\u0259 &ccedil;\u0131xar\u0131lacaq, komissiyalar\u0131n yeni t\u0259rkibl\u0259rinin t\u0259sdiql\u0259n\u0259c\u0259yi g&ouml;zl\u0259nilir.<\/p>\n","protected":false},"excerpt":{"rendered":"<p>Az\u0259rbaycan Milli M\u0259clisinin \u0130ntizam komissiyas\u0131n\u0131n yeni t\u0259rkibi m\u0259lum olub. &quot;Ucnoqta.az&quot; &ldquo;Report&rdquo;a istinad\u0259n x\u0259b\u0259r verir ki, \u0130ntizam komissiyas\u0131n\u0131n yeni t\u0259rkibin\u0259 deputat A\u011facan \u018fbiyev, M\u0259lah\u0259t \u0130brahimq\u0131z\u0131, Xanlar F\u0259tiyev, Mirkaz\u0131m Kaz\u0131mov, S\u0259ttar Mehbal\u0131yev,&hellip;<\/p>\n","protected":false},"author":1,"featured_media":251278,"comment_status":"open","ping_status":"open","sticky":false,"template":"","format":"standard","meta":{"_lmt_disableupdate":"","_lmt_disable":"","footnotes":""},"categories":[],"tags":[],"class_list":["post-57376","post","type-post","status-publish","format-standard","has-post-thumbnail","hentry"],"_links":{"self":[{"href":"https:\/\/ucnoqta.az\/index.php?rest_route=\/wp\/v2\/posts\/57376","targetHints":{"allow":["GET"]}}],"collection":[{"href":"https:\/\/ucnoqta.az\/index.php?rest_route=\/wp\/v2\/posts"}],"about":[{"href":"https:\/\/ucnoqta.az\/index.php?rest_route=\/wp\/v2\/types\/post"}],"author":[{"embeddable":true,"href":"https:\/\/ucnoqta.az\/index.php?rest_route=\/wp\/v2\/users\/1"}],"replies":[{"embeddable":true,"href":"https:\/\/ucnoqta.az\/index.php?rest_route=%2Fwp%2Fv2%2Fcomments&post=57376"}],"version-history":[{"count":0,"href":"https:\/\/ucnoqta.az\/index.php?rest_route=\/wp\/v2\/posts\/57376\/revisions"}],"wp:featuredmedia":[{"embeddable":true,"href":"https:\/\/ucnoqta.az\/index.php?rest_route=\/wp\/v2\/media\/251278"}],"wp:attachment":[{"href":"https:\/\/ucnoqta.az\/index.php?rest_route=%2Fwp%2Fv2%2Fmedia&parent=57376"}],"wp:term":[{"taxonomy":"category","embeddable":true,"href":"https:\/\/ucnoqta.az\/index.php?rest_route=%2Fwp%2Fv2%2Fcategories&post=57376"},{"taxonomy":"post_tag","embeddable":true,"href":"https:\/\/ucnoqta.az\/index.php?rest_route=%2Fwp%2Fv2%2Ftags&post=57376"}],"curies":[{"name":"wp","href":"https:\/\/api.w.org\/{rel}","templated":true}]}}