{"id":57375,"date":"2018-01-23T16:33:27","date_gmt":"2018-01-23T12:33:27","guid":{"rendered":""},"modified":"-0001-11-30T00:00:00","modified_gmt":"-0001-11-29T20:00:00","slug":"","status":"publish","type":"post","link":"https:\/\/ucnoqta.az\/?p=57375","title":{"rendered":"\u201cBak\u0131 q\u0259biristanl\u0131qlar\u0131n\u0131n \u00e7oxunda t\u0259mizlik aparan \u015f\u0259xsl\u0259r yoxdur\u201d"},"content":{"rendered":"<p><strong>\u0130lqar H&uuml;seynli: <\/strong><em>&ldquo;\u0130nsanlar yaln\u0131z &ouml;zl\u0259rinin d&uuml;nyadan k&ouml;&ccedil;m&uuml;\u015f&nbsp; yax\u0131n insanlar\u0131n\u0131n d\u0259fn olundu\u011fu yeri t\u0259mizl\u0259yir, abadla\u015fd\u0131r\u0131rlar&rdquo;<\/em><br \/>\n<strong>Sabir H&uuml;seynov:<\/strong> <em>&ldquo;Biz q\u0259biristanl\u0131qlarda ara yollar\u0131n t\u0259mizliyin\u0259 n\u0259zar\u0259t edirik, q\u0259birl\u0259rin &uuml;st&uuml;n&uuml;n v\u0259 \u0259traf\u0131n\u0131n t\u0259mizl\u0259nm\u0259si is\u0259 biz\u0259 aid deyil&rdquo;<\/em><\/p>\n<p><strong>&ldquo;Bizim k\u0259ndin q\u0259biristanl\u0131\u011f\u0131na Mahir adl\u0131 k\u0259nd sakini n\u0259zar\u0259t edir. Evi&nbsp;q\u0259biristanl\u0131\u011fa yax\u0131n oldu\u011fu &uuml;&ccedil;&uuml;n h\u0259r m&ouml;vs&uuml;md\u0259 q\u0259biristanl\u0131\u011f\u0131 otlardan, zibill\u0259rd\u0259n t\u0259mizl\u0259yir. G&uuml;nd&uuml;zl\u0259r vaxt\u0131 olduqca gedib ba\u015f da &ccedil;\u0259kir, n\u0259zar\u0259t edir. D&uuml;zd&uuml;r, burdan he&ccedil; bir maa\u015f alm\u0131r. Biz d\u0259 ona imkan daxilind\u0259, g&uuml;c&uuml;m&uuml;z &ccedil;atan q\u0259d\u0259r k&ouml;m\u0259klik g&ouml;st\u0259ririk. B\u0259z\u0259n 10-15 manat veririk. Amma r\u0259hm\u0259t\u0259 ged\u0259n yax\u0131nlar\u0131m\u0131z\u0131n q\u0259birl\u0259rinin &uuml;z\u0259rini v\u0259 \u0259traf\u0131n\u0131 &ouml;z&uuml;m&uuml;z t\u0259mizl\u0259yir\u0131k.&rdquo; &ndash; bu s&ouml;zl\u0259ri biziml\u0259 s&ouml;hb\u0259tind\u0259 B\u0259rd\u0259 rayonu Mu\u011fanl\u0131 k\u0259nd sakini Asim \u018fhm\u0259dov bildirdi.&nbsp; <\/strong>&nbsp;<\/p>\n<p>B&ouml;lg\u0259l\u0259rd\u0259ki q\u0259biristanl\u0131qlarda t\u0259mizliy\u0259 ciddi yana\u015f\u0131lsa da, n\u0259d\u0259ns\u0259 Bak\u0131da f\u0259rqli m&uuml;nasib\u0259t &ouml;z&uuml;n&uuml; g&ouml;st\u0259rir. Bax\u0131ms\u0131zl\u0131qdan q\u0259biristanl\u0131qlarda ot v\u0259 kollar o q\u0259d\u0259r b&ouml;y&uuml;y&uuml;r ki, q\u0259birl\u0259rin &uuml;st&uuml; g&ouml;r&uuml;nm\u0259z hala d&uuml;\u015f&uuml;r. B\u0259z\u0259n is\u0259 adamlar ayr\u0131-ayr\u0131l\u0131qda yax\u0131nlar\u0131n\u0131n q\u0259birl\u0259rinin &uuml;st&uuml;n&uuml;n v\u0259 \u0259traf\u0131n\u0131n t\u0259mizliyin\u0259&nbsp; n\u0259zar\u0259t edirl\u0259r. T\u0259mizlikl\u0259 yana\u015f\u0131 b\u0259z\u0259n ba\u015f da\u015flar\u0131n\u0131n o\u011furlanmas\u0131, s\u0131nd\u0131r\u0131lmas\u0131 hallar\u0131 da olur. B\u0259s g&ouml;r\u0259s\u0259n, q\u0259biristanl\u0131qlar\u0131n t\u0259mizliyin\u0259 v\u0259 dig\u0259r m\u0259s\u0259l\u0259l\u0259r\u0259 n\u0259zar\u0259t mexanizmi nec\u0259 t\u0259nziml\u0259nm\u0259lidir.<\/p>\n<p>M&ouml;vzu il\u0259 ba\u011fl\u0131 &ldquo;&Uuml;&ccedil; n&ouml;qt\u0259&rdquo;y\u0259 a&ccedil;\u0131qlama ver\u0259n sosial sah\u0259 &uuml;zr\u0259 ekspert \u0130lqar H&uuml;seynli bildirdi ki, bu m\u0259s\u0259l\u0259 d\u0259f\u0259l\u0259rl\u0259 g&uuml;nd\u0259m\u0259 g\u0259tirilir, m&uuml;zakir\u0259l\u0259r\u0259 &ccedil;\u0131xar\u0131l\u0131r: &ldquo;&Uuml;mumiyy\u0259tl\u0259, v\u0259t\u0259nda\u015flar\u0131m\u0131zda t\u0259riq\u0259t&ccedil;iliy\u0259 meyil oldu\u011funa g&ouml;r\u0259, insanlar yaln\u0131z &ouml;zl\u0259rinin d&uuml;nyadan k&ouml;&ccedil;m&uuml;\u015f&nbsp; yax\u0131n insanlar\u0131n\u0131n d\u0259fn olundu\u011fu yeri t\u0259mizl\u0259yir, abadla\u015fd\u0131r\u0131rlar. Dig\u0259r \u0259razil\u0259r is\u0259 insanlar\u0131n diqq\u0259tind\u0259n k\u0259narda qal\u0131r. Bu psixoloji olaraq h\u0259r yerd\u0259 bel\u0259dir. Amma \u0259slind\u0259 baxanda q\u0259biristanl\u0131q insanlar\u0131n m\u0259n\u0259vi d\u0259y\u0259r da\u015f\u0131d\u0131\u011f\u0131 yerdir. Burda h&ouml;kum\u0259t t\u0259r\u0259find\u0259n m&uuml;\u0259yy\u0259n konkret add\u0131mlar\u0131 at\u0131lmal\u0131, n\u0259zar\u0259t mexanizmi i\u015f\u0259 sal\u0131nmal\u0131d\u0131r. Biz ekspertl\u0259r Az\u0259rbaycan Parlamentin\u0259 d\u0259 model t\u0259klif edib s\u0259sl\u0259ndirmi\u015fik. H\u0259t&not;ta Mil&not;li M\u0259c&not;lis&not;d\u0259 &ldquo;Q\u0259&not;bi&not;ris&not;tan&not;l\u0131q v\u0259 d\u0259fn xid&not;m\u0259t&not;l\u0259&not;ri&not;nin t\u0259\u015f&not;ki&not;li&rdquo; il\u0259 ba\u011f&not;l\u0131 m\u0259&not;s\u0259&not;l\u0259 m&uuml;&not;za&not;ki&not;r\u0259&not;y\u0259 &ccedil;\u0131&not;xa&not;r\u0131&not;l\u0131b.&nbsp; Eyni zamanda m&uuml;vafiq qurumlara bu bar\u0259d\u0259 fikirl\u0259rimizi demi\u015fik&rdquo;.&nbsp;<\/p>\n<p>Ekspertin fikrinc\u0259 \u0259g\u0259r n&uuml;mun\u0259 olaraq T&uuml;rkiy\u0259 modeli se&ccedil;ils\u0259 bu \u0259n u\u011furlu modeldir: &ldquo;Orda &uuml;mumiyy\u0259tl\u0259, m\u0259zarl\u0131qlara n\u0259zar\u0259t, d\u0259fn m\u0259rasiml\u0259rinin t\u0259\u015fkili v\u0259 q\u0259biristanl\u0131qlarda insanlar\u0131n d\u0259fn olunmas\u0131na do\u011fru planla\u015fma m\u0259s\u0259l\u0259l\u0259rin\u0259 b\u0259l\u0259diyy\u0259l\u0259r n\u0259zar\u0259t edir. Y\u0259ni, b&uuml;t&uuml;n bunlar b\u0259l\u0259diyy\u0259l\u0259rin s\u0259r\u0259ncam\u0131nda olan bir m\u0259s\u0259l\u0259dir. B\u0259l\u0259diyy\u0259l\u0259rin x&uuml;susi n\u0259qliyyat vasit\u0259l\u0259ri var v\u0259 onlar d\u0259fn m\u0259rasiml\u0259rini t\u0259\u015fkil edirl\u0259r. V\u0259t\u0259nda\u015flar b\u0259l\u0259diyy\u0259l\u0259r\u0259 &ccedil;ox c&uuml;zi miqdarda pul &ouml;d\u0259yirl\u0259r. H\u0259tta, q\u0259bir da\u015flar\u0131n\u0131n, xatir\u0259 kompleksl\u0259rinin d&uuml;z\u0259ldilm\u0259sini d\u0259 standart &ouml;l&ccedil;&uuml;d\u0259, standart meyarlarla t\u0259\u015fkil edirl\u0259r. V\u0259 eyni zamanda b\u0259l\u0259diyy\u0259l\u0259r q\u0259biristanl\u0131qlar\u0131n abadla\u015fd\u0131r\u0131lmas\u0131, t\u0259mizl\u0259nm\u0259si il\u0259 vaxta\u015f\u0131r\u0131 m\u0259\u015f\u011ful olurlar&rdquo;.&nbsp;<\/p>\n<p>\u0130.H&uuml;seynli \u0259lav\u0259 etdi ki, biz Az\u0259rbaycanda T&uuml;rkiy\u0259 modelinin t\u0259tbiq olunmas\u0131n\u0131n t\u0259klif etmi\u015fik: &ldquo;\u018fg\u0259r bu h\u0259yata ke&ccedil;iril\u0259rs\u0259 &ccedil;ox yax\u015f\u0131 olar. Q\u0259biristanl\u0131qlar ya Bak\u0131 \u015f\u0259h\u0259r \u0130cra Hakimiyy\u0259tinin rayonlar\u0131nda bununla ba\u011fl\u0131 m&uuml;vafiq qurumlar\u0131n tabeliyin\u0259 verilm\u0259lidir. Yaxud da birba\u015fa&nbsp; olaraq b\u0259l\u0259diyy\u0259l\u0259rin s\u0259lahiyy\u0259tl\u0259rin\u0259 verilm\u0259li v\u0259 onlara m&uuml;vafiq b&uuml;dc\u0259 ayr\u0131lmal\u0131d\u0131r. Bi&not;lir&not;si&not;niz ki, bu qu&not;rum v\u0259&not;t\u0259n&not;da\u015f&not;lar&not;dan h\u0259m m&uuml;l&not;kiy&not;y\u0259&not;t\u0259 g&ouml;&not;r\u0259 d\u0259, h\u0259m d\u0259 tor&not;paq ver&not;gi&not;l\u0259&not;ri top&not;la&not;y\u0131r. Bu ver&not;gi&not;l\u0259r&not;d\u0259n \u0259l&not;d\u0259 et&not;dik&not;l\u0259&not;ri g\u0259&not;lir&not;l\u0259&not;rin &ccedil;ox az bir his&not;s\u0259&not;si&not;ni m&ouml;v&not;s&uuml;&not;mi ola&not;raq il&not;d\u0259 iki d\u0259&not;f\u0259 q\u0259&not;bi&not;ris&not;tan&not;l\u0131q&not;la&not;r\u0131n t\u0259&not;miz&not;l\u0259n&not;m\u0259&not;si&not;n\u0259, sosial abadl\u0131\u011f\u0131n\u0131n t\u0259\u015fkil olunmas\u0131na v\u0259 bu kimi t\u0259dbirl\u0259rin h\u0259yata ke&ccedil;irilm\u0259sin\u0259 y&ouml;&not;n\u0259lt&not;s\u0259&not;l\u0259r, on&not;da bu prob&not;lem &ouml;z h\u0259l&not;li&not;ni tap&not;m\u0131\u015f olar. Ey&not;ni za&not;man&not;da, b\u0259&not;l\u0259&not;diy&not;y\u0259&not;l\u0259&not;rin \u0259ha&not;li&not;d\u0259n top&not;la&not;d\u0131&not;\u011f\u0131 v\u0259&not;sa&not;it&not;l\u0259r he&not;sa&not;b\u0131&not;na q\u0259&not;bi&not;ris&not;tan&not;l\u0131q&not;la&not;ra da bax&not;maq, ora&not;n\u0131 t\u0259&not;miz sax&not;la&not;maq m&uuml;m&not;k&uuml;n&not;d&uuml;r. Bu m\u0259&not;s\u0259&not;l\u0259&not;d\u0259 si&not;zin&not;l\u0259 h\u0259m&not;r\u0259&not;yik v\u0259 bi&not;rin&not;ci yox, b\u0259l&not;k\u0259 d\u0259 y&uuml;&not;z&uuml;n&not;c&uuml; d\u0259&not;f\u0259&not;dir bu m\u0259&not;s\u0259&not;l\u0259&not;nin m&uuml;zakir\u0259sini apar\u0131r\u0131q. D\u0259fn m\u0259&not;s\u0259&not;l\u0259&not;l\u0259&not;ri&not;nin t\u0259\u015f&not;ki&not;linin b\u0259&not;l\u0259&not;diy&not;y\u0259&not;l\u0259&not;rin s\u0259&not;la&not;hiy&not;y\u0259&not;ti&not;n\u0259 ve&not;ril&not;m\u0259sini is&not;t\u0259&not;yi&not;rik.&nbsp; \u018fg\u0259r bunu m&uuml;vafiq bir orqan\u0131n s\u0259lahiyy\u0259tin\u0259 verm\u0259s\u0259k, s&ouml;zs&uuml;z ki, bu problem el\u0259 problem olaraq da qalacaq&rdquo;.<\/p>\n<p>\u0130lahiyyat&ccedil;\u0131 El\u015fad Miri bildirdi ki, Pey\u011f\u0259mb\u0259rimizin h\u0259disl\u0259rind\u0259 t\u0259mizliyin iman\u0131n yar\u0131s\u0131 oldu\u011fu qeyd edilir: &ldquo;\u018fg\u0259r iman\u0131n yar\u0131s\u0131 t\u0259mizlikdirs\u0259, biz evd\u0259, i\u015fd\u0259, \u0259trafda, q\u0259biristanl\u0131qlara bel\u0259 bu t\u0259mizliy\u0259 fikir verm\u0259liyik. \u018fvv\u0259ll\u0259r insanlar &ouml;zl\u0259ri m\u0259zarlar\u0131n v\u0259 onlar\u0131n \u0259traf\u0131n\u0131n t\u0259mizliyin\u0259 diqq\u0259t ay\u0131r\u0131rd\u0131lar. Yaxud, insanlar &ouml;z cibl\u0259rind\u0259n m&uuml;\u0259yy\u0259n m\u0259bl\u0259\u011fd\u0259 pul ver\u0259r\u0259k vaxta\u015f\u0131r\u0131 q\u0259biristanl\u0131qlar\u0131n t\u0259mizliyin\u0259 n\u0259zar\u0259t ed\u0259c\u0259k bir \u015f\u0259xs t\u0259yin edirdil\u0259r. Bu g&uuml;n Bak\u0131 q\u0259biristanl\u0131qlar\u0131n\u0131n &ccedil;oxunda t\u0259mizlik aparan \u015f\u0259xsl\u0259r yoxdur. G&uuml;n&uuml;n m&uuml;\u0259yy\u0259n hiss\u0259sind\u0259 mollalar orda olur ki, onlar da pul qazanmaq &uuml;&ccedil;&uuml;n yax\u0131nlar\u0131na Quran oxutduracaq \u015f\u0259xsl\u0259ri g&ouml;zl\u0259yirl\u0259r&rdquo;.<\/p>\n<p>E.Miri onu da bildirdi ki, q\u0259biristanl\u0131qlar\u0131n t\u0259mizliyin\u0259 bir &ccedil;ox &ouml;lk\u0259l\u0259rd\u0259 b\u0259l\u0259diyy\u0259l\u0259r n\u0259zar\u0259t edir: &ldquo;Az\u0259rbaycanda b\u0259l\u0259diyy\u0259 institutu tam formala\u015fmad\u0131\u011f\u0131 &uuml;&ccedil;&uuml;n, yaxud insanlar\u0131n bu m\u0259s\u0259l\u0259d\u0259 inam\u0131 olmad\u0131\u011f\u0131na v\u0259 konkret olaraq Bak\u0131 \u015f\u0259h\u0259ri &uuml;zr\u0259 b\u0259l\u0259diyy\u0259 anlay\u0131\u015f\u0131 olmad\u0131\u011f\u0131na g&ouml;r\u0259 bu probleml\u0259r ya\u015fan\u0131r. B\u0259l\u0259diyy\u0259 v\u0259 q\u0259biristanl\u0131qlarla ba\u011fl\u0131 m\u0259s\u0259l\u0259 Milli M\u0259clisd\u0259 g&uuml;nd\u0259m\u0259 g\u0259tirils\u0259, bununla ba\u011fl\u0131 n\u0259s\u0259 m&uuml;sb\u0259t n\u0259tic\u0259 \u0259ld\u0259 etm\u0259k olar&rdquo;.<\/p>\n<p>Bak\u0131 \u015e\u0259h\u0259r M\u0259nzil Kommunal T\u0259s\u0259rr&uuml;fat\u0131 Departamentinin \u018fhaliy\u0259 V\u0259t\u0259nda\u015fl\u0131q Xidm\u0259ti Trestinin ba\u015f m&uuml;h\u0259ndisi Sabir H&uuml;seynov bildirdi ki, Bak\u0131 \u015f\u0259h\u0259rind\u0259ki q\u0259biristanl\u0131qlardan 32-si onlar\u0131n&nbsp; n\u0259zar\u0259tind\u0259dir: &ldquo;Biz q\u0259biristanl\u0131qlarda ara yollar\u0131n t\u0259mizliyin\u0259 n\u0259zar\u0259t edirik, q\u0259birl\u0259rin &uuml;st&uuml;n&uuml;n v\u0259 \u0259traf\u0131n\u0131n t\u0259mizl\u0259nm\u0259si is\u0259 biz\u0259 aid deyil. Q\u0259birl\u0259rin t\u0259mizl\u0259nm\u0259sin\u0259 birba\u015fa v\u0259t\u0259nda\u015f &ouml;z&uuml; cavabdehdir. V\u0259t\u0259nda\u015flara deyirik ki, q\u0259birin &uuml;st&uuml;nd\u0259 n\u0259 zibil varsa, g\u0259tirin ara yola qoyun, biz d\u0259 g&ouml;t&uuml;r\u0259k. Q\u0259biristanl\u0131qlar\u0131n &ccedil;oxu hasars\u0131zd\u0131r dey\u0259 buna n\u0259zar\u0259t etm\u0259k &ccedil;\u0259tindir. Bizd\u0259 n\u0259zar\u0259t ax\u015fam saat 5-6-ya q\u0259d\u0259r olur. N\u0259 hadis\u0259 olursa, \u0259sas\u0259n gec\u0259 saatlar\u0131nda ba\u015f verir. 8-ci kilometr q\u0259biristanl\u0131\u011f\u0131n\u0131n 64 giri\u015f qap\u0131s\u0131 var. Buna da n\u0259zar\u0259t etm\u0259k &ccedil;ox &ccedil;\u0259tin bir m\u0259s\u0259l\u0259dir&rdquo;.&nbsp;<\/p>\n<p>\n<strong>K&ouml;n&uuml;l \u018fhm\u0259dova<\/strong><\/p>\n","protected":false},"excerpt":{"rendered":"<p>\u0130lqar H&uuml;seynli: &ldquo;\u0130nsanlar yaln\u0131z &ouml;zl\u0259rinin d&uuml;nyadan k&ouml;&ccedil;m&uuml;\u015f&nbsp; yax\u0131n insanlar\u0131n\u0131n d\u0259fn olundu\u011fu yeri t\u0259mizl\u0259yir, abadla\u015fd\u0131r\u0131rlar&rdquo; Sabir H&uuml;seynov: &ldquo;Biz q\u0259biristanl\u0131qlarda ara yollar\u0131n t\u0259mizliyin\u0259 n\u0259zar\u0259t edirik, q\u0259birl\u0259rin &uuml;st&uuml;n&uuml;n v\u0259 \u0259traf\u0131n\u0131n t\u0259mizl\u0259nm\u0259si is\u0259 biz\u0259&hellip;<\/p>\n","protected":false},"author":1,"featured_media":251278,"comment_status":"open","ping_status":"open","sticky":false,"template":"","format":"standard","meta":{"_lmt_disableupdate":"","_lmt_disable":"","footnotes":""},"categories":[],"tags":[],"class_list":["post-57375","post","type-post","status-publish","format-standard","has-post-thumbnail","hentry"],"_links":{"self":[{"href":"https:\/\/ucnoqta.az\/index.php?rest_route=\/wp\/v2\/posts\/57375","targetHints":{"allow":["GET"]}}],"collection":[{"href":"https:\/\/ucnoqta.az\/index.php?rest_route=\/wp\/v2\/posts"}],"about":[{"href":"https:\/\/ucnoqta.az\/index.php?rest_route=\/wp\/v2\/types\/post"}],"author":[{"embeddable":true,"href":"https:\/\/ucnoqta.az\/index.php?rest_route=\/wp\/v2\/users\/1"}],"replies":[{"embeddable":true,"href":"https:\/\/ucnoqta.az\/index.php?rest_route=%2Fwp%2Fv2%2Fcomments&post=57375"}],"version-history":[{"count":0,"href":"https:\/\/ucnoqta.az\/index.php?rest_route=\/wp\/v2\/posts\/57375\/revisions"}],"wp:featuredmedia":[{"embeddable":true,"href":"https:\/\/ucnoqta.az\/index.php?rest_route=\/wp\/v2\/media\/251278"}],"wp:attachment":[{"href":"https:\/\/ucnoqta.az\/index.php?rest_route=%2Fwp%2Fv2%2Fmedia&parent=57375"}],"wp:term":[{"taxonomy":"category","embeddable":true,"href":"https:\/\/ucnoqta.az\/index.php?rest_route=%2Fwp%2Fv2%2Fcategories&post=57375"},{"taxonomy":"post_tag","embeddable":true,"href":"https:\/\/ucnoqta.az\/index.php?rest_route=%2Fwp%2Fv2%2Ftags&post=57375"}],"curies":[{"name":"wp","href":"https:\/\/api.w.org\/{rel}","templated":true}]}}