{"id":57374,"date":"2018-01-23T16:21:53","date_gmt":"2018-01-23T12:21:53","guid":{"rendered":""},"modified":"-0001-11-30T00:00:00","modified_gmt":"-0001-11-29T20:00:00","slug":"","status":"publish","type":"post","link":"https:\/\/ucnoqta.az\/?p=57374","title":{"rendered":"&#8220;Zeytun buda\u011f\u0131&#8221; T\u00fcrkiy\u0259d\u0259 aviareysl\u0259r\u0259 t\u0259sir g\u00f6st\u0259r\u0259c\u0259kmi? &#8211; <font color=red><b>A\u00e7\u0131qlama<\/b><\/font>"},"content":{"rendered":"<p><strong>Suriyan\u0131n Afrin \u015f\u0259h\u0259rinin PYD v\u0259 YPG terror t\u0259\u015fkilatlar\u0131ndan azad olunmas\u0131 m\u0259qs\u0259dil\u0259 apar\u0131lan &quot;Zeytun buda\u011f\u0131&quot; h\u0259rbi \u0259m\u0259liyyat\u0131 T&uuml;rkiy\u0259 m&uuml;lki aviasiyas\u0131n\u0131n f\u0259aliyy\u0259tin\u0259 t\u0259sir g&ouml;st\u0259rm\u0259y\u0259c\u0259k.<\/strong><br \/>\n&nbsp;<\/p>\n<p>&quot;Ucnoqta.az&quot; x\u0259b\u0259r verir ki, bu bar\u0259d\u0259 &ouml;z\u0259l olaraq Trend-\u0259 T&uuml;rkiy\u0259nin N\u0259qliyyat, G\u0259mi&ccedil;ilik v\u0259 Kommunikasiya Nazirliyind\u0259n bildirilib.<br \/>\n&nbsp;<\/p>\n<p>Nazirlikd\u0259n deyilib ki, Suriyan\u0131n \u015fimal\u0131nda apar\u0131lan \u0259m\u0259liyyatlar T&uuml;rkiy\u0259nin s\u0259rh\u0259dyan\u0131 vilay\u0259tl\u0259rin\u0259 h\u0259yata ke&ccedil;iril\u0259n u&ccedil;u\u015flar\u0131n l\u0259ngim\u0259sin\u0259 s\u0259b\u0259b olmayacaq.<br \/>\n&nbsp;<\/p>\n<p>Qeyd ed\u0259k ki, bundan \u0259vv\u0259l b\u0259zi yerli K\u0130V-l\u0259r h\u0259rbi \u0259m\u0259liyyatlar s\u0259b\u0259bind\u0259n t\u0259hl&uuml;k\u0259sizlik m\u0259qs\u0259dil\u0259 s\u0259rh\u0259dyan\u0131 vilay\u0259tl\u0259r\u0259 bir s\u0131ra daxili aviareysl\u0259rin l\u0259\u011fv edil\u0259c\u0259yini yazm\u0131\u015fd\u0131.<br \/>\n&nbsp;<\/p>\n<p>Xat\u0131rladaq ki, yanvar\u0131n 20-d\u0259 T&uuml;rkiy\u0259 Silahl\u0131 Q&uuml;vv\u0259l\u0259ri Suriyan\u0131n Afrin \u015f\u0259h\u0259rind\u0259 PYD v\u0259 YPG terror&ccedil;ular\u0131na qar\u015f\u0131 \u0259m\u0259liyyata ba\u015flay\u0131b. &quot;Zeytun buda\u011f\u0131&quot; ad\u0131 alt\u0131nda ke&ccedil;iril\u0259n \u0259m\u0259liyyatlara T&uuml;rkiy\u0259 H\u0259rbi Hava Q&uuml;vv\u0259l\u0259rinin &quot;F-16&quot; t\u0259yyar\u0259l\u0259ri d\u0259 c\u0259lb olunub.<\/p>\n","protected":false},"excerpt":{"rendered":"<p>Suriyan\u0131n Afrin \u015f\u0259h\u0259rinin PYD v\u0259 YPG terror t\u0259\u015fkilatlar\u0131ndan azad olunmas\u0131 m\u0259qs\u0259dil\u0259 apar\u0131lan &quot;Zeytun buda\u011f\u0131&quot; h\u0259rbi \u0259m\u0259liyyat\u0131 T&uuml;rkiy\u0259 m&uuml;lki aviasiyas\u0131n\u0131n f\u0259aliyy\u0259tin\u0259 t\u0259sir g&ouml;st\u0259rm\u0259y\u0259c\u0259k. &nbsp; &quot;Ucnoqta.az&quot; x\u0259b\u0259r verir ki, bu bar\u0259d\u0259 &ouml;z\u0259l&hellip;<\/p>\n","protected":false},"author":1,"featured_media":251278,"comment_status":"open","ping_status":"open","sticky":false,"template":"","format":"standard","meta":{"_lmt_disableupdate":"","_lmt_disable":"","footnotes":""},"categories":[89],"tags":[],"class_list":["post-57374","post","type-post","status-publish","format-standard","has-post-thumbnail","hentry","category-dunya-butun-xeberler"],"_links":{"self":[{"href":"https:\/\/ucnoqta.az\/index.php?rest_route=\/wp\/v2\/posts\/57374","targetHints":{"allow":["GET"]}}],"collection":[{"href":"https:\/\/ucnoqta.az\/index.php?rest_route=\/wp\/v2\/posts"}],"about":[{"href":"https:\/\/ucnoqta.az\/index.php?rest_route=\/wp\/v2\/types\/post"}],"author":[{"embeddable":true,"href":"https:\/\/ucnoqta.az\/index.php?rest_route=\/wp\/v2\/users\/1"}],"replies":[{"embeddable":true,"href":"https:\/\/ucnoqta.az\/index.php?rest_route=%2Fwp%2Fv2%2Fcomments&post=57374"}],"version-history":[{"count":0,"href":"https:\/\/ucnoqta.az\/index.php?rest_route=\/wp\/v2\/posts\/57374\/revisions"}],"wp:featuredmedia":[{"embeddable":true,"href":"https:\/\/ucnoqta.az\/index.php?rest_route=\/wp\/v2\/media\/251278"}],"wp:attachment":[{"href":"https:\/\/ucnoqta.az\/index.php?rest_route=%2Fwp%2Fv2%2Fmedia&parent=57374"}],"wp:term":[{"taxonomy":"category","embeddable":true,"href":"https:\/\/ucnoqta.az\/index.php?rest_route=%2Fwp%2Fv2%2Fcategories&post=57374"},{"taxonomy":"post_tag","embeddable":true,"href":"https:\/\/ucnoqta.az\/index.php?rest_route=%2Fwp%2Fv2%2Ftags&post=57374"}],"curies":[{"name":"wp","href":"https:\/\/api.w.org\/{rel}","templated":true}]}}