{"id":57370,"date":"2018-01-23T16:03:38","date_gmt":"2018-01-23T12:03:38","guid":{"rendered":""},"modified":"-0001-11-30T00:00:00","modified_gmt":"-0001-11-29T20:00:00","slug":"","status":"publish","type":"post","link":"https:\/\/ucnoqta.az\/?p=57370","title":{"rendered":"Zakir H\u0259s\u0259nov \u201cAli zabit\u201d medal\u0131 il\u0259 t\u0259ltif edildi- <font color=red><b>Foto<\/b><\/font>"},"content":{"rendered":"<p><strong>Yanvar\u0131n 23-d\u0259 Az\u0259rbaycan Respublikas\u0131n\u0131n M&uuml;dafi\u0259 naziri general-polkovnik Zakir H\u0259s\u0259nov &ouml;lk\u0259mizd\u0259 i\u015fg&uuml;zar s\u0259f\u0259rd\u0259 olan Beyn\u0259lxalq H\u0259rbi \u0130dman \u015euras\u0131n\u0131n (CISM) prezidenti polkovnik Abdulhakim Mohamed \u0130sa Al\u015fanunun r\u0259hb\u0259rlik etdiyi n&uuml;may\u0259nd\u0259 hey\u0259ti il\u0259 g&ouml;r&uuml;\u015f&uuml;b.<\/strong><\/p>\n<p>Ucnoqta.az M&uuml;dafi\u0259 Nazirliyin\u0259 istinad\u0259n x\u0259b\u0259r verir ki, g&ouml;r&uuml;\u015fd\u0259 b&uuml;t&uuml;n istiqam\u0259tl\u0259rd\u0259 oldu\u011fu kimi idman sah\u0259sind\u0259 d\u0259 &ouml;lk\u0259mizin b&ouml;y&uuml;k nailiyy\u0259tl\u0259r qazand\u0131\u011f\u0131n\u0131 dey\u0259n M&uuml;dafi\u0259 naziri vur\u011fulay\u0131b ki, Prezident, Ali Ba\u015f Komandan \u0130lham \u018fliyevin v\u0259 Birinci vitse-prezident Mehriban xan\u0131m \u018fliyevan\u0131n s\u0259yl\u0259ri n\u0259tic\u0259sind\u0259 bu g&uuml;n Az\u0259rbaycan d&uuml;nyada idman d&ouml;vl\u0259ti kimi tan\u0131n\u0131r. Az\u0259rbaycanda idman\u0131n inki\u015faf\u0131 dinamik xarakter da\u015f\u0131y\u0131r v\u0259 &ouml;lk\u0259nin ictimai h\u0259yat\u0131nda m&uuml;h&uuml;m rol oynay\u0131r. Son ill\u0259rd\u0259 t\u0259kc\u0259 Bak\u0131da deyil, respublikam\u0131z\u0131n b&uuml;t&uuml;n b&ouml;lg\u0259l\u0259rind\u0259 d\u0259 idman kompleksl\u0259ri tikilib.<\/p>\n<p>&Ouml;lk\u0259mizin t\u0259kc\u0259 idman sah\u0259sind\u0259ki u\u011furlar\u0131 il\u0259 deyil, h\u0259m d\u0259 m&uuml;h&uuml;m beyn\u0259lxalq yar\u0131\u015flar\u0131n t\u0259\u015fkilind\u0259 nailiyy\u0259tl\u0259ri il\u0259 d&uuml;nyada tan\u0131nd\u0131\u011f\u0131n\u0131 dey\u0259n nazir qeyd edib ki,&nbsp; bir s\u0131ra m&ouml;t\u0259b\u0259r beyn\u0259lxalq idman qurumlar\u0131 d&uuml;nya s\u0259viyy\u0259li yar\u0131\u015flar\u0131n Az\u0259rbaycanda&nbsp; ke&ccedil;irilm\u0259sin\u0259 t\u0259r\u0259dd&uuml;ds&uuml;z raz\u0131l\u0131q verirl\u0259r. Art\u0131q Az\u0259rbaycanda ke&ccedil;iril\u0259n beyn\u0259lxalq idman yar\u0131\u015flar\u0131 silsil\u0259 xaraktetri da\u015f\u0131y\u0131r.<br \/>\n&Ouml;lk\u0259mizin CISM il\u0259 \u0259m\u0259kda\u015fl\u0131qda maraql\u0131 oldu\u011funu vur\u011fulayan M&uuml;dafi\u0259 naziri n&uuml;m\u0259y\u0259nd\u0259 hey\u0259tinin bu s\u0259f\u0259rinin orduda idman\u0131n inki\u015faf\u0131na m&uuml;h&uuml;m t\u0259kan ver\u0259c\u0259yin\u0259 \u0259minliyini bildirib.<br \/>\nCISM-in prezidenti d\u0259 &ouml;z n&ouml;vb\u0259sind\u0259 bu g&uuml;n Az\u0259rbaycan\u0131n d&uuml;nyada h\u0259m d\u0259 idman d&ouml;vl\u0259ti kimi tan\u0131nd\u0131\u011f\u0131n\u0131 x&uuml;susi qeyd edib. Az\u0259rbaycan\u0131n h\u0259r zaman CISM-\u0259 b&ouml;y&uuml;k d\u0259st\u0259k verdiyini vur\u011fulayan qonaq bildirib: &ldquo;Biz \u0259minik ki, Az\u0259rbaycan il\u0259 \u015eura aras\u0131nda olan s\u0259mimi m&uuml;nasib\u0259tl\u0259r bundan sonra da davam ed\u0259c\u0259kdir&rdquo;.<br \/>\nM&uuml;xt\u0259lif ill\u0259rd\u0259 Az\u0259rbaycanda h\u0259rb&ccedil;il\u0259r aras\u0131nda idman\u0131n bir &ccedil;ox n&ouml;vl\u0259ri &uuml;zr\u0259&nbsp; 4 d\u0259f\u0259 d&uuml;nya &ccedil;empionatlar\u0131n\u0131n ke&ccedil;irildiyini xat\u0131rladan CISM prezidenti &ouml;lk\u0259mizin bu sah\u0259d\u0259 b&ouml;y&uuml;k t\u0259cr&uuml;b\u0259y\u0259 malik oldu\u011funu vur\u011fulay\u0131b.<br \/>\nG&ouml;r&uuml;\u015fd\u0259 Az\u0259rbaycan\u0131n m&uuml;vafiq qurumlar\u0131 il\u0259 CISM aras\u0131nda \u0259m\u0259kda\u015fl\u0131\u011f\u0131n daha da geni\u015fl\u0259ndirilm\u0259si il\u0259 ba\u011fl\u0131 m\u0259s\u0259l\u0259l\u0259r\u0259 dair fikir m&uuml;badil\u0259si apar\u0131l\u0131b.<br \/>\nSonda Beyn\u0259lxalq H\u0259rbi \u0130dman \u015euras\u0131 t\u0259r\u0259find\u0259n t\u0259sis edilmi\u015f &ldquo;Ali zabit&rdquo; medal\u0131 M&uuml;dafi\u0259 naziri general-polkovnik Zakir H\u0259s\u0259nova, &ldquo;Zabit&rdquo; medal\u0131 is\u0259 M&uuml;dafi\u0259 nazirinin birinci m&uuml;avini &#8211; Silahl\u0131 Q&uuml;vv\u0259l\u0259rin Ba\u015f Q\u0259rargah r\u0259isi general-polkovnik N\u0259cm\u0259ddin Sad\u0131kova t\u0259qdim edilib.<\/p>\n","protected":false},"excerpt":{"rendered":"<p>Yanvar\u0131n 23-d\u0259 Az\u0259rbaycan Respublikas\u0131n\u0131n M&uuml;dafi\u0259 naziri general-polkovnik Zakir H\u0259s\u0259nov &ouml;lk\u0259mizd\u0259 i\u015fg&uuml;zar s\u0259f\u0259rd\u0259 olan Beyn\u0259lxalq H\u0259rbi \u0130dman \u015euras\u0131n\u0131n (CISM) prezidenti polkovnik Abdulhakim Mohamed \u0130sa Al\u015fanunun r\u0259hb\u0259rlik etdiyi n&uuml;may\u0259nd\u0259 hey\u0259ti il\u0259 g&ouml;r&uuml;\u015f&uuml;b.&hellip;<\/p>\n","protected":false},"author":1,"featured_media":251278,"comment_status":"open","ping_status":"open","sticky":false,"template":"","format":"standard","meta":{"_lmt_disableupdate":"","_lmt_disable":"","footnotes":""},"categories":[],"tags":[],"class_list":["post-57370","post","type-post","status-publish","format-standard","has-post-thumbnail","hentry"],"_links":{"self":[{"href":"https:\/\/ucnoqta.az\/index.php?rest_route=\/wp\/v2\/posts\/57370","targetHints":{"allow":["GET"]}}],"collection":[{"href":"https:\/\/ucnoqta.az\/index.php?rest_route=\/wp\/v2\/posts"}],"about":[{"href":"https:\/\/ucnoqta.az\/index.php?rest_route=\/wp\/v2\/types\/post"}],"author":[{"embeddable":true,"href":"https:\/\/ucnoqta.az\/index.php?rest_route=\/wp\/v2\/users\/1"}],"replies":[{"embeddable":true,"href":"https:\/\/ucnoqta.az\/index.php?rest_route=%2Fwp%2Fv2%2Fcomments&post=57370"}],"version-history":[{"count":0,"href":"https:\/\/ucnoqta.az\/index.php?rest_route=\/wp\/v2\/posts\/57370\/revisions"}],"wp:featuredmedia":[{"embeddable":true,"href":"https:\/\/ucnoqta.az\/index.php?rest_route=\/wp\/v2\/media\/251278"}],"wp:attachment":[{"href":"https:\/\/ucnoqta.az\/index.php?rest_route=%2Fwp%2Fv2%2Fmedia&parent=57370"}],"wp:term":[{"taxonomy":"category","embeddable":true,"href":"https:\/\/ucnoqta.az\/index.php?rest_route=%2Fwp%2Fv2%2Fcategories&post=57370"},{"taxonomy":"post_tag","embeddable":true,"href":"https:\/\/ucnoqta.az\/index.php?rest_route=%2Fwp%2Fv2%2Ftags&post=57370"}],"curies":[{"name":"wp","href":"https:\/\/api.w.org\/{rel}","templated":true}]}}