{"id":57368,"date":"2018-01-23T15:51:03","date_gmt":"2018-01-23T11:51:03","guid":{"rendered":""},"modified":"-0001-11-30T00:00:00","modified_gmt":"-0001-11-29T20:00:00","slug":"","status":"publish","type":"post","link":"https:\/\/ucnoqta.az\/?p=57368","title":{"rendered":"\u201cPrezidentin Davosda 30-a yax\u0131n g\u00f6r\u00fc\u015f\u00fc planla\u015fd\u0131r\u0131l\u0131b\u201d \u2014 <font color=red><b>A\u00c7IQLAMA<\/b><\/font>"},"content":{"rendered":"<p><strong>Az\u0259rbaycan Prezidentinin Xarici siyas\u0259t m\u0259s\u0259l\u0259l\u0259ri &uuml;zr\u0259 k&ouml;m\u0259k&ccedil;isi, Prezident Administrasiyas\u0131n\u0131n Xarici siyas\u0259t m\u0259s\u0259l\u0259l\u0259ri \u015f&ouml;b\u0259sinin m&uuml;diri Novruz M\u0259mm\u0259dov Prezident \u0130lham \u018fliyevin Davos Forumunda i\u015ftirak\u0131n\u0131 v\u0259 ke&ccedil;irdiyi g&ouml;r&uuml;\u015fl\u0259ri \u015f\u0259rh edib.<\/strong><\/p>\n<p>&quot;Ucnoqta.az&quot; &ldquo;&Ouml;lk\u0259.Az&rdquo;-a istinad\u0259n x\u0259b\u0259r verir ki, N.M\u0259mm\u0259dov bildirib ki, Davos Forumu x&uuml;susil\u0259 problemli v\u0259 par&ccedil;alanm\u0131\u015f d&uuml;nyan\u0131 qar\u015f\u0131l\u0131ql\u0131 anla\u015fmaya v\u0259 \u0259m\u0259kda\u015fl\u0131\u011fa &ccedil;a\u011f\u0131r\u0131r:<br \/>\n&nbsp;<\/p>\n<p>&ldquo;Davos \u0130qtisadi Forumu d&uuml;n\u0259nd\u0259n i\u015f\u0259 ba\u015flad\u0131. Davos Forumunda 70-d\u0259n art\u0131q d&ouml;vl\u0259t v\u0259 h&ouml;kum\u0259t ba\u015f&ccedil;\u0131s\u0131n\u0131n i\u015ftirak\u0131 g&ouml;zl\u0259nilir. 100-d\u0259n art\u0131q &ouml;lk\u0259d\u0259n 3 min\u0259 yax\u0131n n&uuml;may\u0259nd\u0259 Davos Forumuna qat\u0131l\u0131b. D&ouml;vl\u0259timizin ba\u015f&ccedil;\u0131s\u0131 Prezident \u0130lham \u018fliyev g&ouml;r&uuml;\u015fl\u0259r\u0259 ba\u015flay\u0131b. Prezidentimizin 30-a yax\u0131n g&ouml;r&uuml;\u015f&uuml; v\u0259 panel iclaslarda i\u015ftirak\u0131 planla\u015fd\u0131r\u0131l\u0131b. X&uuml;susil\u0259, iqtisadi \u0259m\u0259kda\u015fl\u0131q \u0259laq\u0259l\u0259rimizin geni\u015fl\u0259nm\u0259sin\u0259 y&ouml;n\u0259lmi\u015f g&ouml;r&uuml;\u015fl\u0259r prezidentl\u0259r, h&ouml;kum\u0259t ba\u015f&ccedil;\u0131lar\u0131 v\u0259 d&uuml;nyan\u0131n \u0259n b&ouml;y&uuml;k \u015firk\u0259tl\u0259rinin r\u0259hb\u0259rl\u0259ri il\u0259 olacaq&rdquo;.<\/p>\n","protected":false},"excerpt":{"rendered":"<p>Az\u0259rbaycan Prezidentinin Xarici siyas\u0259t m\u0259s\u0259l\u0259l\u0259ri &uuml;zr\u0259 k&ouml;m\u0259k&ccedil;isi, Prezident Administrasiyas\u0131n\u0131n Xarici siyas\u0259t m\u0259s\u0259l\u0259l\u0259ri \u015f&ouml;b\u0259sinin m&uuml;diri Novruz M\u0259mm\u0259dov Prezident \u0130lham \u018fliyevin Davos Forumunda i\u015ftirak\u0131n\u0131 v\u0259 ke&ccedil;irdiyi g&ouml;r&uuml;\u015fl\u0259ri \u015f\u0259rh edib. &quot;Ucnoqta.az&quot; &ldquo;&Ouml;lk\u0259.Az&rdquo;-a istinad\u0259n&hellip;<\/p>\n","protected":false},"author":1,"featured_media":251278,"comment_status":"open","ping_status":"open","sticky":false,"template":"","format":"standard","meta":{"_lmt_disableupdate":"","_lmt_disable":"","footnotes":""},"categories":[],"tags":[],"class_list":["post-57368","post","type-post","status-publish","format-standard","has-post-thumbnail","hentry"],"_links":{"self":[{"href":"https:\/\/ucnoqta.az\/index.php?rest_route=\/wp\/v2\/posts\/57368","targetHints":{"allow":["GET"]}}],"collection":[{"href":"https:\/\/ucnoqta.az\/index.php?rest_route=\/wp\/v2\/posts"}],"about":[{"href":"https:\/\/ucnoqta.az\/index.php?rest_route=\/wp\/v2\/types\/post"}],"author":[{"embeddable":true,"href":"https:\/\/ucnoqta.az\/index.php?rest_route=\/wp\/v2\/users\/1"}],"replies":[{"embeddable":true,"href":"https:\/\/ucnoqta.az\/index.php?rest_route=%2Fwp%2Fv2%2Fcomments&post=57368"}],"version-history":[{"count":0,"href":"https:\/\/ucnoqta.az\/index.php?rest_route=\/wp\/v2\/posts\/57368\/revisions"}],"wp:featuredmedia":[{"embeddable":true,"href":"https:\/\/ucnoqta.az\/index.php?rest_route=\/wp\/v2\/media\/251278"}],"wp:attachment":[{"href":"https:\/\/ucnoqta.az\/index.php?rest_route=%2Fwp%2Fv2%2Fmedia&parent=57368"}],"wp:term":[{"taxonomy":"category","embeddable":true,"href":"https:\/\/ucnoqta.az\/index.php?rest_route=%2Fwp%2Fv2%2Fcategories&post=57368"},{"taxonomy":"post_tag","embeddable":true,"href":"https:\/\/ucnoqta.az\/index.php?rest_route=%2Fwp%2Fv2%2Ftags&post=57368"}],"curies":[{"name":"wp","href":"https:\/\/api.w.org\/{rel}","templated":true}]}}